{"id":107886,"date":"2025-09-02T22:05:11","date_gmt":"2025-09-03T04:05:11","guid":{"rendered":"https:\/\/amanecerhuasteco.com\/portal\/?p=107886"},"modified":"2025-09-03T15:51:44","modified_gmt":"2025-09-03T21:51:44","slug":"entre-columnas-676","status":"publish","type":"post","link":"https:\/\/amanecerhuasteco.com\/portal\/entre-columnas-676\/","title":{"rendered":"ENTRE COLUMNAS"},"content":{"rendered":"\n<h1 class=\"wp-block-heading\">&nbsp;<\/h1>\n\n\n\n<p><strong>CUMPLE&nbsp; SU PALABRA&nbsp; GALINDO; MORIRA&nbsp; SIENDO PRIISTA<\/strong><\/p>\n\n\n\n<p><strong>Lo&nbsp;&nbsp; dijo en&nbsp; \u201cLa&nbsp; Puerta Grande de la Huasteca\u201d, Enrique&nbsp; Galindo&nbsp; Ceballos&nbsp; dijo textualmente &nbsp;\u201cme&nbsp; morir\u00e9&nbsp; siendo priista\u201d&nbsp; respuesta&nbsp; que dio&nbsp; a los medios informativos&nbsp; en entrevista&nbsp; tras de su reciente&nbsp; expulsi\u00f3n de las filas&nbsp; del RIP promovido por la&nbsp; nueva&nbsp; dirigencia&nbsp; del tricolor&nbsp; en el estado, sin embargo su inconformidad&nbsp; ante los Tribuales electorales&nbsp;&nbsp; prosper\u00f3&nbsp; y seguramente&nbsp; ser\u00e1&nbsp; incorporado a &nbsp;los tricolores&nbsp; y sus proyecto&nbsp; ahora avanza&nbsp; hacia su objetivo del&nbsp; 2027.<\/strong><\/p>\n\n\n\n<p><strong>* Magistrados de la Sala Regional Monterrey restituyen la militancia del edil potosino, al reconocer que se violaron sus derechos pol\u00edtico-electorales<\/strong><\/p>\n\n\n\n<p>En resoluci\u00f3n del Tribunal Electoral del Poder Judicial de la Federaci\u00f3n, Sala Regional Monterrey, anul\u00f3 la expulsi\u00f3n del alcalde capitalino Enrique Galindo Ceballos del Partido Revolucionario Institucional.<\/p>\n\n\n\n<p>El&nbsp;&nbsp; Tribunal determin\u00f3 que el edil no fue debidamente notificado del procedimiento que de su expulsi\u00f3n, lo que represent\u00f3 una violaci\u00f3n a sus derechos de militante y a sus garant\u00edas pol\u00edtico-electorales.<\/p>\n\n\n\n<p>En esas&nbsp; condiciones&nbsp; &nbsp;la dirigencia nacional del tricolor qued\u00f3 sin sustento en su intento por expulsarlo, restituyendo de inmediato su militancia.<\/p>\n\n\n\n<p>Este paso significa un triunfo para Galindo, no descarta que la dirigencia del PRI, encabezada en el estado por Sara Rocha Medina, reinicie el procedimiento cumpliendo esta vez con las formalidades legales.<\/p>\n\n\n\n<p>&nbsp;&nbsp;&nbsp;&nbsp;&nbsp; LA&nbsp; GANONA&nbsp; ES&nbsp; SARA ROCHA.<\/p>\n\n\n\n<p>Se recordara que&nbsp; por irregularidades&nbsp; denunciadas&nbsp; en&nbsp; la elecci\u00f3n de la dirigente estatal Sara Rocha Medina&nbsp; tambi\u00e9n fue desconocida por las&nbsp; autoridades electorales, resulta que, la Sala Regional Monterrey tambi\u00e9n valid\u00f3 la presidencia estatal del PRI a cargo de Sara Rocha,<\/p>\n\n\n\n<p>Con esta determinaci\u00f3n, Enrique Galindo tiene sus derechos partidistas &nbsp;mientras la pugna con la dirigencia priista contin\u00faa.<\/p>\n\n\n\n<p>+++++++++++++<\/p>\n\n\n\n<p>RENUNCIAS&nbsp; Y DESPIDOS&nbsp;&nbsp; EN EL AYUNTAMIENTO;&nbsp; TIPICO.<\/p>\n\n\n\n<p>Un trabajador&nbsp; de&nbsp; la&nbsp; reci\u00e9n fusionada Direcci\u00f3n de comunicaci\u00f3n a la Oficial\u00eda Mayor &nbsp;renuncio&nbsp; seg\u00fan trascendi\u00f3 por diferencia&nbsp; CON UN JEFE &nbsp;&nbsp;de&nbsp; un medio informativo local y la&nbsp; grilla&nbsp; imperante en esa&nbsp; oficina municipal.<\/p>\n\n\n\n<p>El trabajador del medio de comunicaci\u00f3n.<\/p>\n\n\n\n<p>El\u00edas G., hasta la semana pasada ten\u00eda un cargo en la direcci\u00f3n de Comunicaci\u00f3n Social pero tuvo una serie de desencuentros&nbsp; &nbsp;en redes sociales con un medio de la localidad al&nbsp; grado que present\u00f3 su renuncia, de acuerdo con informes de la directora de Recursos Humanos del Ayuntamiento, Smirna de la Garza Baldelamar.<\/p>\n\n\n\n<p>Tambi\u00e9n hubo otras&nbsp; tres&nbsp; renuncias&nbsp; &nbsp;en el Ayuntamiento, dos polic\u00edas tramitaron su renuncia a la corporaci\u00f3n &nbsp;Municipal.<\/p>\n\n\n\n<p><strong>++++++++++++++++<\/strong><\/p>\n\n\n\n<p><strong>P r e&nbsp; s t a m o s<\/strong><\/p>\n\n\n\n<p><strong>de&nbsp; dinero inmediatos a pensionados<\/strong><\/p>\n\n\n\n<h2 class=\"wp-block-heading\">CFE, ISSSTE.FFCC, SCT, PEMEX,<\/h2>\n\n\n\n<h2 class=\"wp-block-heading\">ACTIVOS Y JUBILADOS&nbsp; IMSS<\/h2>\n\n\n\n<h1 class=\"wp-block-heading\">SIN AFECTAR TARJETON.<\/h1>\n\n\n\n<h2 class=\"wp-block-heading\">Ll\u00e1menos las 24 hrs del d\u00eda<\/h2>\n\n\n\n<h1 class=\"wp-block-heading\">LLAMENOS 4811039565<\/h1>\n\n\n\n<h1 class=\"wp-block-heading\">CREDITO<\/h1>\n\n\n\n<h1 class=\"wp-block-heading\">&nbsp;INMEDIATO \u2013<\/h1>\n\n\n\n<p><strong>++++++++++<\/strong><\/p>\n\n\n\n<p>MAS&nbsp; DEUDAS PARA&nbsp; EL AYUNTAMIE TO DE VALLES.<\/p>\n\n\n\n<p>&nbsp;Ahora resulta que&nbsp; la operaci\u00f3n&nbsp; de la red de parqu\u00edmetros&nbsp; e la zona centro de la urbe Huasteca, en&nbsp; lugar de generar&nbsp; utilidades&nbsp; al municipio a trav\u00e9s de la&nbsp; supuesta concesi\u00f3n a la empresa&nbsp; Iberparkig, ahora &nbsp;el Ayuntamiento de Valles&nbsp;&nbsp; acepta&nbsp; su adeudo&nbsp; de&nbsp; 1.2&nbsp; millones de pesos&nbsp; (no ser\u00e1 2 millones, la empresa se compadeci\u00f3) y como informamos, los parqu\u00edmetros&nbsp; vuelven al control administrativo del municipio.<\/p>\n\n\n\n<p>La&nbsp; ciudadan\u00eda y&nbsp; usuarios&nbsp; de los parqu\u00edmetros&nbsp;&nbsp; en los \u00faltimos a\u00f1os ha expresado que la funcionalidad&nbsp; y beneficios&nbsp; que&nbsp; habr\u00eda te\u00f1ido la red de aparatos para el cobro de&nbsp; estacionamientos p\u00fablicos&nbsp; generando un ingreso al municipio, es&nbsp; totalmente obsoleto y conflictivo, sin embargo&nbsp; el gobierno municipal de Valles acept\u00f3 pagar&nbsp; una renta de casi 300 mil pesos mensuales a la empresa &nbsp;y 1.2 millones de pesos qued\u00f3 la deuda del Municipio con Iberparking supuestamente por no&nbsp; dar mantenimiento a&nbsp; los aparatos&nbsp;&nbsp; ahora &nbsp;da\u00f1ados, el Gobierno municipal se har\u00e1 cargo de la operatividad de todo el equipo incluyendo el personal<\/p>\n\n\n\n<p>El acuerdo&nbsp; indica que el Ayuntamiento operara &nbsp;los aparatos, incluidos los trabajadores a la n\u00f3mina, siendo nombrado director operativo Joaqu\u00edn Pozos colaborador personal del alcalde.<\/p>\n\n\n\n<p>&nbsp;En&nbsp; cuanto a los&nbsp; 8 meses&nbsp; que&nbsp; la&nbsp; empresa&nbsp;&nbsp; explot\u00f3 la&nbsp; supuesta concesi\u00f3n fue en completa a irregularidad, ninguna&nbsp; explicaci\u00f3n de &nbsp;los&nbsp; regidores o del mun\u00edcipe. Aqu\u00ed no paso nada.<\/p>\n\n\n\n<p>++++++++++++++<\/p>\n\n\n\n<p>AGRICULTORES&nbsp; NYLON REMATAN EL FERTILIZANTE&nbsp; REGALADO POR LA&nbsp; FEDERACION<\/p>\n\n\n\n<p>Ha sido una pr\u00e1ctica com\u00fan&nbsp; de&nbsp; agricultores (campesinos ejidatarios) recibir&nbsp; apoyos&nbsp; econ\u00f3micos e insumos&nbsp; de los tres&nbsp; niveles de gobierno, sin embargo quienes&nbsp; aprovecha&nbsp;&nbsp; estos programas son&nbsp; acaparadores&nbsp;&nbsp; que &nbsp;compran a precio rid\u00edculo&nbsp; los productores&nbsp; que&nbsp; de manera irresponsable&nbsp; los beneficiarios&nbsp; venden, tal es el caso&nbsp; de&nbsp; los m\u00e1s recientes&nbsp; insumos&nbsp; entregados por el Programa de fertilizantes&nbsp; gratuitos.<\/p>\n\n\n\n<p>&nbsp;P\u00fablicamente en redes sociales de internet&nbsp; como algunos &nbsp;&nbsp;agricultores&nbsp; Nylon beneficiarios del programa de fertilizantes del Gobierno federal oferta el producto &nbsp;recibido de parte de la Secretar\u00eda de Agricultura.<\/p>\n\n\n\n<p>Cabe&nbsp; se\u00f1alar que los fertilizantes gratuitos corresponden a programa federal tendiente a&nbsp; incentivar a los campesinos a la producci\u00f3n de granos en el campo, pero&nbsp; en la denuncia p\u00fablica&nbsp; luego de recibir el producto, lo rematan a precios de ganga, aclarando que a trav\u00e9s de la Sader entrega el equivalente a 600 kilogramos de fertilizante, con un costo en el mercado de 18 mil &nbsp;pesos a beneficiarios registrados en el programa, seg\u00fan la dependencia &nbsp;en Valles son tres mil 304 agricultores, la&nbsp; representaci\u00f3n de la&nbsp; Sedar&nbsp; tiene conocimiento de esta&nbsp; situaci\u00f3n irregular.<\/p>\n\n\n\n<p>Lo&nbsp; mismo ocurre&nbsp; cuando el municipio entrega&nbsp; alambre, laminas y otros&nbsp; materiales subsidiados.<\/p>\n\n\n\n<p><strong>+++++++++++++<\/strong><strong><\/strong><\/p>\n\n\n\n<p><strong>&nbsp;\u201cFINCA&nbsp; SAN ISIDRO\u201d <\/strong><strong><\/strong><\/p>\n\n\n\n<h2 class=\"wp-block-heading\">Sal\u00f3n para fiestas de todo tipo.<\/h2>\n\n\n\n<h2 class=\"wp-block-heading\">Carretera Valles \u2013 R\u00edo Verde Km.8<\/h2>\n\n\n\n<h2 class=\"wp-block-heading\">Contrataciones al Tel. 01 481<\/h2>\n\n\n\n<p><strong>++++<\/strong><\/p>\n\n\n\n<p><strong>CABILDO ACTUALIZO REGLAMENTOS&nbsp; QUE&nbsp; NADIE&nbsp; CONOCE.<\/strong><\/p>\n\n\n\n<p><strong>&#8211; Empresas&nbsp; constructoras&nbsp;&nbsp; y contratistas&nbsp; deber\u00e1n pagar impuesto por obras.<\/strong><\/p>\n\n\n\n<p>EL CABILDO en su sesi\u00f3n del 18 de agosto se llev\u00f3 a cabo la Vig\u00e9sima Primera Sesi\u00f3n Ordinaria de Cabildo, en el Sal\u00f3n \u201cRafael Curiel Gallegos para&nbsp; que usted&nbsp; amable lector&nbsp; se entere esta el Convenio de Colaboraci\u00f3n Institucional entre el&nbsp; Ayuntamiento de&nbsp; Valles y el Instituto de Capacitaci\u00f3n para el Trabajo del Estado de San Luis Potos\u00ed (ICAT), as\u00ed como la firma de un Convenio de Colaboraci\u00f3n con la C\u00e1mara Mexicana de la Industria de la Construcci\u00f3n y el Instituto de Capacitaci\u00f3n de la Industria de la Construcci\u00f3n A.C., con el prop\u00f3sito de fortalecer la capacitaci\u00f3n de los trabajadores de este sector, mediante la retenci\u00f3n a los contratistas, empresas y\/o personas f\u00edsicas, del 2 al millar de la obra p\u00fablica que ejecuten los ayuntamiento tambi\u00e9n se acord\u00f3 turnar a las Comisiones correspondientes para su dictamen, el Reglamento Interno de la Coordinaci\u00f3n Municipal de Derechos Humanos, el Reglamento Interno del Consejo Municipal de la Juventud y el Reglamento de la Direcci\u00f3n de Atenci\u00f3n a la Juventud. Se aprob\u00f3 la propuesta presentada por la Regidora Ma. Elena L\u00f3pez Delgado, para la actualizaci\u00f3n del Reglamento del Departamento de Asuntos Ind\u00edgenas, ahora denominada Unidad Especializada para la Atenci\u00f3n de los Pueblos y Comunidades Ind\u00edgenas.<\/p>\n\n\n\n<p>Tambi\u00e9n se acord\u00f3 turnar a las Comisiones correspondientes, el estudio y an\u00e1lisis para la actualizaci\u00f3n &nbsp;y otros&nbsp; temas&nbsp; no menos importantes&nbsp;&nbsp; que deben&nbsp; observarse&nbsp; por&nbsp; la ciudadan\u00eda.<strong><\/strong><\/p>\n\n\n\n<p><strong>+++++<a><\/a><\/strong><\/p>\n\n\n\n<p>CAF\u00c9 Y RESTAURANT&nbsp; EL FAROLITO<\/p>\n\n\n\n<p>Lo mejor de la cocina Huasteca; el tradicional zacahuil y cazueladas . Atendemos toda clase de&nbsp; festejos. Pedidos al Tel&nbsp; 3821017 Ciudad Valles SLP<\/p>\n\n\n\n<p>++++++++++++<\/p>\n\n\n\n<p>D E&nbsp; V O LA D A.-<\/p>\n\n\n\n<p>(tomado de Redes Sociales.-<\/p>\n\n\n\n<p>Adhara Maite P\u00e9rez S\u00e1nchez, originaria de Veracruz, es reconocida como una de las j\u00f3venes m\u00e1s brillantes del mundo. A sus cortos a\u00f1os ha acumulado logros acad\u00e9micos fuera de serie: ya concluy\u00f3 dos licenciaturas y una maestr\u00eda, todo antes de alcanzar la adolescencia. Adem\u00e1s, cuenta con un <strong>coeficiente intelectual de 162<\/strong>, cifra que supera la estimada para figuras emblem\u00e1ticas como Albert Einstein y Stephen Hawking.<\/p>\n\n\n\n<p>Diagnosticada temprana del s\u00edndrome de Asperger a los 3 a\u00f1os, Adhara ingres\u00f3 al <strong>Centro de Atenci\u00f3n al Talento (CEDAT)<\/strong>, donde fue monitoreada y aceler\u00f3 sus estudios. La primaria la termin\u00f3 a los 5 a\u00f1os, la secundaria a los 6, y el bachillerato en apenas 12 meses.<\/p>\n\n\n\n<p>Posteriormente, obtuvo dos carreras universitarias: <strong>Ingenier\u00eda en Sistemas Industriales y Matem\u00e1ticas<\/strong>. A los <strong>11 a\u00f1os se convirti\u00f3 en la persona m\u00e1s joven en M\u00e9xico en obtener una maestr\u00eda<\/strong>, realizada en el IPN.<\/p>\n\n\n\n<p>En 2021, recibi\u00f3 un reconocimiento por parte del <strong>Senado de la Rep\u00fablica<\/strong> por su trayectoria acad\u00e9mica excepcional.<\/p>\n\n\n\n<p>Adem\u00e1s, fue incluida en 2019 en la lista de las <strong>\u201c100 mujeres m\u00e1s poderosas de M\u00e9xico\u201d de la revista Forbes<\/strong>, destacando su impacto y visibilidad.<\/p>\n\n\n\n<p>Motivada desde muy peque\u00f1a por la ciencia, Adhara sue\u00f1a con convertirse en astronauta y llegar a la Luna y Marte. Ha cultivado su vocaci\u00f3n con estudios en f\u00edsica, c\u00e1lculo y temas espaciales. Ha sido nombrada <strong>embajadora STEM<\/strong> para inspirar a ni\u00f1as y j\u00f3venes interesadas en carreras cient\u00edficas.<\/p>\n\n\n\n<p>Recientemente, la <strong>Universidad de Arizona<\/strong> le extendi\u00f3 una invitaci\u00f3n para cursar un posgrado en astrof\u00edsica, lo que representa un paso clave hacia su sue\u00f1o en la <strong>NASA<\/strong>.<\/p>\n\n\n\n<p>A pesar de su extraordinario talento, su camino escolar no fue f\u00e1cil. Fue v\u00edctima de <strong>bullying<\/strong> por su intelecto acelerado y diferencias sociales, incluso algunos maestros la consideraban \u201cfloja\u201d por quedarse dormida en clase.<\/p>\n\n\n\n<p>Su madre, psic\u00f3loga de profesi\u00f3n, la apoy\u00f3 asign\u00e1ndola al CEDAT e impuls\u00e1ndola a continuar su desarrollo de forma adecuada.<\/p>\n\n\n\n<p>ADI\u00d3S A LOS AUTOS ELECTRICOS<\/p>\n\n\n\n<p>TOYOTA<\/p>\n\n\n\n<p>&nbsp; REESCRIBE EL FUTURO CON HIDR\u00d3GENO<\/p>\n\n\n\n<p>La empresa japonesa acaba de presentar un motor impulsado con hidr\u00f3geno (agua), que podr\u00eda REVOLUCIONAR la industria de los veh\u00edculos el\u00e9ctricos<\/p>\n\n\n\n<p>Esto significa cero emisiones contaminantes, sin necesidad de bater\u00edas litio, sin estaciones de carga el\u00e9ctrica y sin los problemas de peso, reciclaje y extracci\u00f3n de minerales<\/p>\n\n\n\n<p><strong>+<\/strong><\/p>\n","protected":false},"excerpt":{"rendered":"<p>&nbsp; CUMPLE&nbsp; SU PALABRA&nbsp; GALINDO; MORIRA&nbsp; SIENDO PRIISTA Lo&nbsp;&nbsp; dijo en&nbsp; \u201cLa&nbsp; Puerta Grande de la Huasteca\u201d, Enrique&nbsp; Galindo&nbsp; Ceballos&nbsp; dijo textualmente &nbsp;\u201cme&nbsp; morir\u00e9&nbsp; siendo priista\u201d&nbsp; respuesta&nbsp; que dio&nbsp; a los medios informativos&nbsp; en entrevista&nbsp; tras de su reciente&nbsp; expulsi\u00f3n de las filas&nbsp; del RIP &hellip; <\/p>\n","protected":false},"author":1,"featured_media":107005,"comment_status":"open","ping_status":"open","sticky":false,"template":"","format":"standard","meta":{"footnotes":""},"categories":[17],"tags":[],"class_list":["post-107886","post","type-post","status-publish","format-standard","has-post-thumbnail","hentry","category-colaboraciones"],"_links":{"self":[{"href":"https:\/\/amanecerhuasteco.com\/portal\/wp-json\/wp\/v2\/posts\/107886","targetHints":{"allow":["GET"]}}],"collection":[{"href":"https:\/\/amanecerhuasteco.com\/portal\/wp-json\/wp\/v2\/posts"}],"about":[{"href":"https:\/\/amanecerhuasteco.com\/portal\/wp-json\/wp\/v2\/types\/post"}],"author":[{"embeddable":true,"href":"https:\/\/amanecerhuasteco.com\/portal\/wp-json\/wp\/v2\/users\/1"}],"replies":[{"embeddable":true,"href":"https:\/\/amanecerhuasteco.com\/portal\/wp-json\/wp\/v2\/comments?post=107886"}],"version-history":[{"count":1,"href":"https:\/\/amanecerhuasteco.com\/portal\/wp-json\/wp\/v2\/posts\/107886\/revisions"}],"predecessor-version":[{"id":107887,"href":"https:\/\/amanecerhuasteco.com\/portal\/wp-json\/wp\/v2\/posts\/107886\/revisions\/107887"}],"wp:featuredmedia":[{"embeddable":true,"href":"https:\/\/amanecerhuasteco.com\/portal\/wp-json\/wp\/v2\/media\/107005"}],"wp:attachment":[{"href":"https:\/\/amanecerhuasteco.com\/portal\/wp-json\/wp\/v2\/media?parent=107886"}],"wp:term":[{"taxonomy":"category","embeddable":true,"href":"https:\/\/amanecerhuasteco.com\/portal\/wp-json\/wp\/v2\/categories?post=107886"},{"taxonomy":"post_tag","embeddable":true,"href":"https:\/\/amanecerhuasteco.com\/portal\/wp-json\/wp\/v2\/tags?post=107886"}],"curies":[{"name":"wp","href":"https:\/\/api.w.org\/{rel}","templated":true}]}}