{"id":108014,"date":"2025-09-07T08:00:49","date_gmt":"2025-09-07T14:00:49","guid":{"rendered":"https:\/\/amanecerhuasteco.com\/portal\/?p=108014"},"modified":"2025-09-07T08:00:50","modified_gmt":"2025-09-07T14:00:50","slug":"entre-columnas-677","status":"publish","type":"post","link":"https:\/\/amanecerhuasteco.com\/portal\/entre-columnas-677\/","title":{"rendered":"ENTRE COLUMNAS"},"content":{"rendered":"\n<h1 class=\"wp-block-heading\">&nbsp;<\/h1>\n\n\n\n<p><a>MAGISTRADO ELECTO POTOSINO&nbsp; PIERDE&nbsp; MAGISTRATURA.<\/a><\/p>\n\n\n\n<p>Tomando como base informaci\u00f3n fidedigna se&nbsp; da&nbsp; por hecho que en los pr\u00f3ximos d\u00edas la Sala Superior del Tribunal Electoral del Poder Judicial de la Federaci\u00f3n (TEPJF) analizar\u00e1 el proyecto de sentencia del magistrado ponente Reyes Rodr\u00edguez Mondrag\u00f3n, quien determinara si anula la elecci\u00f3n de Jos\u00e9 Luis Ruiz Contreras como magistrado del Supremo Tribunal de Justicias del Estado (STJE) de San Luis Potos\u00ed, debido a&nbsp; que no cumpli\u00f3 con el requisito constitucional de separaci\u00f3n del cargo de Fiscal General del Estado conforme&nbsp; a la convocatoria correspondiente.<\/p>\n\n\n\n<p>De aprobarse esta sentencia por el Pleno de la Sala Superior, el Consejo Estatal Electoral y de Participaci\u00f3n Ciudadana (CEEPAC) deber\u00e1 dejar sin efecto la constancia de asignaci\u00f3n otorgada a Ruiz Contreras y realizar una sustituci\u00f3n conforme a la normativa aplicable, respetando los criterios de alternancia de g\u00e9nero y prelaci\u00f3n por votaci\u00f3n.<\/p>\n\n\n\n<p>ALMAZAN CUE CON 91,378 VOTOS&nbsp; SERIA SUTITUTO.<\/p>\n\n\n\n<p>Juan Paulo Almaz\u00e1n Cu\u00e9, ex magistrado del STJE<a> <\/a>ex magistrado del STJE, y promovente del juicio contra Ruiz Contreras, &nbsp;&nbsp;&nbsp;&nbsp;&nbsp;&nbsp;&nbsp;&nbsp;&nbsp; seria&nbsp; el sustituto de Ruiz Contreras, ante el&nbsp;&nbsp; antecedente del ex secretario de seguridad y ex fiscal obtuvo 115 mil 450 votos, mientras que Almaz\u00e1n Cu\u00e9 sum\u00f3 91 mil 378 pesos.<\/p>\n\n\n\n<p>++++++++++++<\/p>\n\n\n\n<p>PAUSAN \u201cCONCESION\u201d A IBERPARKING&nbsp; PERO SIGUE OPERANDO.<\/p>\n\n\n\n<p>&#8211; Ayuntamiento no cumple como autoridad e&nbsp; iberparking cobra estacionamientos.<\/p>\n\n\n\n<p>Mientras el alcalde anuncio la semana anterior&nbsp; la&nbsp; suspensi\u00f3n de cobros a los automovilistas por uso de espacios en las&nbsp; calles de la zona centro&nbsp; de Cd Valles,&nbsp; la &nbsp;gerencia de Iberparking por su parte dio a conocer que no&nbsp; aplicaran las &nbsp;ara\u00f1as, los trabajadores salen a hacer verificaci\u00f3n y revisi\u00f3n de los parqu\u00edmetros, ante la duda sobre si pagar o no o si ser\u00e1n sancionados con el inmovilizador o \u00abara\u00f1a\u00bb.<\/p>\n\n\n\n<p>La&nbsp; disposici\u00f3n municipal tiene su base en que&nbsp; la empresa&nbsp; a&nbsp; 9 meses&nbsp; de&nbsp; operaciones&nbsp; no tiene&nbsp; el convenio que llaman concesi\u00f3n de los parqu\u00edmetros en vigencia y&nbsp; se ha negado a negociar&nbsp; el acuerdo correspondiente al a\u00f1o 2025&nbsp; cuando faltan tres meses para finalizar el a\u00f1o fiscal.<\/p>\n\n\n\n<p>Es muy posible&nbsp; que&nbsp; cuando usted lea&nbsp; estos comentarios&nbsp;&nbsp; el gobierno municipal&nbsp; haya llegado a un acuerdo con la empresa&nbsp; a la que debe pagar una cuenta millonaria&nbsp; ya acordada con anterioridad.&nbsp;<\/p>\n\n\n\n<p>&nbsp;Este caso debe ser&nbsp; revisado por el cabildo&nbsp; y&nbsp; actuar en consecuencia, Iberparking&nbsp; siempre ha disfrutado de los beneficios de una supuesta&nbsp; concesi\u00f3n y hasta amenaza&nbsp; si es que el municipio la cancela a&nbsp; exigir una millonaria&nbsp; indemnizaci\u00f3n. Nadie del municipio comenta o reconoce&nbsp; que en los&nbsp; 8 meses&nbsp; anteriores&nbsp; la empresa&nbsp; ha operado al margen de un convenio local.<\/p>\n\n\n\n<p>+++++++++++<\/p>\n\n\n\n<p>Parqu\u00edmetros no pueden ser suspendidos legalmente.&nbsp; Trascendi\u00f3 en palacio.<\/p>\n\n\n\n<p>Una publicaci\u00f3n en redes&nbsp; sociales&nbsp; dice&nbsp; loque parece ser&nbsp; un comentario sin sustento oficial en el sentido que las&nbsp; autoridades aclararon que no existe un procedimiento legal para clausurar o suspender operaciones de los parqu\u00edmetros, y advirtieron que incitar a no pagar podr\u00eda generar que los usuarios dejen de hacerlo.<\/p>\n\n\n\n<p>+++++++++++<\/p>\n\n\n\n<p>P r e&nbsp; s t a m o s<\/p>\n\n\n\n<p>de&nbsp; dinero inmediatos a pensionados<\/p>\n\n\n\n<h2 class=\"wp-block-heading\">CFE, ISSSTE.FFCC, SCT, PEMEX,<\/h2>\n\n\n\n<h2 class=\"wp-block-heading\">ACTIVOS Y JUBILADOS&nbsp; IMSS<\/h2>\n\n\n\n<h1 class=\"wp-block-heading\">SIN AFECTAR TARJETON.<\/h1>\n\n\n\n<h2 class=\"wp-block-heading\">Ll\u00e1menos las 24 hrs del d\u00eda<\/h2>\n\n\n\n<h1 class=\"wp-block-heading\">LLAMENOS 4811039565<\/h1>\n\n\n\n<h1 class=\"wp-block-heading\">CREDITO INMEDIATO<\/h1>\n\n\n\n<p>++++++++<\/p>\n\n\n\n<p>ESTA POR TERMINAR EL A\u00d1O FISCALY EL COMPROMISO DE LOS TAXIMETROS EN PAUSA INDEFINIDA.<\/p>\n\n\n\n<p>&#8211;&nbsp; Pocos taxis&nbsp; exhiben tarifas y licencia de operadores.<\/p>\n\n\n\n<p>Para las autoridades&nbsp; estatales en lo referente a vialidad publica, los problemas del interior son pausados para&nbsp; dar preferencia a la capital y su zona conurbada. &nbsp;<\/p>\n\n\n\n<p>Pareciera que en Valles la titular de la SCT se a borda&nbsp; el problema&nbsp; de tarifas del servicio de taxis, se&nbsp; establece&nbsp; fecha&nbsp; l\u00edmite para definir e instalar&nbsp; tax\u00edmetros, extra\u00f1amente esto&nbsp; seg\u00fan antecedentes.<\/p>\n\n\n\n<p>Hace varios sexenios es&nbsp; tema de&nbsp; las autoridades, tal parece&nbsp; que existe &nbsp;contubernio de&nbsp; mafiosos concesionarios de taxis&nbsp; con la&nbsp; SCT, nunca&nbsp; cumplen las autoridades y los abusos en el cobro por&nbsp; el servicio p\u00fablico persisten.<\/p>\n\n\n\n<p>En cada ocasi\u00f3n que visita&nbsp;&nbsp; la titular de la Secretaria de Comunicaciones y Transportes, Araceli Mart\u00ednez Acosta, declara &nbsp;que tras quejas constantes por el cobro de tarifas excesivas en el servicio de taxis, se tom\u00f3 la determinaci\u00f3n de implementar el uso del tax\u00edmetro en Ciudad Valles, siendo la primera localidad que contara con estos aparatos despu\u00e9s de la capital.&nbsp; El cuento de siempre.&nbsp; Hay que denunciarlos.&nbsp;<\/p>\n\n\n\n<p>+++++++++<\/p>\n\n\n\n<p>CARROCERIAS&nbsp; BUSTOS<\/p>\n\n\n\n<h2 class=\"wp-block-heading\">Reforma y Lerdo de tejada Col. Altavista.<\/h2>\n\n\n\n<h2 class=\"wp-block-heading\">Cd Valles SLP&nbsp; Tel. 3824777.<\/h2>\n\n\n\n<p>En carrocer\u00edas para camiones y camionetas nadie nos compite.<\/p>\n\n\n\n<p>+++++++<\/p>\n\n\n\n<p>QFB&nbsp; FABIOLA GARCIA ALVAREZ<\/p>\n\n\n\n<p>Perito dictaminador en an\u00e1lisis bacteriol\u00f3gico de agua<\/p>\n\n\n\n<h2 class=\"wp-block-heading\">Y alimentos con n\u00famero GES-PD 0705<\/h2>\n\n\n\n<h2 class=\"wp-block-heading\">Perito dictaminador en&nbsp; estupefacientes GES-PD0523<\/h2>\n\n\n\n<h2 class=\"wp-block-heading\">Maestr\u00eda&nbsp; en an\u00e1lisis cl\u00ednicos 1301 \u2013 368068<\/h2>\n\n\n\n<p>Ced&nbsp; prof&nbsp; 8664204&nbsp;&nbsp; Tel. 38 1 66 64Asesor\u00eda,&nbsp; auditor\u00eda&nbsp; y gesti\u00f3n ambiental. G. Victoria No. 8&nbsp; zona centro Cd Valles<\/p>\n\n\n\n<p>++++++++++++<\/p>\n\n\n\n<p>\u00bfY EL&nbsp; MAPA DE RIESGOS AP\u00c1?<\/p>\n\n\n\n<p>&#8211; Aun&nbsp; estamos en temporada de huracanes.<\/p>\n\n\n\n<p>En este a\u00f1o la \u00e9poca&nbsp;&nbsp; de incendios y temporada de lluvias&nbsp;&nbsp; que han&nbsp; provocado en el pasado reciente&nbsp;&nbsp; graves&nbsp; problemas y da\u00f1os a la comunidad, sin embargo ninguna dependencia municipal ha&nbsp; informado si&nbsp; ya&nbsp; esta &nbsp;disponible&nbsp; el ATLAS DE RIESGOS&nbsp; DE VALLES.<\/p>\n\n\n\n<p>Hasta&nbsp;&nbsp; el primer semestre&nbsp; del presente a\u00f1o&nbsp; estaba desactualizado, mientras&nbsp; los&nbsp; fen\u00f3menos&nbsp; naturales&nbsp; se abat\u00edan en&nbsp; esta&nbsp; regi\u00f3n adoleciendo las&nbsp; mismas autoridades de una gu\u00eda.<\/p>\n\n\n\n<p>La pasada&nbsp; temporada de lluvias&nbsp; e incendios forestales afortunadamente&nbsp; fueron menores&nbsp; pero&nbsp; aun estamos en temporada de huracanes&nbsp; (hasta noviembre) pero extra\u00f1amente&nbsp;&nbsp; no se sabe&nbsp; si esta&nbsp; actualizado el Atlas&nbsp; Municipal de riesgos las autoridades&nbsp; municipales&nbsp; no tienen el ATLAS DE RIESGOS&nbsp; actualizado, durante los \u00faltimos 17 a\u00f1os&nbsp; nadie de los alcaldes y sus funcionarios se&nbsp; preocuparon por&nbsp; actualizar&nbsp;&nbsp; este&nbsp; importante documento&nbsp; que la ley exige para cada&nbsp; ayuntamiento.<\/p>\n\n\n\n<p>El actual gobierno municipal&nbsp; que&nbsp; ya lleva cuatro a\u00f1os en el poder&nbsp; presuntamente elude este requisito sin haberlo atendido oportunamente<\/p>\n\n\n\n<p>De&nbsp; acuerdo con antecedentes, desde el a\u00f1o 2008 no se actualiza el Atlas de Riesgos&nbsp; de la ciudad, las&nbsp; administraciones pasadas&nbsp; durante&nbsp; 17 a\u00f1os y las mas recientes fueron omisos e irresponsables no&nbsp; atendieron la actualizaci\u00f3n del ATLAS&nbsp; DE RIESGOS&nbsp; pese a Inundaciones, incendios, deslaves, bloqueo de carreteras por razones naturales<\/p>\n\n\n\n<p>LA BUENA NOTICIA&nbsp; es que al reelegirse el alcalde&nbsp; actual incluy\u00f3 en el Plan de Desarrollo 2024-2027<\/p>\n\n\n\n<p>&nbsp;despues de tres a\u00f1os de omisi\u00f3n. Funcionarios entrevistados declaran&nbsp; ignorancia&nbsp; sobre &nbsp;el proyecto&nbsp; del nuevo Atlas de riesgos&nbsp; indicaron desconocerlo, indicaron que&nbsp; ser\u00eda Protecci\u00f3n Civil el indicado, sin embargo para otros&nbsp; es el secretario t\u00e9cnico del municipio el que&nbsp; tiene ese&nbsp; trabajo.<\/p>\n\n\n\n<p>+++++++++++++<\/p>\n\n\n\n<p>&nbsp;\u201cFINCA&nbsp; SAN ISIDRO\u201d<\/p>\n\n\n\n<h2 class=\"wp-block-heading\">Sal\u00f3n para fiestas de todo tipo.<\/h2>\n\n\n\n<h2 class=\"wp-block-heading\">Carretera Valles \u2013 R\u00edo Verde Km.8<\/h2>\n\n\n\n<h2 class=\"wp-block-heading\">Contrataciones al Tel. 01 481<\/h2>\n\n\n\n<p>+++++++++++<\/p>\n\n\n\n<p>PAVIMENTAN CALLES CON RECURSOS ETIQUETADOS POR CODESOL<\/p>\n\n\n\n<p>&#8211;&nbsp; Beneficiarios&nbsp;&nbsp; deben aportar&nbsp; 10%&nbsp; a la voz&nbsp; de ya.<\/p>\n\n\n\n<p>El programa de pavimentaci\u00f3n&nbsp; y otras obras&nbsp;&nbsp; materiales&nbsp; en la&nbsp; ciudad&nbsp; para&nbsp; el presente a\u00f1o son recursos federales etiquetados y ejercidos a trav\u00e9s de Codesol, supuestamente&nbsp; quienes&nbsp;&nbsp; reciben las&nbsp; obras&nbsp; no aportan un centavo, sin embargo&nbsp; obligadamente&nbsp; entregan en un plazo de&nbsp; 30 d\u00edas&nbsp;&nbsp;&nbsp; el 10 por ciento del&nbsp; costo de la obra.<\/p>\n\n\n\n<p>Precisamente&nbsp; en la primera semana del mes de julio pasado el gobernador y el alcalde de Valles &nbsp;dieron el banderazo de arranque a las obras de pavimentaci\u00f3n de la calle Hait\u00ed, en la colonia L\u00e1zaro C\u00e1rdenas, en el tramo comprendido entre las calles Costa Rica y Olmos, as\u00ed como de Argentina a Leticia, beneficiando&nbsp; a \u201cm\u00e1s de 15 mil \u201c\u201c&nbsp; vecinos.<\/p>\n\n\n\n<p>Hace una semana arranc\u00f3 la pavimentaci\u00f3n de un tramo&nbsp; de la calle Jazm\u00edn&nbsp; colonia Doraceli, &nbsp;con una inversi\u00f3n de&nbsp; 3.5 millones de pesos por parte de Codesol, de los cuales&nbsp;&nbsp; al terminar la obra esta semana&nbsp; de&nbsp; dos cuadras deber\u00e1n los vecinos&nbsp; aportar&nbsp; 350 mil pesos<\/p>\n\n\n\n<p>En el caso de la&nbsp; calle&nbsp; Haiti no se&nbsp; ha informado que dependencia hacer la inversi\u00f3n pero a juzgar por el agradecimiento<\/p>\n\n\n\n<p>Durante su intervenci\u00f3n, el Presidente agradeci\u00f3 el respaldo permanente del Gobernador y reconoci\u00f3 que gracias a su visi\u00f3n y compromiso, hoy Ciudad Valles vive una transformaci\u00f3n real con obras que generan bienestar para las familias. \u201cTenemos un Gobernador comprometido, que ha demostrado con hechos su cari\u00f1o por nuestra ciudad y nos hace sentir como potosinos de primera<\/p>\n\n\n\n<p>++++++++++++++++++++<\/p>\n\n\n\n<p>REGIDORES&nbsp; QUIZAS&nbsp; TENGAN UNA TRISTE &nbsp;NAVIDAD-<\/p>\n\n\n\n<p>&#8211; Sin salarios&nbsp; corren riesgo de no recibir fabuloso aguinaldo.<\/p>\n\n\n\n<p>&#8211; Un&nbsp; ahorro de 870 mil pesos mensuales por concepto de compensaciones.<\/p>\n\n\n\n<p>Recuerdan la propuesta del &nbsp;alcalde &nbsp;ante el cabildo de&nbsp; Valles en la sesi\u00f3n&nbsp; de la ultima semana&nbsp; de junio para&nbsp; que el cuerpo edilicio desempe\u00f1en su cargo de elecci\u00f3n de popular &nbsp;como honor\u00edfico del 1 de julio al 31 de diciembre, sin percibir&nbsp; beneficios&nbsp; econ\u00f3micos por su \u201ctrabajo\u201d&nbsp; lo que ahorrar\u00eda m\u00e1s de cinco millones de pesos a la n\u00f3mina anualmente.<\/p>\n\n\n\n<p>Despu\u00e9s de la propuesta&nbsp; ninguna autoridad&nbsp; relacionada con el caso ha&nbsp; abordado el tema&nbsp; de&nbsp; la aprobaci\u00f3n y se exhiba&nbsp; p\u00fablicamente el acuerdo&nbsp; para&nbsp; tener certeza&nbsp; de&nbsp; la&nbsp; voluntad de los regidores a la solicitud del alcalde que de lograrlo estar\u00eda ahorrando mensualmente 870 mil pesos&nbsp; por concepto de compensaciones, tomando como referencia que cada miembro del cuerpo edilicio recibe poco m\u00e1s de 58 mil pesos mensuales.<\/p>\n\n\n\n<p>En aquella fecha&nbsp; el \u00fanico que no aprob\u00f3 la iniciativa fue el S\u00edndico 1 V\u00edctor Manuel Palomares debido a que&nbsp; ning\u00fan ente del municipio informa&nbsp; sobre este tema, existe la duda&nbsp; o que todo sea un circo para que la ciudadan\u00eda&nbsp; tenga una mejor opini\u00f3n de los regidores .<\/p>\n\n\n\n<p>++++++++++++++++++++++<\/p>\n\n\n\n<p>CAF\u00c9 Y RESTAURANT&nbsp; EL FAROLITO<\/p>\n\n\n\n<p>Lo mejor de la cocina Huasteca; el tradicional zacahuil y cazueladas . Atendemos toda clase de&nbsp; festejos. Pedidos al Tel&nbsp; 3821017 Ciudad Valles SLP<\/p>\n\n\n\n<p>+++++++++++++<\/p>\n\n\n\n<p>D E&nbsp; V O LA D A.-<\/p>\n\n\n\n<p>(tomado de&nbsp; redes&nbsp; sociales)<\/p>\n\n\n\n<p>Cient\u00edficos transforman residuos pl\u00e1sticos en paracetamol<\/p>\n\n\n\n<p>* Trabajan espec\u00edficamente con PET, el material com\u00fan en botellas de refresco y envases de comida<\/p>\n\n\n\n<ul class=\"wp-block-list\">\n<li>Un equipo de investigadores de la Universidad de Edimburgo ha logrado convertir residuos pl\u00e1sticos, espec\u00edficamente derivados del PET \u2014el material com\u00fan en botellas de refresco y envases de comida\u2014 en paracetamol, uno de los analg\u00e9sicos m\u00e1s usados en el mundo, mediante bacterias modificadas gen\u00e9ticamente.<\/li>\n<\/ul>\n\n\n\n<p>Este hallazgo, publicado en&nbsp;<em>Nature Chemistry<\/em>, representa un avance revolucionario en la producci\u00f3n sostenible de f\u00e1rmacos, ya que evita el uso de procesos t\u00f3xicos, metales pesados y altas temperaturas. En cambio, el proceso se lleva a cabo dentro de las bacterias, aprovechando el f\u00f3sforo natural presente en ellas para catalizar una reacci\u00f3n qu\u00edmica hist\u00f3rica conocida como la reordenaci\u00f3n de Lossen, ahora realizada en un sistema biol\u00f3gico vivo.<\/p>\n\n\n\n<p>El procedimiento comienza con la transformaci\u00f3n qu\u00edmica del pl\u00e1stico PET en una mol\u00e9cula precursora. Esta se introduce en cultivos de bacterias&nbsp;<em>E. coli<\/em>&nbsp;modificadas para depender del \u00e1cido paraaminobenzoico (PABA) para crecer. Cuando las bacterias reciben el precursor derivado del pl\u00e1stico, activan la reacci\u00f3n que produce PABA, lo que les permite proliferar. Posteriormente, mediante la inserci\u00f3n de genes adicionales de hongos y bacterias del suelo, las c\u00e9lulas convierten el PABA en paracetamol en menos de 24 horas.<\/p>\n\n\n\n<p>Seg\u00fan el profesor Stephen Wallace, l\u00edder del estudio, esta innovaci\u00f3n no solo abre la puerta para limpiar residuos pl\u00e1sticos, sino que tambi\u00e9n establece una nueva forma de fabricar medicamentos sin depender del petr\u00f3leo ni de procesos industriales contaminantes.<\/p>\n\n\n\n<p>El pl\u00e1stico PET es uno de los materiales m\u00e1s problem\u00e1ticos del planeta debido a su producci\u00f3n masiva y su elevado porcentaje de desecho en vertederos y oc\u00e9anos. Este m\u00e9todo biotecnol\u00f3gico ofrece una alternativa prometedora para reutilizar esos residuos y convertirlos en productos de alto valor, como f\u00e1rmacos.<\/p>\n\n\n\n<p>Aunque el proceso est\u00e1 a\u00fan en fase experimental, los investigadores trabajan en escalar la producci\u00f3n para transformar mayores vol\u00famenes de pl\u00e1stico en no solo paracetamol, sino tambi\u00e9n otros compuestos farmac\u00e9uticos e industriales.<\/p>\n\n\n\n<p>Adem\u00e1s, el descubrimiento evidencia que la vida puede adaptarse para incorporar reacciones qu\u00edmicas que hasta ahora solo eran posibles en laboratorio, impulsando un campo emergente llamado qu\u00edmica biocompatible, que fusiona la qu\u00edmica sint\u00e9tica con la biolog\u00eda para crear \u201cf\u00e1bricas vivientes\u201d capaces de fabricar productos \u00fatiles a partir de residuos.<\/p>\n\n\n\n<p>Este avance cient\u00edfico abre un nuevo camino hacia un futuro en el que los desechos pl\u00e1sticos se conviertan en recursos valiosos para la medicina y otras industrias, ayudando a reducir el impacto ambiental mientras se producen medicamentos esenciales de manera sostenible.<\/p>\n\n\n\n<p><a href=\"mailto:davidfloresg_43@hotmail.com\">davidfloresg_43@hotmail.com<\/a><\/p>\n\n\n\n<p>&#8212;<\/p>\n","protected":false},"excerpt":{"rendered":"<p>&nbsp; MAGISTRADO ELECTO POTOSINO&nbsp; PIERDE&nbsp; MAGISTRATURA. Tomando como base informaci\u00f3n fidedigna se&nbsp; da&nbsp; por hecho que en los pr\u00f3ximos d\u00edas la Sala Superior del Tribunal Electoral del Poder Judicial de la Federaci\u00f3n (TEPJF) analizar\u00e1 el proyecto de sentencia del magistrado ponente Reyes Rodr\u00edguez Mondrag\u00f3n, quien &hellip; <\/p>\n","protected":false},"author":1,"featured_media":107005,"comment_status":"open","ping_status":"open","sticky":false,"template":"","format":"standard","meta":{"footnotes":""},"categories":[17],"tags":[],"class_list":["post-108014","post","type-post","status-publish","format-standard","has-post-thumbnail","hentry","category-colaboraciones"],"_links":{"self":[{"href":"https:\/\/amanecerhuasteco.com\/portal\/wp-json\/wp\/v2\/posts\/108014","targetHints":{"allow":["GET"]}}],"collection":[{"href":"https:\/\/amanecerhuasteco.com\/portal\/wp-json\/wp\/v2\/posts"}],"about":[{"href":"https:\/\/amanecerhuasteco.com\/portal\/wp-json\/wp\/v2\/types\/post"}],"author":[{"embeddable":true,"href":"https:\/\/amanecerhuasteco.com\/portal\/wp-json\/wp\/v2\/users\/1"}],"replies":[{"embeddable":true,"href":"https:\/\/amanecerhuasteco.com\/portal\/wp-json\/wp\/v2\/comments?post=108014"}],"version-history":[{"count":1,"href":"https:\/\/amanecerhuasteco.com\/portal\/wp-json\/wp\/v2\/posts\/108014\/revisions"}],"predecessor-version":[{"id":108015,"href":"https:\/\/amanecerhuasteco.com\/portal\/wp-json\/wp\/v2\/posts\/108014\/revisions\/108015"}],"wp:featuredmedia":[{"embeddable":true,"href":"https:\/\/amanecerhuasteco.com\/portal\/wp-json\/wp\/v2\/media\/107005"}],"wp:attachment":[{"href":"https:\/\/amanecerhuasteco.com\/portal\/wp-json\/wp\/v2\/media?parent=108014"}],"wp:term":[{"taxonomy":"category","embeddable":true,"href":"https:\/\/amanecerhuasteco.com\/portal\/wp-json\/wp\/v2\/categories?post=108014"},{"taxonomy":"post_tag","embeddable":true,"href":"https:\/\/amanecerhuasteco.com\/portal\/wp-json\/wp\/v2\/tags?post=108014"}],"curies":[{"name":"wp","href":"https:\/\/api.w.org\/{rel}","templated":true}]}}