{"id":108549,"date":"2025-10-01T08:11:59","date_gmt":"2025-10-01T14:11:59","guid":{"rendered":"https:\/\/amanecerhuasteco.com\/portal\/?p=108549"},"modified":"2025-10-01T08:12:01","modified_gmt":"2025-10-01T14:12:01","slug":"celebran-en-ebano-el-dia-nacional-del-maiz","status":"publish","type":"post","link":"https:\/\/amanecerhuasteco.com\/portal\/celebran-en-ebano-el-dia-nacional-del-maiz\/","title":{"rendered":"Celebran en \u00c9bano el D\u00eda Nacional del Ma\u00edz"},"content":{"rendered":"\n<p><\/p>\n\n\n\n<ul class=\"wp-block-list\">\n<li>Estudiantes participaron en representaciones art\u00edsticas, muestras gastron\u00f3micas y una charla informativa que resalt\u00f3 la importancia del ma\u00edz.<\/li>\n<\/ul>\n\n\n\n<p>En conmemoraci\u00f3n al D\u00eda Nacional del Ma\u00edz, el Instituto de Desarrollo Humano y Social de los Pueblos y Comunidades Ind\u00edgenas (Indepi), en coordinaci\u00f3n con el Colegio de Estudios Cient\u00edficos y Tecnol\u00f3gicos del Estado (Cecyte), realiz\u00f3 un evento cultural en el plantel 05 de \u00c9bano para honrar al ma\u00edz como s\u00edmbolo sagrado, alimento base y eje de la cosmovisi\u00f3n de los pueblos originarios de M\u00e9xico.<br>En cumplimiento de la encomienda del Gobernador Ricardo Gallardo Cardona, de preservar las tradiciones y costumbres de pueblos y comunidades originarias, durante la jornada, estudiantes participaron en representaciones art\u00edsticas, muestras gastron\u00f3micas y una charla informativa que resalt\u00f3 la importancia del ma\u00edz no solo como producto agr\u00edcola, sino como elemento esencial de la identidad nacional y la sostenibilidad alimentaria.<br>Desde tiempos prehisp\u00e1nicos, el ma\u00edz ha sido el coraz\u00f3n del mundo mesoamericano: su siembra, cuidado y consumo son un legado ancestral que conecta a las comunidades con la tierra, la historia y la cultura de todo M\u00e9xico.<\/p>\n","protected":false},"excerpt":{"rendered":"<p>En conmemoraci\u00f3n al D\u00eda Nacional del Ma\u00edz, el Instituto de Desarrollo Humano y Social de los Pueblos y Comunidades Ind\u00edgenas (Indepi), en coordinaci\u00f3n con el Colegio de Estudios Cient\u00edficos y Tecnol\u00f3gicos del Estado (Cecyte), realiz\u00f3 un evento cultural en el plantel 05 de \u00c9bano para &hellip; <\/p>\n","protected":false},"author":1,"featured_media":108550,"comment_status":"open","ping_status":"open","sticky":false,"template":"","format":"standard","meta":{"footnotes":""},"categories":[13,92,91,82,14,87,86,67,7,78,62,22,56,55,4,73,44,26,60,30,31,59,42,53,57,43,32],"tags":[],"class_list":["post-108549","post","type-post","status-publish","format-standard","has-post-thumbnail","hentry","category-agropecuaria","category-ahualulco","category-alaquines","category-axtla","category-caneros","category-cardenas","category-cedral","category-charcas","category-ciudad","category-ciudad-del-maiz","category-ciudad-fernandez","category-ebano","category-el-naranjo","category-guadalcazar","category-inicio","category-lagunillas","category-matehuala","category-matlapa","category-rayon","category-rioverde","category-sanluispotosi","category-santa-catarina","category-soledad","category-tamazunchale","category-tanlajas","category-villa-de-reyes","category-xilitla"],"_links":{"self":[{"href":"https:\/\/amanecerhuasteco.com\/portal\/wp-json\/wp\/v2\/posts\/108549","targetHints":{"allow":["GET"]}}],"collection":[{"href":"https:\/\/amanecerhuasteco.com\/portal\/wp-json\/wp\/v2\/posts"}],"about":[{"href":"https:\/\/amanecerhuasteco.com\/portal\/wp-json\/wp\/v2\/types\/post"}],"author":[{"embeddable":true,"href":"https:\/\/amanecerhuasteco.com\/portal\/wp-json\/wp\/v2\/users\/1"}],"replies":[{"embeddable":true,"href":"https:\/\/amanecerhuasteco.com\/portal\/wp-json\/wp\/v2\/comments?post=108549"}],"version-history":[{"count":1,"href":"https:\/\/amanecerhuasteco.com\/portal\/wp-json\/wp\/v2\/posts\/108549\/revisions"}],"predecessor-version":[{"id":108551,"href":"https:\/\/amanecerhuasteco.com\/portal\/wp-json\/wp\/v2\/posts\/108549\/revisions\/108551"}],"wp:featuredmedia":[{"embeddable":true,"href":"https:\/\/amanecerhuasteco.com\/portal\/wp-json\/wp\/v2\/media\/108550"}],"wp:attachment":[{"href":"https:\/\/amanecerhuasteco.com\/portal\/wp-json\/wp\/v2\/media?parent=108549"}],"wp:term":[{"taxonomy":"category","embeddable":true,"href":"https:\/\/amanecerhuasteco.com\/portal\/wp-json\/wp\/v2\/categories?post=108549"},{"taxonomy":"post_tag","embeddable":true,"href":"https:\/\/amanecerhuasteco.com\/portal\/wp-json\/wp\/v2\/tags?post=108549"}],"curies":[{"name":"wp","href":"https:\/\/api.w.org\/{rel}","templated":true}]}}