{"id":108845,"date":"2025-10-16T06:38:53","date_gmt":"2025-10-16T12:38:53","guid":{"rendered":"https:\/\/amanecerhuasteco.com\/portal\/?p=108845"},"modified":"2025-10-16T06:38:55","modified_gmt":"2025-10-16T12:38:55","slug":"mas-de-500-personas-originarias-participaron-en-la-planeacion-del-programa-metropolitano-marcando-un-precedente-en-la-inclusion-de-sus-voces","status":"publish","type":"post","link":"https:\/\/amanecerhuasteco.com\/portal\/mas-de-500-personas-originarias-participaron-en-la-planeacion-del-programa-metropolitano-marcando-un-precedente-en-la-inclusion-de-sus-voces\/","title":{"rendered":"M\u00e1s de 500 personas originarias participaron en la planeaci\u00f3n del Programa Metropolitano, marcando un precedente en la inclusi\u00f3n de sus voces."},"content":{"rendered":"\n<p>HIST\u00d3RICO IMPULSO A LA VOZ DE PUEBLOS ORIGINARIOS EN SAN LUIS<\/p>\n\n\n\n<ul class=\"wp-block-list\">\n<li><\/li>\n<\/ul>\n\n\n\n<p>En cuatro a\u00f1os del Gobierno del Estado, encabezado por Ricardo Gallardo Cardona, se ha garantizado el apoyo sin l\u00edmites a integrantes de pueblos originarios y comunidades ind\u00edgenas mediante la consulta ind\u00edgena que reconoce su voz y prioridades. Por primera vez se consult\u00f3 a 308 comunidades en m\u00e1s de 70 sedes para la elaboraci\u00f3n del Plan Estatal de Desarrollo 2021-2027.<br>Tambi\u00e9n se asesor\u00f3 a 24 municipios para realizar sus consultas ind\u00edgenas y elaborar sus Planes Municipales de Desarrollo. M\u00e1s de 500 personas participaron en la consulta del Programa Metropolitano, integrando por primera vez las voces de pueblos originarios en esta planeaci\u00f3n.<\/p>\n","protected":false},"excerpt":{"rendered":"<p>HIST\u00d3RICO IMPULSO A LA VOZ DE PUEBLOS ORIGINARIOS EN SAN LUIS En cuatro a\u00f1os del Gobierno del Estado, encabezado por Ricardo Gallardo Cardona, se ha garantizado el apoyo sin l\u00edmites a integrantes de pueblos originarios y comunidades ind\u00edgenas mediante la consulta ind\u00edgena que reconoce su &hellip; <\/p>\n","protected":false},"author":1,"featured_media":108846,"comment_status":"open","ping_status":"open","sticky":false,"template":"","format":"standard","meta":{"footnotes":""},"categories":[91,25,82,14,7,16,4,26,10,12,60,31,24,59,21,53,69,85,20,58,57,68,32],"tags":[],"class_list":["post-108845","post","type-post","status-publish","format-standard","has-post-thumbnail","hentry","category-alaquines","category-aquismon","category-axtla","category-caneros","category-ciudad","category-ingenios","category-inicio","category-matlapa","category-municipios","category-nacional","category-rayon","category-sanluispotosi","category-san-vicente","category-santa-catarina","category-tamasopo","category-tamazunchale","category-tampacan","category-tampamolon","category-tamuin","category-tancanhuitz","category-tanlajas","category-tanquian","category-xilitla"],"_links":{"self":[{"href":"https:\/\/amanecerhuasteco.com\/portal\/wp-json\/wp\/v2\/posts\/108845","targetHints":{"allow":["GET"]}}],"collection":[{"href":"https:\/\/amanecerhuasteco.com\/portal\/wp-json\/wp\/v2\/posts"}],"about":[{"href":"https:\/\/amanecerhuasteco.com\/portal\/wp-json\/wp\/v2\/types\/post"}],"author":[{"embeddable":true,"href":"https:\/\/amanecerhuasteco.com\/portal\/wp-json\/wp\/v2\/users\/1"}],"replies":[{"embeddable":true,"href":"https:\/\/amanecerhuasteco.com\/portal\/wp-json\/wp\/v2\/comments?post=108845"}],"version-history":[{"count":1,"href":"https:\/\/amanecerhuasteco.com\/portal\/wp-json\/wp\/v2\/posts\/108845\/revisions"}],"predecessor-version":[{"id":108847,"href":"https:\/\/amanecerhuasteco.com\/portal\/wp-json\/wp\/v2\/posts\/108845\/revisions\/108847"}],"wp:featuredmedia":[{"embeddable":true,"href":"https:\/\/amanecerhuasteco.com\/portal\/wp-json\/wp\/v2\/media\/108846"}],"wp:attachment":[{"href":"https:\/\/amanecerhuasteco.com\/portal\/wp-json\/wp\/v2\/media?parent=108845"}],"wp:term":[{"taxonomy":"category","embeddable":true,"href":"https:\/\/amanecerhuasteco.com\/portal\/wp-json\/wp\/v2\/categories?post=108845"},{"taxonomy":"post_tag","embeddable":true,"href":"https:\/\/amanecerhuasteco.com\/portal\/wp-json\/wp\/v2\/tags?post=108845"}],"curies":[{"name":"wp","href":"https:\/\/api.w.org\/{rel}","templated":true}]}}