{"id":109063,"date":"2025-10-25T23:39:25","date_gmt":"2025-10-26T05:39:25","guid":{"rendered":"https:\/\/amanecerhuasteco.com\/portal\/?p=109063"},"modified":"2025-10-25T23:39:27","modified_gmt":"2025-10-26T05:39:27","slug":"entre-columnas-684","status":"publish","type":"post","link":"https:\/\/amanecerhuasteco.com\/portal\/entre-columnas-684\/","title":{"rendered":"ENTRE COLUMNAS"},"content":{"rendered":"\n<h1 class=\"wp-block-heading\">&nbsp;<\/h1>\n\n\n\n<p>HUASTECA&nbsp; SUR&nbsp; SERA LA RIVIERA HUASTECA.&nbsp; FEDERACION Y ESTADO APORTARAN<\/p>\n\n\n\n<p>Para el aprovechamiento integral&nbsp; de la&nbsp; super carretera&nbsp; Valles Tamazunchale, sigue&nbsp; la segunda fase&nbsp;&nbsp; que es&nbsp;&nbsp; aprovechar&nbsp; el ramo tur\u00edstico con la creaci\u00f3n de&nbsp; la&nbsp; RIVIERA HUASTECA cuyo proyecto fue&nbsp; anunciado&nbsp; en octubre del 2021, se invertir\u00e1n en el proyecto 2 mil 450 millones de pesos, en el presupuesto se inclu\u00edan los mil 520 millones de pesos que el gobierno federal invert\u00eda en la construcci\u00f3n de la carretera Valles Tamazunchale y ampliar y modernizar el aeropuerto de Tamu\u00edn y que el gobierno del estado aportar\u00eda 400 millones de pesos para completar el proyecto.<\/p>\n\n\n\n<p>++++++++++++++++<\/p>\n\n\n\n<h1 class=\"wp-block-heading\">P R E S T A M O S<\/h1>\n\n\n\n<h1 class=\"wp-block-heading\">SIN AFECTAR TARJETON.<\/h1>\n\n\n\n<h2 class=\"wp-block-heading\">Ll\u00e1menos las 24 hrs del d\u00eda<\/h2>\n\n\n\n<h1 class=\"wp-block-heading\">LLAMENOS 4811039565<\/h1>\n\n\n\n<h1 class=\"wp-block-heading\">CREDITO INMEDIATO<\/h1>\n\n\n\n<p>++++++++<\/p>\n\n\n\n<p>VISITAS DEL GOBERNADOR REACTIVAN OBRAS OLVIDADAS<\/p>\n\n\n\n<p>Gracias&nbsp; a que el gobernador del estado anunci\u00f3 su visita&nbsp;&nbsp; para la \u00faltima semana de octubre&nbsp; para inaugurar la&nbsp; calle de acceso&nbsp; a Santa Rosa, los&nbsp; encargados de su construcci\u00f3n&nbsp; aparecieron&nbsp; como por arte de magia y&nbsp; reanudaron la obra de pavimentaci\u00f3n\u2026. Pero hay otras calles&nbsp; abandonadas a medias, parece&nbsp; que Codesol&nbsp; recort\u00f3 el presupuesto asignado al&nbsp; proyecto ETIQUETADO&nbsp; y &nbsp;financiado por la federaci\u00f3n-&nbsp;&nbsp;&nbsp;&nbsp;&nbsp; ESTO ES&nbsp; DESVIO DE RECURSOS\u2026&nbsp; ojo hay varias&nbsp;&nbsp; obras a medias&nbsp; de Codesol.<\/p>\n\n\n\n<p>CONAGUA oficializo durante una reuni\u00f3n de trabajo llamada&nbsp; Agua para el Bienestar de la familia potosina.<\/p>\n\n\n\n<p>&nbsp;Seg\u00fan el documento del acto, Valles fue incluido en este programa&nbsp; etiquetado para atender&nbsp; las necesidades de infraestructura&nbsp; de&nbsp; la planta de tratamiento de agua potable de Valles.<\/p>\n\n\n\n<p>&nbsp;Est\u00e1 por terminar el a\u00f1o y ninguna&nbsp; instancia de DAPAS o del ayuntamiento ha informado&nbsp; al respecto&nbsp; o solo fue para justificar&nbsp; la reuni\u00f3n en la capital currolandia\u2026.<\/p>\n\n\n\n<p>&#8212;<\/p>\n\n\n\n<p>Boy E Charles fue un colaborador&nbsp; del primer&nbsp; peri\u00f3dico diario impreso en offset en Valles, cuando los capitalinos llamaban despectivamente a nuestra ciudad&nbsp; de&nbsp; LAS CUATRO CALLES.<\/p>\n\n\n\n<p>UN RIO&nbsp; DE&nbsp; ..AGADA Y UN CALOR DE LA CHINCADA, all\u00e1 por el a\u00f1o 1970, Boy E Charles era en realidad&nbsp; un seud\u00f3nimo de combate period\u00edstico, ya que tambi\u00e9n se trasmit\u00eda los fines de semana&nbsp; por la radiodifusora XETR-&nbsp; Tubo mucho \u00e9xito pero las condiciones pol\u00edticas llegaron a su cl\u00edmax y fue pausado&nbsp; hasta su desaparici\u00f3n.<\/p>\n\n\n\n<p>&nbsp;Charles, mexicano. publicista y periodista radic\u00f3 en Los&nbsp; \u00c1ngeles&nbsp; California EUA, llego a Valles &nbsp;y muri\u00f3 en Currolandia.<\/p>\n\n\n\n<p>&nbsp;Gracias&nbsp; a&nbsp; sus contactos&nbsp; en la capital de los palacios, logramos convertir la Asociaci\u00f3n de Periodistas de Valles&nbsp; en&nbsp; la SPEM. QEPD&nbsp; E Charles.<\/p>\n\n\n\n<p>&#8212;-&nbsp;<\/p>\n\n\n\n<p>Recuerdan a EL MOMO aquel panista&nbsp; que fue&nbsp; diputado local y federal&nbsp; por la via plurimominal y despu\u00e9s&nbsp;&nbsp; alcalde de Valles, fue compa\u00f1ero de Cabeza de Vaca y Calder\u00f3n Hinojosa.<\/p>\n\n\n\n<p>Contactos&nbsp; que sirvieron para colarse&nbsp;&nbsp; al sexenio&nbsp;&nbsp; de Cabeza de Vaca como&nbsp; secretario estatal de&nbsp; Bienestar donde hab\u00eda incurrido en desv\u00edos de recursos millonarios.<\/p>\n\n\n\n<p>&nbsp;Ya&nbsp; perseguido por la Justicia durante su retorno a Valles busc\u00f3 por&nbsp; el \u201cbirote\u201d su nominaci\u00f3n&nbsp; como candidato a la alcald\u00eda de Valles&nbsp;&nbsp; al no lograrlo \u201cchapulineo\u201d&nbsp; al M C&nbsp; sin&nbsp; respuesta&nbsp; del voto ciudadano y de pronto fue capturado y llevado a&nbsp;&nbsp; prisi\u00f3n&nbsp; en la&nbsp; capital Tamaulipeca\u2026 Reci\u00e9n nos enteramos que acaba de ser vinculado a proceso judicial.&nbsp;&nbsp;<\/p>\n\n\n\n<p>Aqu\u00ed nos leeremos&nbsp; la pr\u00f3xima semana.<\/p>\n\n\n\n<p>++++<\/p>\n\n\n\n<p><strong>POR NEGLIGENCIA, &nbsp;EX FUNCIONARIOS MUNICIPALES DE VALLES&nbsp; A JUICIO.<\/strong><\/p>\n\n\n\n<p><strong>Conforme transcurre&nbsp; el tiempo, el ayuntamiento de Valles no tiene alternativa, tendr\u00e1&nbsp; que pagar,&nbsp;&nbsp; ahora son 27 millones de pesos por los intereses, adeudo que tiene el municipio con ex trabajadores&nbsp; despedidos cuando arribo a la alcald\u00eda el reci\u00e9n fallecido alcalde&nbsp; Eligio Quintanilla, los&nbsp; afectados&nbsp; presentaron denuncia&nbsp; ante el Tribunal Electoral, pasaron&nbsp; administraciones posteriores y ning\u00fan&nbsp; funcionario&nbsp;&nbsp; atendi\u00f3 el proceso laboral&nbsp; hasta&nbsp; que&nbsp;&nbsp; en la pasada administraci\u00f3n se notific\u00f3 de nueva cuenta el estado del laudo a favor de los trabajadores&nbsp; que ya ascend\u00eda a los 25 millones de pesos.<\/strong><\/p>\n\n\n\n<p><strong>Por&nbsp; omisi\u00f3n, negligencia, irresponsables en sus funciones&nbsp; y lo que resulte, ser\u00edan los cargos&nbsp; que &nbsp;exfuncionarios del gobierno municipal de &nbsp;Valles, por lo que seg\u00fan el secretario municipal la actual administraci\u00f3n <\/strong><strong><\/strong><\/p>\n\n\n\n<p><strong>promover\u00e1 juicios de inhabilitaci\u00f3n contra exalcaldes, s\u00edndicos y regidores que no cumplieron con sus&nbsp; responsabilidades.<\/strong><\/p>\n\n\n\n<p>Diversos exfuncionarios municipales, entre ellos exalcaldes, ex s\u00edndicos y exregidores, podr\u00edan ser inhabilitados por haber omitido atender oportunamente una demanda laboral en contra del Ayuntamiento de Ciudad Valles, la cual deriv\u00f3 en un laudo que actualmente asciende a m\u00e1s de 27 millones de pesos.<\/p>\n\n\n\n<p>Este&nbsp; caso&nbsp; que&nbsp; seg\u00fan el gobierno actual&nbsp; dijo ignorar \u201cexplot\u00f3\u201d recientemente&nbsp; al notificar el Tribunal Laboral el pago millonario a&nbsp; seis&nbsp; ex trabajadores&nbsp; del municipio, la sentencia se dict\u00f3 en el a\u00f1o 2013, tuvo su origen cuando en la segunda administraci\u00f3n del ex alcalde Eligio Quintanilla Gonz\u00e1lez, fueron despedidos pero la demanda&nbsp; fue interpuesta sin que administraciones sub se cuentes&nbsp; atendieran para tener&nbsp; un acuerdo con los demandantes.<\/p>\n\n\n\n<p>+++++<\/p>\n\n\n\n<p>CARROCERIAS&nbsp; BUSTOS<\/p>\n\n\n\n<h2 class=\"wp-block-heading\">Reforma y Lerdo de tejada Col. Altavista.<\/h2>\n\n\n\n<h2 class=\"wp-block-heading\">Cd Valles SLP&nbsp; Tel. 3824777.<\/h2>\n\n\n\n<p>En carrocer\u00edas para camiones y camionetas nadie nos compite.<\/p>\n\n\n\n<p>+++++++<\/p>\n\n\n\n<p>CASI 200 MDP&nbsp; DE &nbsp;CODESOL Y&nbsp; 100 APORTADOS POR EL GOBIERNO DEL ESTADO PARA OBRAS.<\/p>\n\n\n\n<p>&#8211; Gobierno del estado pagar\u00eda pavimentaci\u00f3n de cuatro cuadras.<\/p>\n\n\n\n<p>Las&nbsp; obras de pavimentaci\u00f3n de algunos tramos de calles&nbsp; en colonias&nbsp; de&nbsp; la ciudad, se&nbsp; supone son&nbsp; con recursos del gobierno del estado, todas&nbsp; han sido inauguradas por el&nbsp; ejecutivo estatal,&nbsp; sin embargo vecinos beneficiados&nbsp; exhiben sendos oficios&nbsp; de Codesol con el presupuesto de obra&nbsp; y el moche del 10 por ciento para el municipio&nbsp; para obras complementarias.<\/p>\n\n\n\n<p>No hay certeza sobre&nbsp; el origen real de&nbsp;&nbsp; este&nbsp; millonario presupuesto anual a Valles solo por ese concepto, toda vez&nbsp; que el alcalde&nbsp; solo agradece al gobernador el apoyo a la comunidad Vallense sin dar detalles.<\/p>\n\n\n\n<p>La primera&nbsp; quincena del mes de julio (el 9) el gobernador del estado realizo una gira de trabajo a Valles, anuncio la aportaci\u00f3n de CIEN MILLONES DE PESOS para&nbsp; pavimentar&nbsp; 4 kil\u00f3metros de calles, o sean &nbsp;&nbsp;4 mil metros lineales.<\/p>\n\n\n\n<p>&nbsp; El alcalde&nbsp; dijo que&nbsp; los primeros 50 millones de pesos llegar\u00edan en el transcurso de esa semana, sin embargo debido al hermetismo como se&nbsp; manejan en la administraci\u00f3n, la comunidad espera&nbsp; el anuncio si&nbsp; ya fueron situados&nbsp; los fondos&nbsp; para &nbsp;cuando menos continuar&nbsp; con la pavimentaci\u00f3n de calles&nbsp; empezadas&nbsp; desde&nbsp; enero&nbsp; en la Colonia M\u00e9ndez, la avenida&nbsp; Santa Rosa&nbsp; tiene meses&nbsp; paralizada y solo&nbsp; ahora que el gobernador dijo que la inaugurar\u00eda&nbsp; este fin de mes, volvieron las maquinas.<\/p>\n\n\n\n<p>&nbsp;Lo mismo dos&nbsp; cuadras&nbsp; en la colonia Doraceli y 18 de Marzo&nbsp; que&nbsp; seg\u00fan el contrato en manos de los vecinos, la obra es de Codesol y solo la mitad de la calle fue pavimentada y con el argumento que los vecinos&nbsp; no aportaron los 350 mil pesos suspendieron la obra a cargo de un familiar del alcalde y as\u00ed otras&nbsp; en otros rumbos de la ciudad.<\/p>\n\n\n\n<p>+++++++++++++<\/p>\n\n\n\n<p>QFB&nbsp; FABIOLA GARCIA ALVAREZ<\/p>\n\n\n\n<p>Perito dictaminador en an\u00e1lisis bacteriol\u00f3gico de agua<\/p>\n\n\n\n<h2 class=\"wp-block-heading\">Y alimentos con n\u00famero GES-PD 0705<\/h2>\n\n\n\n<h2 class=\"wp-block-heading\">Perito dictaminador en&nbsp; estupefacientes GES-PD0523<\/h2>\n\n\n\n<h2 class=\"wp-block-heading\">Maestr\u00eda&nbsp; en an\u00e1lisis cl\u00ednicos 1301 \u2013 368068<\/h2>\n\n\n\n<p>Ced&nbsp; prof&nbsp; 8664204&nbsp;&nbsp; Tel. 38 1 66 64Asesor\u00eda,&nbsp; auditor\u00eda&nbsp; y gesti\u00f3n ambiental. G. Victoria No. 8&nbsp; zona centro Cd Valles<\/p>\n\n\n\n<p>+++++++++++++++++++++++<\/p>\n\n\n\n<p>&nbsp;\u201cFINCA&nbsp; SAN ISIDRO\u201d<\/p>\n\n\n\n<h2 class=\"wp-block-heading\">Sal\u00f3n para fiestas de todo tipo.<\/h2>\n\n\n\n<h2 class=\"wp-block-heading\">Carretera Valles \u2013 R\u00edo Verde Km.8<\/h2>\n\n\n\n<h2 class=\"wp-block-heading\">Contrataciones al Tel. 01 481<\/h2>\n\n\n\n<p>+++++++++++<\/p>\n\n\n\n<p><strong>CONCESIONARIOS DE LIBRAMIENTO DE CUOTA AMASA FORTUNA Y NO PAGA TIERRAS A EJIDATARIOS.<\/strong><\/p>\n\n\n\n<p><strong>&#8211; Dos&nbsp; meses para pago o bloquean \u201cautopista\u201d<\/strong><\/p>\n\n\n\n<p><strong>Parece ser&nbsp; una tranza m\u00e1s de gobiernos prianistas la situaci\u00f3n que&nbsp; enfrentan ejidatarios&nbsp; cuyas tierras fueron afectadas por el paso del libramiento sur de cuota , no recibieron&nbsp; el pago&nbsp; correspondiente pactado con las autoridades&nbsp; de Comunicaciones, ahora por en\u00e9sima ocasi\u00f3n acuden ante el municipal para solicitar su apoyo&nbsp; para que cumplan los concesionarios&nbsp; acuerdos&nbsp; celebrados&nbsp; y no cumplidos, de no llegar a una soluci\u00f3n, existe el riesgo que&nbsp; nuevamente bloqueen la v\u00eda de la Pitahaya a Taqu\u00edn.<\/strong><\/p>\n\n\n\n<p><strong>Como antecedente; el gobierno federal a trav\u00e9s de la SCT&nbsp; creo una Comisi\u00f3n negociadora y compras&nbsp; de&nbsp; tierras por don de&nbsp; pasar\u00eda&nbsp; <\/strong>seg\u00fan el proyecto, la autopista o libramiento de cuota&nbsp;&nbsp; afectando los&nbsp; ejidos&nbsp;&nbsp; \u00c1lvaro Obreg\u00f3n y La Calera, a cuyos&nbsp; propietarios pagar\u00edan antes de iniciar la obra, sin embargo solo promesas&nbsp; e incumplimiento de acuerdos, por lo que esta ocasi\u00f3n&nbsp;&nbsp; solicitaron el apoyo del ayuntamiento de Valles para advertir adem\u00e1s&nbsp; que&nbsp; si no pagan las tierras afectadas, conceden otro plazo de dos meses para resolver antes de bloquear la autopista.<\/p>\n\n\n\n<p><strong>El conflicto por la construcci\u00f3n del libramiento Valles\u2013Tamu\u00edn resurgi\u00f3 luego de que habitantes de los ejidos \u00c1lvaro Obreg\u00f3n y La Calera acudieran al Ayuntamiento de Ciudad Valles para denunciar que&nbsp; el Gobierno Federal desde hace&nbsp; 15 a\u00f1os incumple los acuerdos establecidos con las comunidades ind\u00edgenas afectadas, recordaron que para permitir la obra, fueron obligados a firmar convenios donde se les prometi\u00f3 el pago de sus tierras y la construcci\u00f3n de un camino alterno para tener acceso a la autopista.<\/strong><\/p>\n\n\n\n<p><strong>Sin embargo, hasta la fecha, ni se les ha indemnizado ni se construyeron los accesos.. NO MAS&nbsp; PLAZOS.<\/strong><\/p>\n\n\n\n<p>+++++++++++<\/p>\n\n\n\n<p>EL PAN MANDO AL RANCHO DE AMLO AL RIP.<\/p>\n\n\n\n<p>&#8211; El <strong>dirigente panista<\/strong> dijo que \u201cse sepult\u00f3 de facto la <strong>alianza con el PRI\u201d<\/strong><\/p>\n\n\n\n<p>+.- El final del RIP esta&nbsp; fechado para el 2027. Tras lomita.<\/p>\n\n\n\n<p>Tricolores preparan una migraci\u00f3n pero no a \u201cgringolandia\u201d conscientes&nbsp; que vivir&nbsp; al margen de la ubre&nbsp; presupuestal&nbsp; es UN ERROR esperan&nbsp; la&nbsp; hecatombe del 2027 y aparecer\u00e1n como militantes&nbsp; en otros partidos, principalmente en Morena&nbsp; donde ya&nbsp; tienen una avanzada que los esperan con los brazos abiertos prestos&nbsp; a apoderarse de ese&nbsp; partido ahora en el poder (SON HERMANOS O PRIMOS POLITICOS DE NACIMIENTO) y as\u00ed continuar\u00e1&nbsp; escribiendo la historia pol\u00edtica de M\u00e9xico.<\/p>\n\n\n\n<p>Existen razones&nbsp; fundadas para&nbsp; escribir el&nbsp; futuro inmediato, en base al anuncio del relanzamiento del PAN, su dirigente &nbsp;Jorge Romero, l\u00edder nacional del blanquiazul, anunci\u00f3 el rompimiento con el PRI y una <strong>\u00abapertura total\u00bb<\/strong> con <strong>elecciones primarias<\/strong> abiertas a los ciudadanos.<\/p>\n\n\n\n<p>&nbsp;&nbsp;\u00abHoy convocamos a toda la sociedad a que sea ella la que ahora decida. <strong>El PAN asumir\u00e1 como m\u00e9todo para escoger candidaturas<\/strong> elecciones primarias abiertas a la ciudadan\u00eda, las encuestas cualitativas y elecciones internas\u00bb<\/p>\n\n\n\n<p>&nbsp;\u00abEl futuro del <strong>PAN <\/strong>no depende ni depender\u00e1 de ninguna alianza. Es la era en la que apostamos todo al PAN\u00bb.&nbsp; Mas&nbsp; claro?&#8230;.. Alito hasta&nbsp; se despedir\u00e1 de su&nbsp; Senaduria&nbsp; pluri asilado en alg\u00fan pa\u00eds extranjero.<\/p>\n\n\n\n<p>+++++<\/p>\n\n\n\n<p>&nbsp;CAF\u00c9 Y RESTAURANT&nbsp; EL FAROLITO<\/p>\n\n\n\n<p>Lo mejor de la cocina Huasteca; el tradicional zacahuil y cazueladas . Atendemos toda clase de&nbsp; festejos. Pedidos al Tel&nbsp; 3821017 Ciudad Valles SLP<\/p>\n\n\n\n<p>+++++++++++++<\/p>\n\n\n\n<p>D E&nbsp; V O LA D A.-<\/p>\n\n\n\n<p>(tomado de&nbsp; redes)<\/p>\n\n\n\n<p>Segunda y ultima parte-<\/p>\n\n\n\n<p><strong>\u00bfDe d\u00f3nde viene la luz?<\/strong><\/p>\n\n\n\n<p><strong>* Un viaje al origen de uno de los fen\u00f3menos m\u00e1s fundamentales del universo<\/strong><\/p>\n\n\n\n<p><strong>El origen de la luz<\/strong><\/p>\n\n\n\n<p><strong>En t\u00e9rminos m\u00e1s simples, la luz nace a nivel at\u00f3mico. Cuando un \u00e1tomo recibe energ\u00eda (por calor, electricidad u otro tipo), sus electrones pueden saltar a niveles de energ\u00eda m\u00e1s altos. Sin embargo, esta situaci\u00f3n es inestable. Los electrones tienden a regresar a su estado original, y al hacerlo, liberan la energ\u00eda sobrante en forma de un fot\u00f3n. Este proceso es lo que genera la luz visible\u2026 y tambi\u00e9n la que no es visible para nuestros ojos, como los rayos ultravioleta o los infrarrojos.<\/strong><\/p>\n\n\n\n<p><strong>La luz del universo<\/strong><\/p>\n\n\n\n<p><strong>La fuente m\u00e1s conocida de luz para nosotros es el Sol. En su n\u00facleo, ocurren reacciones de fusi\u00f3n nuclear donde los \u00e1tomos de hidr\u00f3geno se combinan para formar helio, liberando enormes cantidades de energ\u00eda en forma de luz y calor. Esa luz viaja unos 150 millones de kil\u00f3metros hasta llegar a la Tierra.<\/strong><\/p>\n\n\n\n<p><strong>Pero el Sol no est\u00e1 solo. Las estrellas, las nebulosas, incluso los agujeros negros \u2014mediante fen\u00f3menos extremos como los discos de acreci\u00f3n\u2014 tambi\u00e9n generan luz. Algunas de estas emisiones son tan antiguas que llevan viajando miles de millones de a\u00f1os, d\u00e1ndonos informaci\u00f3n sobre los primeros momentos del universo.<\/strong><\/p>\n\n\n\n<p><strong>Luz artificial: una creaci\u00f3n humana<\/strong><\/p>\n\n\n\n<p><strong>La humanidad ha aprendido a generar su propia luz. Desde las antorchas hasta las bombillas LED, hemos imitado los principios at\u00f3micos que rigen la emisi\u00f3n luminosa. Las l\u00e1mparas incandescentes producen luz calentando un filamento hasta que brilla. Los focos fluorescentes excitan gases que emiten radiaci\u00f3n ultravioleta, la cual se convierte en luz visible gracias a un recubrimiento especial. Y las luces LED funcionan al hacer que los electrones se muevan entre materiales semiconductores, liberando fotones directamente.<\/strong><\/p>\n\n\n\n<p><strong>M\u00e1s all\u00e1 de lo visible<\/strong><\/p>\n\n\n\n<p><strong>Aunque nuestros ojos solo perciben una peque\u00f1a parte del espectro electromagn\u00e9tico, la luz tambi\u00e9n incluye rayos X, microondas y ondas de radio. Todo este abanico de \u00abluces invisibles\u00bb es esencial en \u00e1reas como la medicina, las telecomunicaciones y la astronom\u00eda.<\/strong><\/p>\n\n\n\n<p><strong>&#8212;&#8212;&#8212;&#8212;&#8212;&#8212;&#8212;&#8212;&#8212;&#8212;&#8212;&#8212;&#8212;&#8212;&#8212;&#8212;<\/strong><\/p>\n","protected":false},"excerpt":{"rendered":"<p>&nbsp; HUASTECA&nbsp; SUR&nbsp; SERA LA RIVIERA HUASTECA.&nbsp; FEDERACION Y ESTADO APORTARAN Para el aprovechamiento integral&nbsp; de la&nbsp; super carretera&nbsp; Valles Tamazunchale, sigue&nbsp; la segunda fase&nbsp;&nbsp; que es&nbsp;&nbsp; aprovechar&nbsp; el ramo tur\u00edstico con la creaci\u00f3n de&nbsp; la&nbsp; RIVIERA HUASTECA cuyo proyecto fue&nbsp; anunciado&nbsp; en octubre del &hellip; <\/p>\n","protected":false},"author":1,"featured_media":108943,"comment_status":"open","ping_status":"open","sticky":false,"template":"","format":"standard","meta":{"footnotes":""},"categories":[17],"tags":[],"class_list":["post-109063","post","type-post","status-publish","format-standard","has-post-thumbnail","hentry","category-colaboraciones"],"_links":{"self":[{"href":"https:\/\/amanecerhuasteco.com\/portal\/wp-json\/wp\/v2\/posts\/109063","targetHints":{"allow":["GET"]}}],"collection":[{"href":"https:\/\/amanecerhuasteco.com\/portal\/wp-json\/wp\/v2\/posts"}],"about":[{"href":"https:\/\/amanecerhuasteco.com\/portal\/wp-json\/wp\/v2\/types\/post"}],"author":[{"embeddable":true,"href":"https:\/\/amanecerhuasteco.com\/portal\/wp-json\/wp\/v2\/users\/1"}],"replies":[{"embeddable":true,"href":"https:\/\/amanecerhuasteco.com\/portal\/wp-json\/wp\/v2\/comments?post=109063"}],"version-history":[{"count":1,"href":"https:\/\/amanecerhuasteco.com\/portal\/wp-json\/wp\/v2\/posts\/109063\/revisions"}],"predecessor-version":[{"id":109064,"href":"https:\/\/amanecerhuasteco.com\/portal\/wp-json\/wp\/v2\/posts\/109063\/revisions\/109064"}],"wp:featuredmedia":[{"embeddable":true,"href":"https:\/\/amanecerhuasteco.com\/portal\/wp-json\/wp\/v2\/media\/108943"}],"wp:attachment":[{"href":"https:\/\/amanecerhuasteco.com\/portal\/wp-json\/wp\/v2\/media?parent=109063"}],"wp:term":[{"taxonomy":"category","embeddable":true,"href":"https:\/\/amanecerhuasteco.com\/portal\/wp-json\/wp\/v2\/categories?post=109063"},{"taxonomy":"post_tag","embeddable":true,"href":"https:\/\/amanecerhuasteco.com\/portal\/wp-json\/wp\/v2\/tags?post=109063"}],"curies":[{"name":"wp","href":"https:\/\/api.w.org\/{rel}","templated":true}]}}