{"id":109449,"date":"2025-11-09T08:13:00","date_gmt":"2025-11-09T14:13:00","guid":{"rendered":"https:\/\/amanecerhuasteco.com\/portal\/?p=109449"},"modified":"2025-11-09T08:13:05","modified_gmt":"2025-11-09T14:13:05","slug":"entre-columnas-686","status":"publish","type":"post","link":"https:\/\/amanecerhuasteco.com\/portal\/entre-columnas-686\/","title":{"rendered":"ENTRE COLUMNAS"},"content":{"rendered":"\n<h1 class=\"wp-block-heading\">&nbsp;<\/h1>\n\n\n\n<p><strong>EN PUERTA INCREMENTO DEL 15% TARIFAS DE&nbsp; DAPAS.<\/strong><\/p>\n\n\n\n<p><strong>&#8211;&nbsp; Mas&nbsp; el&nbsp; 5% para rehabilitaci\u00f3n de la planta.<\/strong><\/p>\n\n\n\n<p><strong>&nbsp;&#8211;&nbsp; Nadie&nbsp; protesta, se&nbsp; sirven con la \u201ccuchara grande\u201d<\/strong><\/p>\n\n\n\n<p><strong>&#8211; Aprobaci\u00f3n &nbsp;&nbsp;en el Congreso&nbsp; solo es protocolario. Diputados&nbsp; se benefician tambi\u00e9n.<\/strong><\/p>\n\n\n\n<p><strong>Todos&nbsp; los organismos&nbsp; descentralizados&nbsp; de gobierno cada a\u00f1o&nbsp; tienen autorizado un incremento en cobros&nbsp; de&nbsp; servicios&nbsp;&nbsp; el equivalente al PORCENTAJE&nbsp;&nbsp; DE INCREMENTO DEL INDICE INFLACIONARIO ANUAL, pero en el caso de la Dapas ya tiene lista la &nbsp;propuesta de incremento de 15 % a las tarifas&nbsp; por suministro de agua potable&nbsp; domiciliaria, ser\u00e1&nbsp; enviada al Congreso del estado.<\/strong><\/p>\n\n\n\n<p><strong>Reciente informamos la intenci\u00f3n del &nbsp;director de Dapas, Osm\u00edn Meraz<\/strong><\/p>\n\n\n\n<p><strong>de&nbsp; solicitar un cargo del 5%&nbsp; exclusivo para mantenimiento del equipo, ahora dijo que van a proponer un aumento del 15 por ciento para el 2026, el plazo para&nbsp; presentar la solicitud venci\u00f3 el pasado 5 de noviembre.<\/strong><\/p>\n\n\n\n<p><strong>Seg\u00fan el funcionario, el&nbsp; 15 por ciento, ser\u00e1 un cargo extra de &nbsp;18 pesos, pero conforme a la pol\u00edtica&nbsp; que&nbsp; en el Congreso del Estado&nbsp; esgrimen los&nbsp; diputados de la Comisi\u00f3n del Agua, evitan lesionar&nbsp; la econom\u00eda familiar, se abrigan esperanzas&nbsp; que sea menor a menos&nbsp; que\u2026. Los&nbsp; diputados&nbsp; cambien de opini\u00f3n por \u201csu aguinaldo de navidad\u201d .<\/strong><\/p>\n\n\n\n<p><strong>&nbsp;Las nuevas tarifas entraran en vigor&nbsp; en enero del pr\u00f3ximo a\u00f1o.<\/strong><\/p>\n\n\n\n<p><strong>El mismo funcionario aclar\u00f3 que s\u00f3lo por indexaci\u00f3n, o sea &nbsp;el porcentaje de incremento basado en el \u00cdndice Nacional de Precios al Productor, ser\u00edan alrededor de tres pesos el aumento, perooooo&nbsp;&nbsp; esta cuesti\u00f3n \u2013 dijo &#8211; cuesti\u00f3n que no tiene que ver con la propuesta de incremento.<\/strong><\/p>\n\n\n\n<p><strong>++++++++<\/strong><\/p>\n\n\n\n<p><strong>AUMENTO DE&nbsp; SALARIOS 2026.<\/strong><\/p>\n\n\n\n<p><strong>&#8211; As\u00ed quedara&nbsp; el sueldo m\u00ednimo en la&nbsp; rep\u00fablica mexicana.<\/strong><\/p>\n\n\n\n<p><strong>Como cada cierre de a\u00f1o, los trabajadores mexicanos&nbsp;esperan conocer cu\u00e1l ser\u00e1 el&nbsp;<\/strong><a href=\"https:\/\/www.mediotiempo.com\/actualidad\/tramites\/atencion-cifra-exacta-aguinaldo-2025-ganan-salario-minimo\" target=\"_blank\" rel=\"noreferrer noopener\"><strong>salario m\u00ednimo<\/strong><\/a><strong>&nbsp;que recibir\u00e1n en 2026,&nbsp;<\/strong><strong>especialmente tras&nbsp;el aumento prometido&nbsp;por la presidenta&nbsp;<\/strong><\/p>\n\n\n\n<p><strong>&nbsp;Claudia Sheinbaum&nbsp;coment\u00f3 en varias ocasiones&nbsp;acerca de su compromiso&nbsp;para aumentar el salario m\u00ednimo y realizar un ajuste en 2026,&nbsp;esto con el objetivo de&nbsp;alcanzar hasta 2.5 canastas b\u00e1sicas hasta el 2030.&nbsp;<\/strong><\/p>\n\n\n\n<p><strong>\u200b<\/strong><strong>\u201c<\/strong><strong>Seguir<\/strong><strong>\u00e1<\/strong><strong> el aumento al salario m<\/strong><strong>\u00ed<\/strong><strong>nimo en acuerdo con todos y con todas. Se trata de llegar a 2.5 canastas b<\/strong><strong>\u00e1<\/strong><strong>sicas.<\/strong><\/p>\n\n\n\n<p><strong>Tiene que ir aumentando progresivamente cada a<\/strong><strong>\u00f1<\/strong><strong>o<\/strong><strong>\u201d<\/strong><strong>, coment<\/strong><strong>\u00f3<\/strong><strong> meses atr<\/strong><strong>\u00e1<\/strong><strong>s la presidenta en la Ma<\/strong><strong>\u00f1<\/strong><strong>anera del Pueblo.<\/strong><\/p>\n\n\n\n<p><strong>Para poder cumplir con meta,&nbsp;los aumentos anuales de aqu\u00ed hasta 2029 rondar\u00e1n el&nbsp;&nbsp;12%,&nbsp;n\u00famero que&nbsp;la Comisi\u00f3n Nacional de Salarios M\u00ednimos (Conasami)&nbsp;tendr\u00e1 que confirmar en las pr\u00f3ximas semanas.<\/strong><\/p>\n\n\n\n<p><strong>\u00bf De cu\u00e1nto es el salario m\u00ednimo en M\u00e9xico actualmente?<\/strong><strong><\/strong><\/p>\n\n\n\n<p><strong>Durante este 2025<\/strong><strong>, el salario m\u00ednimo que reciben los trabajadores es de&nbsp;278.80 pesos y de 419.88 pesos en la Zona Libre de la Frontera Norte (ZLFN).<\/strong><\/p>\n\n\n\n<p><strong>Este monto equivale a cerca de&nbsp;8,480.17 pesos mensuales en casi todo el pa\u00eds, exceptuando la Zona Libre de la Frontera Norte,&nbsp;en donde el salario m\u00ednimo es de&nbsp;12,771.35 mensuales.<\/strong><\/p>\n\n\n\n<p><strong>+++++++++++<\/strong><strong><\/strong><\/p>\n\n\n\n<p><strong>P r e&nbsp; s t a m o s<\/strong><\/p>\n\n\n\n<p><strong>de&nbsp; dinero inmediatos a pensionados<\/strong><\/p>\n\n\n\n<h2 class=\"wp-block-heading\">CFE, ISSSTE.FFCC, SCT, PEMEX,<\/h2>\n\n\n\n<h2 class=\"wp-block-heading\">ACTIVOS Y JUBILADOS&nbsp; IMSS<\/h2>\n\n\n\n<h1 class=\"wp-block-heading\">SIN AFECTAR TARJETON.<\/h1>\n\n\n\n<h2 class=\"wp-block-heading\">Ll\u00e1menos las 24 hrs del d\u00eda<\/h2>\n\n\n\n<h1 class=\"wp-block-heading\">LLAMENOS 4811039565<\/h1>\n\n\n\n<h1 class=\"wp-block-heading\">CREDITO INMEDIATO<\/h1>\n\n\n\n<p><strong>++++++++++++<\/strong><\/p>\n\n\n\n<p><strong>Insistimos\u2026\u2026\u2026<\/strong><\/p>\n\n\n\n<p><strong>TOMEN PRECAUCIONES.<\/strong><\/p>\n\n\n\n<p><strong>Lo siguiente ocurri\u00f3 &nbsp;en fecha reciente.<\/strong><\/p>\n\n\n\n<p><strong>Una pareja lleg\u00f3 a casa a media noche,&nbsp; el olor a gas invad\u00eda hasta&nbsp; el exterior de&nbsp; la casa. Abrieron la puerta principal y el&nbsp; hombre fue a la cocina y detect\u00f3 un olor m\u00e1s fuerte.<\/strong><\/p>\n\n\n\n<p><strong>Se&nbsp; supone que&nbsp;&nbsp; aplico&nbsp; el&nbsp; encendedor&nbsp; de&nbsp; la&nbsp; luz interior. y la cocina explot\u00f3, el marido muri\u00f3 instant\u00e1neamente y la esposa fue trasladada a cuidados intensivos donde a\u00fan permanece.<\/strong><\/p>\n\n\n\n<p><strong>Los muebles fueron lanzados a 200 metros de la casa, lo que significa que la explosi\u00f3n fue m\u00e1s fuerte que una bomba.<\/strong><\/p>\n\n\n\n<p><strong>I M P O R T&nbsp; A N T E Cuando huela el gas, nunca encienda la luz, abra todas las puertas y ventanas con calma, para que NO se produzcan chispas, luego cierre el paso del gas y jam\u00e1s encienda la luz hasta que el olor a gas desaparezca por completo.<\/strong><\/p>\n\n\n\n<p><strong>Tampoco abra el refrigerador si huele el gas, ya que tambi\u00e9n causa una explosi\u00f3n, e incluso el ventilador de succi\u00f3n jam\u00e1s lo encienda porque tiene una carga el\u00e9ctrica, solo abra las ventanas y puertas.<\/strong><\/p>\n\n\n\n<p><strong>Cuando termines de leer esto, reenv\u00edalo puede que salves vidas.<\/strong><\/p>\n\n\n\n<p><strong>+++++++++++++.<\/strong><\/p>\n\n\n\n<p><strong>A&nbsp; VER\u2026. A VER.<\/strong><\/p>\n\n\n\n<p><strong>DE DONDE LOS&nbsp;&nbsp; REGIDORES SI&nbsp; NO COBRAN DESDE EL&nbsp; MES DE JULIO.<\/strong><\/p>\n\n\n\n<p><strong>Seg\u00fan un comunicado de palacio municipal, el alcalde de Ciudad Valles dona su sueldo para apoyar a familias afectadas por inundaciones y da\u00f1os ocasionados por las lluvias a familias&nbsp; de varios municipios Huastecos.<\/strong><\/p>\n\n\n\n<p><strong>Tambi\u00e9n el jefe de la comuna Vallense invit\u00f3 a funcionarios y regidores a sumarse a la colecta de v\u00edveres, este&nbsp; gesto ocurri\u00f3 en la primera&nbsp; quincena del mes de octubre, en esa ocasi\u00f3n el mun\u00edcipe habr\u00eda <\/strong><strong>donado \u00edntegro su sueldo para la compra de v\u00edveres y art\u00edculos de primera necesidad, con el objetivo de apoyar a las familias damnificadas o en situaci\u00f3n vulnerable a causa de las&nbsp; lluvias en la regi\u00f3n.<\/strong><\/p>\n\n\n\n<p><strong>&nbsp;&nbsp; Medina Salazar exhorto a regidores y funcionarios municipales para que se sumen a esta campa\u00f1a solidaria y colaboren en beneficio de quienes resultaron&nbsp; afectados&nbsp; por&nbsp; las inundaciones de sus viviendas.<\/strong><\/p>\n\n\n\n<p><strong>Debido a que los regidores&nbsp; no suelen informar nada&nbsp; de lo que&nbsp; hacen o no hacen&nbsp; en su desempe\u00f1o en el cabildo Vallense, no se sabe si&nbsp; se sumaron al llamado, tendr\u00edan como excusa&nbsp;&nbsp; no hacerlo debido a que&nbsp; SI ES VERDAD que aceptaron&nbsp; no cobrar sus&nbsp; supersueldos desde el mes de julio&nbsp; del presente a\u00f1o y declararse&nbsp; REGIDORES HONORARIOS&nbsp; a solicitud del alcalde, no tienen recursos para hacer&nbsp; su aportaci\u00f3n solidaria\u2026.<\/strong><\/p>\n\n\n\n<p><strong>++++++++++++++++++++<\/strong><\/p>\n\n\n\n<p><strong>ALCALDE&nbsp; ASESINADO DE&nbsp; URUAPAN ESTUVO ADVERTIDO&nbsp; DEL RIESGO DE SU VIDA,<\/strong><\/p>\n\n\n\n<p><strong>&#8211; Adversarios&nbsp; de la&nbsp; Mandataria&nbsp; intentan culparla&nbsp; de su muerte.<\/strong><\/p>\n\n\n\n<p><strong>&#8211; Tania&nbsp; 24&nbsp; guaruras de&nbsp; protecci\u00f3n. &nbsp;<\/strong><\/p>\n\n\n\n<p><strong>Dicen que la pol\u00edtica esta &nbsp;de por medio.<\/strong><\/p>\n\n\n\n<p><strong>La llamada&nbsp; derecha&nbsp; mexicana acapara el&nbsp; sentimiento real de&nbsp; un sector&nbsp; de la poblaci\u00f3n por el artero asesinato del alcalde d Uruapan para&nbsp; desprestigiar&nbsp; al gobierno de la presidenta de M\u00e9xico, Claudia Sheinbaum, tras de un a\u00f1o en el cargo, pero la&nbsp; respuesta de&nbsp; su campa\u00f1a&nbsp; es de Siete de cada diez mexicanos, el 70 por ciento, aprueban su gesti\u00f3n.<\/strong><\/p>\n\n\n\n<p><strong>Claudia Sheinbaum, tras poco m\u00e1s de un a\u00f1o en el cargo, pese a que en octubre pasado se registr\u00f3 el nivel m\u00e1s alto de desaprobaci\u00f3n de su gesti\u00f3n, con un 30 por ciento, seg\u00fan revel\u00f3 la encuesta mensual del diario El Financiero.<\/strong><\/p>\n\n\n\n<p><strong>&nbsp;El <\/strong><strong>nivel de aprobaci\u00f3n es tres puntos porcentuales menor al que obtuvo en septiembre (73 por ciento), cuatro puntos menos en comparaci\u00f3n con agosto (74 por ciento) y quince menos que el mes de febrero (85 por ciento), cuando obtuvo la calificaci\u00f3n m\u00e1s elevada.<\/strong><strong><\/strong><\/p>\n\n\n\n<p><strong>&nbsp;<\/strong><strong>Mientras que la desaprobaci\u00f3n alcanz\u00f3 un 30 por ciento, tres puntos porcentuales m\u00e1s que en agosto, y el doble de lo que obtuvo en los meses de enero, febrero y marzo, cuando obtuvo una desaprobaron del 15 por ciento de los encuestados.<\/strong><strong><\/strong><\/p>\n\n\n\n<p><strong>&nbsp;<\/strong><strong>No obstante, la empat\u00eda mostrada por Sheinbaum fue lo m\u00e1s valorado entre los atributos presidenciales, con el 63 por ciento de opini\u00f3n favorable, comparados con el 59 por ciento en honestidad, el 59 por ciento en liderazgo y el 47 por ciento en capacidad para dar resultados.<\/strong><strong><\/strong><\/p>\n\n\n\n<p><strong>&nbsp;<\/strong><strong>La encuesta realizada del 15 al 19 y del 24 al 28 de octubre pasados tiene un nivel de confianza del 95 por ciento y un margen de error del 3,1 por ciento.<\/strong><strong><\/strong><\/p>\n\n\n\n<p><strong>+++++++++++<\/strong><\/p>\n\n\n\n<p><strong>ZACAHUIL&nbsp;&nbsp; HUASTECO.<\/strong><\/p>\n\n\n\n<p><strong>Por&nbsp; Boy E. Charles.<\/strong><\/p>\n\n\n\n<p><strong>La&nbsp; DAPAS&nbsp; por&nbsp; a\u00f1os, desde&nbsp; su transformaci\u00f3n de&nbsp; JASAPA a&nbsp; DAPAS&nbsp;&nbsp; se&nbsp; ha&nbsp; manejado de forma independiente, que&nbsp; recuerde, todos los directores&nbsp;&nbsp; llegados&nbsp; en la pobreza, salieron obligadamente porque lleg\u00f3&nbsp; el otro en iguales&nbsp; circunstancias$$$$$, el que se va, &nbsp;con su situaci\u00f3n econ\u00f3mica&nbsp; bonancible.<\/strong><\/p>\n\n\n\n<p><strong>&nbsp;D\u00edgame&nbsp; estimado&nbsp; lector, de los pasados directores en qu\u00e9 condici\u00f3n econ\u00f3mica&nbsp; est\u00e1n, hasta para enviar a sus hijos a estudiar a Inglaterra. Si se\u00f1or\u2026\u2026<\/strong><\/p>\n\n\n\n<p><strong>PENDIENTE DE SU PUEBLO no cabe duda, el gobernador&nbsp; con mucha frecuencia&nbsp; visita&nbsp; Ciudad Valles y municipios Huastecos&nbsp;&nbsp;&nbsp; siempre con buenas noticias, el ciudadano ve&nbsp; sus incursiones&nbsp; como cosa&nbsp; com\u00fan.<\/strong><\/p>\n\n\n\n<p><strong>Cito lo anterior porque all\u00e1 por&nbsp; los 50s hasta los 70s. un pol\u00edtico en el poder no se&nbsp; tomaba la molestia de&nbsp; hacer giras&nbsp;&nbsp; al interior del estado, cuando casualmente&nbsp; lo hac\u00eda, los alcaldes&nbsp; convocaban&nbsp; al pueblo como obligaci\u00f3n asistir a los m\u00edtines de bienvenida, era todo un acontecimiento y solo contados personajes&nbsp; ten\u00edan acceso al visitante.<\/strong><\/p>\n\n\n\n<p><strong>Otra visita seria dentro de un a\u00f1o o nunca mas. Ahora el Gober llega a la regi\u00f3n, existe&nbsp; mas apertura y dialogo, eso s\u00ed.<\/strong><\/p>\n\n\n\n<p><strong>SABIA USTED&nbsp;&nbsp; que viajar a la capital del estado desde la Huasteca era una haza\u00f1a all\u00e1 por los a\u00f1os 40s y 60d hasta&nbsp; los 70s?&nbsp;&nbsp;&nbsp;&nbsp; por&nbsp; aquellos&nbsp; a\u00f1os todo fue&nbsp; relativamente&nbsp; muy barato pero problem\u00e1tico e inc\u00f3modo, pocos&nbsp; hac\u00edan el viaje&nbsp; a la capirucha de&nbsp; casi&nbsp; ocho horas,&nbsp; ahora&nbsp; se hace en tres horas. Ser\u00eda un crimen que los pol\u00edticos no nos visitaran.<\/strong><\/p>\n\n\n\n<p><strong>HAGA SUS APUESTAS!&nbsp; Dieron o se lamentaron no apoyar los regidores&nbsp;&nbsp; a los damnificados por las inundaciones, su excusa&nbsp; &nbsp;pudo ser&nbsp; que como REGIDORES HONORARIOS&nbsp; NO&nbsp;&nbsp; reciben ninguna clase de ingresos&nbsp; del ayuntamiento, de&nbsp; ser&nbsp; verdad el anuncio que hizo el mun\u00edcipe tras&nbsp; su solicitud a los miembros del cabildo, NO RECIBIRAN&nbsp; SU&nbsp; AGUINALDOTE &nbsp;y las finanzas&nbsp; del municipio iniciaran el nuevo a\u00f1o muy fortalecidas. Eso si con deudas millonarias\u2026\u2026.<\/strong><\/p>\n\n\n\n<p><strong>+++++++++<\/strong><\/p>\n\n\n\n<p><strong>EL ANIVERSARIO DE LA ULPC DEL INGENIO ALIANZA POPULAR.<\/strong><\/p>\n\n\n\n<p><strong>Pocos son los antiguos&nbsp; productores de&nbsp; ca\u00f1a&nbsp; abastecedores del ingenio Agua Buena que pasaron al nuevo ingenio moderno Alianza Popular&nbsp; construido en Tambaca con inversi\u00f3n del gobierno federal, de&nbsp; esos valientes&nbsp; ca\u00f1eros un grupo encabezado por Amado Olguin abastecedor del ejido Dami\u00e1n Carmona, abander\u00f3 la&nbsp; entonces&nbsp; incipiente Asociaci\u00f3n de Ca\u00f1eros&nbsp; CNC asesorado desde&nbsp; el hermano mayor&nbsp; de Valles&nbsp; del ingenio Plan de Ayala, hasta convertirse&nbsp; en la&nbsp; Uni\u00f3n de ca\u00f1eros CNC liderado por hombres como el fundador Amado Olguin Garc\u00eda, despu\u00e9s&nbsp; llegar\u00edan Florencio Aguilar, Antonio Rivera y actualmente Luis Roberto Fortanelli Mart\u00ednez quien lidera la organizaci\u00f3n convertida en asociaci\u00f3n civil.<\/strong><\/p>\n\n\n\n<p><strong>El pasado viernes 7 el Presidente de la Uni\u00f3n Local de Productores de Ca\u00f1a de Az\u00facar AC de Alianza Popular, Luis Roberto Fortanelli Mart\u00ednez, present\u00f3 su 5\u00ba. informe de actividades correspondiente a la zafra 204-2025.<\/strong><\/p>\n\n\n\n<p><strong>En la misma oportunidad se festej\u00f3 el&nbsp; 50&nbsp; aniversario de la fundaci\u00f3n de la&nbsp; gloriosa&nbsp; UNION DE CA\u00d1EROS CNC (ahora A C )<\/strong><\/p>\n\n\n\n<p><strong>+++++++++++++++<\/strong><\/p>\n\n\n\n<h1 class=\"wp-block-heading\">CARROCERIAS&nbsp; BUSTOS<\/h1>\n\n\n\n<h2 class=\"wp-block-heading\">Reforma y Lerdo de tejada Col. Altavista.<\/h2>\n\n\n\n<h2 class=\"wp-block-heading\">Cd Valles SLP&nbsp; Tel. 3824777.<\/h2>\n\n\n\n<p><strong>En carrocer\u00edas para camiones y camionetas nadie nos compite.<\/strong><\/p>\n\n\n\n<p><strong>+++++++<\/strong><\/p>\n\n\n\n<p><strong>\u201c<\/strong><\/p>\n\n\n\n<p><strong>&nbsp; &nbsp;EX&nbsp; ALCALDE DE VALLES EN &nbsp;&nbsp;PRISION TAMAULIPECA.<\/strong><\/p>\n\n\n\n<p><strong>++R\u00f3mulo Garza Mart\u00ednez vinculado a proceso federal.<\/strong><\/p>\n\n\n\n<p><strong>Se&nbsp; esfumaron las esperanzas&nbsp; para El Momo&nbsp; quien fue&nbsp; diputado federal y local por el Distrito de Valles, alcalde de&nbsp; la Puerta Grande de la Huasteca por&nbsp; el&nbsp; PAN , en el&nbsp; proceso&nbsp; penal que&nbsp; enfrenta, derivado de situaciones &nbsp;irregulares&nbsp;&nbsp; en el manejo de los&nbsp; recursos federales&nbsp; cuando fue&nbsp; colaborador durante el sexenio de&nbsp; Francisco Garc\u00eda Cabeza de Vaca .<\/strong><\/p>\n\n\n\n<p><strong>La sentencia b\u00edblica se cumpli\u00f3 la cuerda &nbsp;se revent\u00f3 por lo mas delgado.<\/strong><\/p>\n\n\n\n<p><strong>El ex&nbsp;&nbsp; alcalde panista Vallense&nbsp; no logro aclarar las irregularidades$$$$$$$$$$$ detectadas&nbsp; en el manejo de fondos&nbsp; del programa Bienestar&nbsp; en el estado de Tamaulipas, por lo que&nbsp; ahora&nbsp; ser\u00e1&nbsp; en una nueva oportunidad cuando pueda demostrar su Inocencia o se somete a juicio&nbsp; penal.<\/strong><\/p>\n\n\n\n<p><strong>Algunas amistades&nbsp; de Valles&nbsp; han visitado al procesado, se\u00f1alan&nbsp; que su estado de salud&nbsp; est\u00e1 deteriorado sin embargo&nbsp; abrigan esperanzas&nbsp; que finalmente todo se aclare.<\/strong><\/p>\n\n\n\n<p><strong>Volviendo a Valles, R\u00f3mulo&nbsp; todav\u00eda panista&nbsp; busc\u00f3 ser candidato a la&nbsp; alcald\u00eda&nbsp; de esta ciudad&nbsp; por segunda ocasi\u00f3n, no fue tomado en cuenta y salto&nbsp;&nbsp; al Movimiento Ciudadano&nbsp; pero se&nbsp; impuso el Verde&nbsp; con la reelecci\u00f3n.<\/strong><\/p>\n\n\n\n<p><strong>Con el Momo, es el segundo alcalde&nbsp; enviado a prisi\u00f3n, el primero fue&nbsp; Eligio Quintanilla, sali\u00f3 de la prisi\u00f3n para&nbsp; horas despu\u00e9s dar el Grito de Independencia en&nbsp; palacio municipal.<\/strong><\/p>\n\n\n\n<p><strong>+++++++++++++<\/strong><\/p>\n\n\n\n<p><strong>QFB&nbsp; FABIOLA GARCIA ALVAREZ<\/strong><strong><\/strong><\/p>\n\n\n\n<h2 class=\"wp-block-heading\">Perito dictaminador en an\u00e1lisis bacteriol\u00f3gico de agua<\/h2>\n\n\n\n<h2 class=\"wp-block-heading\">Y alimentos con n\u00famero GES-PD 0705<\/h2>\n\n\n\n<h2 class=\"wp-block-heading\">Perito dictaminador en&nbsp; estupefacientes GES-PD0523<\/h2>\n\n\n\n<h2 class=\"wp-block-heading\">Maestr\u00eda&nbsp; en an\u00e1lisis cl\u00ednicos 1301 \u2013 368068<\/h2>\n\n\n\n<p><strong>Ced&nbsp; prof&nbsp; 8664204&nbsp;&nbsp; Tel. 38 1 66 64Asesor\u00eda,&nbsp; auditor\u00eda&nbsp; y gesti\u00f3n ambiental. G. Victoria No. 8&nbsp; zona centro Cd Valles<\/strong><\/p>\n\n\n\n<p><strong>++++++++++++<\/strong><\/p>\n\n\n\n<p><strong>\u201cFINCA&nbsp; SAN ISIDRO\u201d <\/strong><strong><\/strong><\/p>\n\n\n\n<h2 class=\"wp-block-heading\">Sal\u00f3n para fiestas de todo tipo.<\/h2>\n\n\n\n<h2 class=\"wp-block-heading\">Carretera Valles \u2013 R\u00edo Verde Km. 8<\/h2>\n\n\n\n<h2 class=\"wp-block-heading\">Contrataciones al Tel. 01 481<\/h2>\n\n\n\n<p><strong>+++++++++<\/strong><\/p>\n\n\n\n<h1 class=\"wp-block-heading\">\u201cCAF\u00c9 Y RESTAURANT&nbsp; EL FAROLITO<\/h1>\n\n\n\n<p><strong>Lo mejor de la cocina Huasteca; el tradicional zacahuil y cazueladas .Atendemos toda clase de&nbsp; festejos. Pedidos al Tel&nbsp; 3821017 Ciudad Valles SL++++++++++++++++++<\/strong><\/p>\n\n\n\n<p><strong>+++++++++++++ <\/strong><strong><\/strong><\/p>\n\n\n\n<p><strong>D E&nbsp; V O LA D A.-<\/strong><\/p>\n\n\n\n<p><strong>La numerolog\u00eda es una herramienta que se utiliza para la adivinaci\u00f3n y puede proporcionar informaci\u00f3n interesante sobre diferentes aspectos de la vida, como el amor, la fortuna y, seg\u00fan algunos creen, incluso la longevidad. En este contexto, la fecha de nacimiento juega un papel importante, ya que se utiliza para realizar c\u00e1lculos num\u00e9ricos significativos que pueden ofrecer perspectivas sobre el futuro.<\/strong><\/p>\n\n\n\n<p><strong>\u00bfC\u00f3mo calcular tu n\u00famero con la numerolog\u00eda?<\/strong><strong><\/strong><\/p>\n\n\n\n<p><strong>Dentro de la numerolog\u00eda, se tiende a reducir los n\u00fameros a un solo d\u00edgito, ya que esta pr\u00e1ctica se basa en los n\u00fameros del 1 al 9, con la excepci\u00f3n de los n\u00fameros maestros 11 y 22. Para determinar cu\u00e1ntos a\u00f1os de vida te quedan seg\u00fan la numerolog\u00eda, se suma la cifra de tu fecha de nacimiento. Por ejemplo, si tu fecha de nacimiento es el&nbsp;22 de abril de 1994, la suma ser\u00eda&nbsp;2+2+0+4+1+9+9+4= 31,&nbsp;y luego reducir\u00edamos esto a un solo d\u00edgito, que en este caso ser\u00eda 3+1=4. Seg\u00fan la numerolog\u00eda, este n\u00famero podr\u00eda interpretarse como los a\u00f1os de vida que te quedan.<\/strong><\/p>\n\n\n\n<p><strong>Sin embargo, es importante enfatizar que la numerolog\u00eda es una creencia esot\u00e9rica y no debe tomarse como una ciencia precisa para predecir la longevidad. La duraci\u00f3n de la vida est\u00e1 influenciada por una amplia gama de factores, como la salud, el estilo de vida y las circunstancias personales, que no pueden ser completamente determinados por la fecha de nacimiento ni por ning\u00fan otro m\u00e9todo de adivinaci\u00f3n. Por lo tanto, es esencial tomar esta informaci\u00f3n con precauci\u00f3n y no basar decisiones importantes en ella.<\/strong><\/p>\n\n\n\n<p><strong>SEGUNDA PARTE&nbsp; SEMANA PROXIMA.&nbsp;&nbsp; <\/strong><strong>davidfloresg_43@hotmail.com<\/strong><strong><\/strong><\/p>\n\n\n\n<p><strong>&#8212;<\/strong><\/p>\n","protected":false},"excerpt":{"rendered":"<p>&nbsp; EN PUERTA INCREMENTO DEL 15% TARIFAS DE&nbsp; DAPAS. &#8211;&nbsp; Mas&nbsp; el&nbsp; 5% para rehabilitaci\u00f3n de la planta. &nbsp;&#8211;&nbsp; Nadie&nbsp; protesta, se&nbsp; sirven con la \u201ccuchara grande\u201d &#8211; Aprobaci\u00f3n &nbsp;&nbsp;en el Congreso&nbsp; solo es protocolario. Diputados&nbsp; se benefician tambi\u00e9n. Todos&nbsp; los organismos&nbsp; descentralizados&nbsp; de gobierno &hellip; <\/p>\n","protected":false},"author":1,"featured_media":108943,"comment_status":"open","ping_status":"open","sticky":false,"template":"","format":"standard","meta":{"footnotes":""},"categories":[17],"tags":[],"class_list":["post-109449","post","type-post","status-publish","format-standard","has-post-thumbnail","hentry","category-colaboraciones"],"_links":{"self":[{"href":"https:\/\/amanecerhuasteco.com\/portal\/wp-json\/wp\/v2\/posts\/109449","targetHints":{"allow":["GET"]}}],"collection":[{"href":"https:\/\/amanecerhuasteco.com\/portal\/wp-json\/wp\/v2\/posts"}],"about":[{"href":"https:\/\/amanecerhuasteco.com\/portal\/wp-json\/wp\/v2\/types\/post"}],"author":[{"embeddable":true,"href":"https:\/\/amanecerhuasteco.com\/portal\/wp-json\/wp\/v2\/users\/1"}],"replies":[{"embeddable":true,"href":"https:\/\/amanecerhuasteco.com\/portal\/wp-json\/wp\/v2\/comments?post=109449"}],"version-history":[{"count":1,"href":"https:\/\/amanecerhuasteco.com\/portal\/wp-json\/wp\/v2\/posts\/109449\/revisions"}],"predecessor-version":[{"id":109450,"href":"https:\/\/amanecerhuasteco.com\/portal\/wp-json\/wp\/v2\/posts\/109449\/revisions\/109450"}],"wp:featuredmedia":[{"embeddable":true,"href":"https:\/\/amanecerhuasteco.com\/portal\/wp-json\/wp\/v2\/media\/108943"}],"wp:attachment":[{"href":"https:\/\/amanecerhuasteco.com\/portal\/wp-json\/wp\/v2\/media?parent=109449"}],"wp:term":[{"taxonomy":"category","embeddable":true,"href":"https:\/\/amanecerhuasteco.com\/portal\/wp-json\/wp\/v2\/categories?post=109449"},{"taxonomy":"post_tag","embeddable":true,"href":"https:\/\/amanecerhuasteco.com\/portal\/wp-json\/wp\/v2\/tags?post=109449"}],"curies":[{"name":"wp","href":"https:\/\/api.w.org\/{rel}","templated":true}]}}