{"id":109479,"date":"2025-11-11T08:42:35","date_gmt":"2025-11-11T14:42:35","guid":{"rendered":"https:\/\/amanecerhuasteco.com\/portal\/?p=109479"},"modified":"2025-11-11T08:42:36","modified_gmt":"2025-11-11T14:42:36","slug":"pc-emite-recomendaciones-ante-descenso-de-temperatura-por-frente-frio-numero-13","status":"publish","type":"post","link":"https:\/\/amanecerhuasteco.com\/portal\/pc-emite-recomendaciones-ante-descenso-de-temperatura-por-frente-frio-numero-13\/","title":{"rendered":"PC emite recomendaciones ante descenso de temperatura por frente fr\u00edo n\u00famero 13"},"content":{"rendered":"\n<p><\/p>\n\n\n\n<ul class=\"wp-block-list\">\n<li>Temporada invernal abarca del 21 de diciembre a marzo del 2026<\/li>\n<\/ul>\n\n\n\n<p>CIUDAD VALLES, S.L.P. &#8211; La Direcci\u00f3n de Protecci\u00f3n Civil Municipal, que dirige Miguel \u00c1ngel S\u00e1nchez Hern\u00e1ndez, hace un llamado a la ciudadan\u00eda en general para que se proteja ante los cambios bruscos de temperatura que se estar\u00e1n registrando debido al ingreso del Frente Fr\u00edo n\u00famero 13. Se recomienda a la ciudadan\u00eda proteger principalmente a la poblaci\u00f3n vulnerable, como lo son adultos mayores y ni\u00f1os peque\u00f1os.<\/p>\n\n\n\n<p>S\u00e1nchez Hern\u00e1ndez inform\u00f3 que, para este martes, el pron\u00f3stico del tiempo marca temperatura m\u00ednima de 11 grados cent\u00edgrados para las 06:00 de la ma\u00f1ana, y en el transcurso del d\u00eda se tendr\u00e1 una m\u00e1xima de alrededor de 22 \u00b0C, sin probabilidad de lluvia y presencia de vientos leves de hasta 48 km\/h, por lo que se recomienda a la ciudadan\u00eda tomar sus previsiones.<\/p>\n\n\n\n<p>Con la entrada del frente fr\u00edo n\u00famero 13, este lunes se comenz\u00f3 a notar los primeros cambios de temperatura, y para los d\u00edas mi\u00e9rcoles 12 y jueves 13 de noviembre se espera un pron\u00f3stico de vientos fuertes, con un descenso de temperatura m\u00ednimo.<\/p>\n\n\n\n<p>En seguimiento a lo instruido por el Presidente Municipal David Armando Medina Salazar, se hace un llamado a la poblaci\u00f3n vallense para que se prevengan ante el inicio de la temporada invernal 2025, que comienza el 21 de diciembre y termina el mes de marzo del a\u00f1o 2026. Como Gobierno Municipal se continuar\u00e1 trabajando a favor de las familias en situaci\u00f3n vulnerable.<\/p>\n","protected":false},"excerpt":{"rendered":"<p>CIUDAD VALLES, S.L.P. &#8211; La Direcci\u00f3n de Protecci\u00f3n Civil Municipal, que dirige Miguel \u00c1ngel S\u00e1nchez Hern\u00e1ndez, hace un llamado a la ciudadan\u00eda en general para que se proteja ante los cambios bruscos de temperatura que se estar\u00e1n registrando debido al ingreso del Frente Fr\u00edo n\u00famero &hellip; <\/p>\n","protected":false},"author":1,"featured_media":109480,"comment_status":"open","ping_status":"open","sticky":false,"template":"","format":"standard","meta":{"footnotes":""},"categories":[92,91,25,82,14,67,7,78,62,15,16,4],"tags":[],"class_list":["post-109479","post","type-post","status-publish","format-standard","has-post-thumbnail","hentry","category-ahualulco","category-alaquines","category-aquismon","category-axtla","category-caneros","category-charcas","category-ciudad","category-ciudad-del-maiz","category-ciudad-fernandez","category-ganaderos","category-ingenios","category-inicio"],"_links":{"self":[{"href":"https:\/\/amanecerhuasteco.com\/portal\/wp-json\/wp\/v2\/posts\/109479","targetHints":{"allow":["GET"]}}],"collection":[{"href":"https:\/\/amanecerhuasteco.com\/portal\/wp-json\/wp\/v2\/posts"}],"about":[{"href":"https:\/\/amanecerhuasteco.com\/portal\/wp-json\/wp\/v2\/types\/post"}],"author":[{"embeddable":true,"href":"https:\/\/amanecerhuasteco.com\/portal\/wp-json\/wp\/v2\/users\/1"}],"replies":[{"embeddable":true,"href":"https:\/\/amanecerhuasteco.com\/portal\/wp-json\/wp\/v2\/comments?post=109479"}],"version-history":[{"count":1,"href":"https:\/\/amanecerhuasteco.com\/portal\/wp-json\/wp\/v2\/posts\/109479\/revisions"}],"predecessor-version":[{"id":109481,"href":"https:\/\/amanecerhuasteco.com\/portal\/wp-json\/wp\/v2\/posts\/109479\/revisions\/109481"}],"wp:featuredmedia":[{"embeddable":true,"href":"https:\/\/amanecerhuasteco.com\/portal\/wp-json\/wp\/v2\/media\/109480"}],"wp:attachment":[{"href":"https:\/\/amanecerhuasteco.com\/portal\/wp-json\/wp\/v2\/media?parent=109479"}],"wp:term":[{"taxonomy":"category","embeddable":true,"href":"https:\/\/amanecerhuasteco.com\/portal\/wp-json\/wp\/v2\/categories?post=109479"},{"taxonomy":"post_tag","embeddable":true,"href":"https:\/\/amanecerhuasteco.com\/portal\/wp-json\/wp\/v2\/tags?post=109479"}],"curies":[{"name":"wp","href":"https:\/\/api.w.org\/{rel}","templated":true}]}}