{"id":109724,"date":"2025-11-22T10:27:49","date_gmt":"2025-11-22T16:27:49","guid":{"rendered":"https:\/\/amanecerhuasteco.com\/portal\/?p=109724"},"modified":"2025-11-22T10:27:50","modified_gmt":"2025-11-22T16:27:50","slug":"zafra-2025-2026-del-ingenio-alianza-popular-inicia-oficialmente-el-proximo-28-de-noviembre","status":"publish","type":"post","link":"https:\/\/amanecerhuasteco.com\/portal\/zafra-2025-2026-del-ingenio-alianza-popular-inicia-oficialmente-el-proximo-28-de-noviembre\/","title":{"rendered":"Zafra 2025-2026 del Ingenio Alianza Popular, inicia oficialmente el pr\u00f3ximo 28 de noviembre."},"content":{"rendered":"\n<p><\/p>\n\n\n\n<p>-Este domingo 23 de noviembre, inician quemas de ca\u00f1a en la zona de abasto del Ingenio Alianza Popular<\/p>\n\n\n\n<p>Tamasopo.- Con un estimado de un mill\u00f3n de 200 mil toneladas de ca\u00f1a, esta por iniciar la zafra 2025-2026 del Ingenio Alianza Popular, con lo que se reactiva la actividad econ\u00f3mica de varios municipios huastecos que depende de manera directa de este cultivo.<\/p>\n\n\n\n<p>De acuerdo a los acuerdos de los integrantes del comit\u00e9 de producci\u00f3n y calidad ca\u00f1era del Ingenio Alianza Popular, este domingo 23 de noviembre dar\u00eda inicio la quema de ca\u00f1averales, para iniciar el acarreo a al batey, mientras que los equipos de f\u00e1brica ya comenzaron a trabajar y dar inicio a la zafra 2025-2026 de manera oficial el pr\u00f3ximo 28 de noviembre.<\/p>\n\n\n\n<p>Los dirigentes ca\u00f1eros Falc\u00f3n Saldierna Mart\u00ednez de CNPR y Luis Roberto Fortanelli Mart\u00ednez de CNC, junto con el sector industrial, acordaron realizar las quemas a partir del domingo 23 de noviembre, para iniciar el corte de ca\u00f1a el 24, 25 y 26 de noviembre, comenzando el acarro el mi\u00e9rcoles 26, y ser\u00eda el jueves 27 la molienda de prueba.<\/p>\n\n\n\n<p>De esta forma, la molienda oficial de la zafra 2025-2026 dar\u00e1 inicio el viernes 28 de noviembre.<\/p>\n\n\n\n<p>Cabe se\u00f1alar que esta zafra tiene caracter\u00edsticas especiales, ya que de entrada el productor ca\u00f1ero inicia zafra adeudando el ajuste al precio de la tonelada de ca\u00f1a de la zafra pasada y en medio de incertidumbre del precio del az\u00facar para este 2026.<\/p>\n\n\n\n<p>&#8212;<\/p>\n","protected":false},"excerpt":{"rendered":"<p>-Este domingo 23 de noviembre, inician quemas de ca\u00f1a en la zona de abasto del Ingenio Alianza Popular Tamasopo.- Con un estimado de un mill\u00f3n de 200 mil toneladas de ca\u00f1a, esta por iniciar la zafra 2025-2026 del Ingenio Alianza Popular, con lo que se &hellip; <\/p>\n","protected":false},"author":1,"featured_media":109725,"comment_status":"open","ping_status":"open","sticky":false,"template":"","format":"standard","meta":{"footnotes":""},"categories":[13,25,14,28,29,7,16,4,21],"tags":[],"class_list":["post-109724","post","type-post","status-publish","format-standard","has-post-thumbnail","hentry","category-agropecuaria","category-aquismon","category-caneros","category-cnc","category-cnpr","category-ciudad","category-ingenios","category-inicio","category-tamasopo"],"_links":{"self":[{"href":"https:\/\/amanecerhuasteco.com\/portal\/wp-json\/wp\/v2\/posts\/109724","targetHints":{"allow":["GET"]}}],"collection":[{"href":"https:\/\/amanecerhuasteco.com\/portal\/wp-json\/wp\/v2\/posts"}],"about":[{"href":"https:\/\/amanecerhuasteco.com\/portal\/wp-json\/wp\/v2\/types\/post"}],"author":[{"embeddable":true,"href":"https:\/\/amanecerhuasteco.com\/portal\/wp-json\/wp\/v2\/users\/1"}],"replies":[{"embeddable":true,"href":"https:\/\/amanecerhuasteco.com\/portal\/wp-json\/wp\/v2\/comments?post=109724"}],"version-history":[{"count":1,"href":"https:\/\/amanecerhuasteco.com\/portal\/wp-json\/wp\/v2\/posts\/109724\/revisions"}],"predecessor-version":[{"id":109726,"href":"https:\/\/amanecerhuasteco.com\/portal\/wp-json\/wp\/v2\/posts\/109724\/revisions\/109726"}],"wp:featuredmedia":[{"embeddable":true,"href":"https:\/\/amanecerhuasteco.com\/portal\/wp-json\/wp\/v2\/media\/109725"}],"wp:attachment":[{"href":"https:\/\/amanecerhuasteco.com\/portal\/wp-json\/wp\/v2\/media?parent=109724"}],"wp:term":[{"taxonomy":"category","embeddable":true,"href":"https:\/\/amanecerhuasteco.com\/portal\/wp-json\/wp\/v2\/categories?post=109724"},{"taxonomy":"post_tag","embeddable":true,"href":"https:\/\/amanecerhuasteco.com\/portal\/wp-json\/wp\/v2\/tags?post=109724"}],"curies":[{"name":"wp","href":"https:\/\/api.w.org\/{rel}","templated":true}]}}