{"id":109909,"date":"2025-11-29T20:00:14","date_gmt":"2025-11-30T02:00:14","guid":{"rendered":"https:\/\/amanecerhuasteco.com\/portal\/?p=109909"},"modified":"2025-11-29T20:00:16","modified_gmt":"2025-11-30T02:00:16","slug":"entre-columnas-688","status":"publish","type":"post","link":"https:\/\/amanecerhuasteco.com\/portal\/entre-columnas-688\/","title":{"rendered":"ENTRE COLUMNAS"},"content":{"rendered":"\n<p><\/p>\n\n\n\n<p><strong>SE ACABO&nbsp; SUBSIDIO A&nbsp; CONSUMO DE&nbsp; ENERGIA&nbsp; ELECTRICA.<\/strong><\/p>\n\n\n\n<p><strong>Desde el pasado mes de Noviembre cuide su consumo de energ\u00eda &nbsp;el\u00e9ctrica, el ciclo de &nbsp;subsidio por la temporada \u00abinvernal\u00bb&nbsp; por&nbsp; calor&nbsp; termino.<\/strong><\/p>\n\n\n\n<p><strong>&nbsp;La Comisi\u00f3n Federal de Electricidad (CFE) anunci\u00f3 el retiro del subsidio de verano, &nbsp;apoyo temporal que reduce el costo de la energ\u00eda el\u00e9ctrica durante los meses de mayor calor.<\/strong><\/p>\n\n\n\n<p><strong>Esto inicio este pasado 1 de noviembre, el precio del kilowatt-hora regresar\u00e1 a su tarifa normal, lo que implicar\u00e1 un aumento en los recibos de la&nbsp; CFE en m\u00e1s de 20 estados del pa\u00eds.<\/strong><\/p>\n\n\n\n<p><strong>POR LO QUE LOS COSTOS SUBIRAN CASI AL DOBLE DE NUESTRO ECONSUMO, ASI QUE NO SE ASUSTE SI LE LLEGA BIEN CARGADITO EL RECIBIO ESTE PR\u00d3XIMO CORTE.<\/strong><\/p>\n\n\n\n<p><strong>++++++++++<\/strong><\/p>\n\n\n\n<p><strong>RAMO&nbsp; 28 ASIGNADO&nbsp; A MUNICIPIOS&nbsp; NO ES&nbsp; PARA PAGAR NOMINAS.<\/strong><\/p>\n\n\n\n<p><strong>&#8211; Deben cubrir&nbsp; salarios con ingresos y recursos propios del ayuntamiento-<\/strong><\/p>\n\n\n\n<p><strong>El&nbsp; t\u00edtular del IFSE&nbsp; Rodrigo Lecourtois L\u00f3pez manifest\u00f3 el llamado a los alcaldes para que destinen el recurso federal principalmente a la realizaci\u00f3n de obras p\u00fablicas, mientras que los recursos propios obtenidos por recaudaci\u00f3n se utilicen en el pago de n\u00f3minas.<\/strong><\/p>\n\n\n\n<p><strong>Se\u00f1al\u00f3 que en algunos casos se ha detectado el uso del Ramo 28 para cubrir sueldos, lo cual no corresponde a su finalidad.<\/strong><\/p>\n\n\n\n<p><strong>&nbsp;<\/strong><strong>\u201cEl recurso federal es para obras; los ingresos propios que el municipio recaude s\u00ed pueden destinarse al pago de n\u00f3minas y compromisos internos.<\/strong><\/p>\n\n\n\n<p><strong>Lo ideal es que el ramo federal se oriente a obras y servicios en beneficio de la ciudadan\u00eda\u201d, <\/strong><strong><\/strong><\/p>\n\n\n\n<p><strong>Est\u00e1n advertidos los alcaldes en funciones.<\/strong><\/p>\n\n\n\n<p><strong>++++++++++++<\/strong><\/p>\n\n\n\n<p><strong>NUEVOS POLICIAS A LA POLICIA PREVENTIVA MUNICIPAL<\/strong><\/p>\n\n\n\n<p>Son pocos los elementos&nbsp;&nbsp; de la polic\u00eda municipal en Valles&nbsp; que \u201chacen carrera\u201d la mayor\u00eda incurre&nbsp; en abusos de poder o delitos penados que&nbsp; abandonan su trabajo, otros son enjuiciados penalmente&nbsp; y otros con suerte&nbsp; aparecen en otros municipios&nbsp; &nbsp;en lo mismo, son gente que al no tener otras opciones de trabajo se meten de polic\u00edas.<\/p>\n\n\n\n<p>Esta&nbsp; semana la titular de recursos humanos del ayuntamiento informo que &nbsp;fueron contratados siete&nbsp; elementos m\u00e1s en la Direcci\u00f3n de Seguridad P\u00fablica Municipal.<\/p>\n\n\n\n<p>Sin embargo el d\u00e9ficit es de 70.<\/p>\n\n\n\n<p>Si el municipio de Valles se&nbsp; aproxima a los&nbsp; 200 mil habitantes, la planta de&nbsp; agentes debe ser de&nbsp; un polic\u00eda por cada mil habitantes.<\/p>\n\n\n\n<p>La corporaci\u00f3n uniformada&nbsp; reporta 130, de los&nbsp; cuales hay comisionados lo que reduce&nbsp; el n\u00famero de elementos&nbsp; en servicio.<\/p>\n\n\n\n<p>&nbsp;AHORA SOBRAN PATRULLAS.<\/p>\n\n\n\n<p><strong>+++++++++++<\/strong><strong><\/strong><\/p>\n\n\n\n<p><strong>P r e&nbsp; s t a m o s<\/strong><\/p>\n\n\n\n<p><strong>de&nbsp; dinero inmediatos a pensionados<\/strong><\/p>\n\n\n\n<h2 class=\"wp-block-heading\">CFE, ISSSTE.FFCC, SCT, PEMEX,<\/h2>\n\n\n\n<h2 class=\"wp-block-heading\">ACTIVOS Y JUBILADOS&nbsp; IMSS<\/h2>\n\n\n\n<h1 class=\"wp-block-heading\">SIN AFECTAR TARJETON.<\/h1>\n\n\n\n<h2 class=\"wp-block-heading\">Ll\u00e1menos las 24 hrs del d\u00eda<\/h2>\n\n\n\n<h1 class=\"wp-block-heading\">LLAMENOS 4811039565<\/h1>\n\n\n\n<h1 class=\"wp-block-heading\">CREDITO INMEDIATO<\/h1>\n\n\n\n<p><strong>+++++++++++++++<\/strong><\/p>\n\n\n\n<p><strong>Z A C&nbsp; A H U I&nbsp; L<\/strong><\/p>\n\n\n\n<p><strong>Por&nbsp; Voy E. Charles.<\/strong><\/p>\n\n\n\n<p><strong>GERTZ&nbsp; MANERO LO MANDAN AL RANCHO DE&nbsp; AMLO&nbsp; y llega provisionalmente la temida Justiciera Ernestina Godoy Ramos.&nbsp;&nbsp; Una renuncia inesperada y&nbsp; seguida de la designaci\u00f3n de&nbsp; embajador de ????\u2026\u2026 el&nbsp; que fuera Fiscal de la Naci\u00f3n Alejandro Gertz, Manero sali\u00f3 renunciado (oficialmente renuncio) pese&nbsp; a que su ejercicio legal concluye hasta el a\u00f1o 2028, <\/strong><strong>asumi\u00f3 el cargo en enero de 2019 como el primer fiscal aut\u00f3nomo tras la transformaci\u00f3n de la antigua Procuradur\u00eda General de la Rep\u00fablica. Provisionalmente fue designada &nbsp;Ernestina Godoy Ramos, quien se desempe\u00f1aba como &nbsp;consejera jur\u00eddica de la Presidencia, mientras&nbsp; el Senado convoca a&nbsp; aspirantes&nbsp; a la sucesi\u00f3n.&nbsp;&nbsp;&nbsp; <\/strong><strong>++++++<\/strong><strong> <\/strong><strong><\/strong><\/p>\n\n\n\n<p><strong>CASUALIDAD O ES UNA SE\u00d1AL\u2026.Entre la fauna pol\u00edtica&nbsp; existen una serie de se\u00f1ales&nbsp; que los analistas&nbsp; interpretan y presagian acontecimientos algunas&nbsp; ocasiones aciertan y en otras son lucubraciones solamente. Recientemente en una sesi\u00f3n del cabildo Vallense&nbsp; advirtieron que la Sindico Claudia Isabel Huerta&nbsp; (son dos) ocup\u00f3 su curul junto al &nbsp;regidor de Morena, C\u00e9sar Ramos Clemente. Resulta&nbsp; que la ex&nbsp; secretaria&nbsp; municipal en el trienio pasado vest\u00eda una blusa color guinda&nbsp; y se&nbsp; sent\u00f3 a la derecha del regidor de Morena, esta escenas llamo sobrenanera la atenci\u00f3n de los asistentes al evento,&nbsp; La&nbsp; referida&nbsp; ha cambiado de partido ocasionalmente.<\/strong><\/p>\n\n\n\n<p><strong>+++++&nbsp;&nbsp;&nbsp; LA POBLACION A MERCED&nbsp; DEL hampa;&nbsp;&nbsp; cuando la polic\u00eda municipal \u201ccambia de turno\u201d no le parece a usted una verdadera JALADA&nbsp; de los responsables de la seguridad publica&nbsp; cuando los ciudadanos&nbsp; solicitan el auxilio de la polic\u00eda. ESTO ACABA DE OCURRIR; una&nbsp; se\u00f1ora fue&nbsp; al cajero de Banamex&nbsp; intent\u00f3 sacar efectivo pero quedaron atorados los billetes. Tiempo despu\u00e9s acudieron familiares a auxiliarla y fueron testigos cuando un sujeto entro al sitio y extrajo un artefacto del expedidor del efectivo y saco los billetes, al intentar huir fue perseguido por varias personas y atrapado.&nbsp; Pese a que ocurri\u00f3 en la zona centro, cuando fue solicitada la polic\u00eda municipal pas\u00f3 media hora, &nbsp;al insistir&nbsp; la respuesta fue&nbsp; que&nbsp; no hab\u00eda personal por cambio de guardia\u201d&nbsp; como que huele a complicidad?\u2026\u2026<\/strong><\/p>\n\n\n\n<p><strong>+++++++++++<\/strong><\/p>\n\n\n\n<p><strong>BLOQUEOS PODRIAN TENER IMPLICACIONES POLITICAS.<\/strong><\/p>\n\n\n\n<p><strong>La presidenta de la Republica dijo que es imposible cumplir demandas de agricultores subray\u00f3 que su administraci\u00f3n \u00abhace compromisos, no promesas\u00bb<\/strong><\/p>\n\n\n\n<p><strong>La presidenta Claudia Sheinbaum Pardo asegur\u00f3 que el gobierno federal no puede resolver la demanda de productores de ma\u00edz que exigen un precio de garant\u00eda m\u00e1s alto, al t\u00e9rmino de la mesa de negociaci\u00f3n en la Secretar\u00eda de Gobernaci\u00f3n, la demanda &nbsp;rebasa la capacidad presupuestal del pa\u00eds. su administraci\u00f3n \u201chace compromisos, no promesas\u201d, cualquier acuerdo debe ajustarse a los recursos disponibles. Sheinbaum explic\u00f3 que la mesa de trabajo contin\u00faa abierta en todos los estados y cuestion\u00f3 los bloqueos carreteros: \u00bfPara qu\u00e9 toman una carretera si est\u00e1 abierta la mesa de di\u00e1logo?.<\/strong><\/p>\n\n\n\n<p><strong>++++++++<\/strong><\/p>\n\n\n\n<h1 class=\"wp-block-heading\">CARROCERIAS&nbsp; BUSTOS<\/h1>\n\n\n\n<h2 class=\"wp-block-heading\">Reforma y Lerdo de tejada Col. Altavista.<\/h2>\n\n\n\n<h2 class=\"wp-block-heading\">Cd Valles SLP&nbsp; Tel. 3824777.<\/h2>\n\n\n\n<p><strong>En carrocer\u00edas para camiones y camionetas nadie nos compite.<\/strong><\/p>\n\n\n\n<p><strong>+++++++<\/strong><\/p>\n\n\n\n<p><strong>EL TRICOLOR IR\u00cdA&nbsp; SOLO EN PR\u00d3XIMAS ELECCIONES.<\/strong><\/p>\n\n\n\n<p><strong>El PRI en San Luis Potos\u00ed se ha&nbsp; fortalecido al grado de considerar posible la intenci\u00f3n de ir en solitario en las pr\u00f3ximas elecciones de 2027, publican medios Tuneros &nbsp;citando a &nbsp;Sara Rocha Medina, presidenta del partido en el estado, pero deja abierta la puerta para alianzas.<\/strong><\/p>\n\n\n\n<p><strong>La lideresa dijo que no cierra la posibilidad de una alianza para el 2027, pero dej\u00f3 en claro que dentro del rango de&nbsp; tiempos, se esta dando prioridad del partido en fortalecer&nbsp; la militancia &nbsp;de cara al pr\u00f3ximo evento electoral.<\/strong><\/p>\n\n\n\n<p><strong>++++++++<\/strong><\/p>\n\n\n\n<p><strong>QFB&nbsp; FABIOLA GARCIA ALVAREZ<\/strong><strong><\/strong><\/p>\n\n\n\n<h2 class=\"wp-block-heading\">Perito dictaminador en an\u00e1lisis bacteriol\u00f3gico de agua<\/h2>\n\n\n\n<h2 class=\"wp-block-heading\">Y alimentos con n\u00famero GES-PD 0705<\/h2>\n\n\n\n<h2 class=\"wp-block-heading\">Perito dictaminador en&nbsp; estupefacientes GES-PD0523<\/h2>\n\n\n\n<h2 class=\"wp-block-heading\">Maestr\u00eda&nbsp; en an\u00e1lisis cl\u00ednicos 1301 \u2013 368068<\/h2>\n\n\n\n<p><strong>Ced&nbsp; prof&nbsp; 8664204&nbsp;&nbsp; Tel. 38 1 66 64Asesor\u00eda,&nbsp; auditor\u00eda&nbsp; y gesti\u00f3n ambiental. G. Victoria No. 8&nbsp; zona centro Cd Valles<\/strong><\/p>\n\n\n\n<p><strong>++++++++++++<\/strong><\/p>\n\n\n\n<p><strong>DESAPARECERA LA DAPAS?<\/strong><\/p>\n\n\n\n<p><strong>&#8211; Durante el trienio Independiente hubo una intentona m\u00e1s de privatizar DAPAS.<\/strong><\/p>\n\n\n\n<p><strong>&#8211; Presumen que&nbsp; alcaldes&nbsp; desv\u00edan apoyos&nbsp; federales asignados a esos organismos.<\/strong><\/p>\n\n\n\n<p><strong>No es un hecho pero si una posibilidad, una de las causas que&nbsp; originar\u00edan desaparici\u00f3n de organismos operadores&nbsp; es que &nbsp;los gobiernos municipales&nbsp;&nbsp; utilizan los ingresos por venta de agua&nbsp; a la poblaci\u00f3n como \u201cCAJA CHICA\u201d canalizan a otros rubros&nbsp; los fondos&nbsp; del organismo operador del agua.<\/strong><\/p>\n\n\n\n<p><strong>Esta posibilidad tiene sustento cuando el autor de la&nbsp; advertencia proviene&nbsp; precisamente de <\/strong><strong>Dar\u00edo Fernando Gonz\u00e1lez Castillo, delegado de la Comisi\u00f3n Nacional del Agua (Conagua)&nbsp;en San Luis Potos\u00ed, al se\u00f1alar que en la mayor\u00eda de los ayuntamientos no canalizan los recursos federales a los organismos encargados del agua, lo que cancela proyectos de mantenimiento y obra p\u00fablica.<\/strong><\/p>\n\n\n\n<p><strong>La noticia trascendi\u00f3 en la capital Tunera, el funcionario indic\u00f3 que la falta de colaboraci\u00f3n institucional entre los municipios y sus organismos operadores del agua tiene condenados a los organismos a su desaparici\u00f3n, <a>al se\u00f1alar que, los ayuntamientos no canalizan los recursos federales a las&nbsp; obras etiquetadas.<\/a><\/strong><\/p>\n\n\n\n<p><strong>&nbsp;<\/strong><a><strong>Fue contundente el funcionario \u201cSi seguimos desarticulados entre los alcaldes y los organismos operadores, est\u00e1n destinados casi a la extinci\u00f3n.<\/strong><\/a><\/p>\n\n\n\n<p><strong>Muchos presidentes municipales ven al organismo como un ap\u00e9ndice pol\u00edtico y no como un ente t\u00e9cnico\u201d<\/strong><strong> <\/strong><strong>propuso que la Ley de Aguas contemple una obligaci\u00f3n legal de coordinaci\u00f3n entre ambos niveles, para que los recursos del Fondo de Aportaciones para la Infraestructura Social Municipal (FAISMUN) se apliquen directamente en infraestructura h\u00eddrica y saneamiento.<\/strong><strong><\/strong><\/p>\n\n\n\n<p><strong>++++++++++++++<\/strong><\/p>\n\n\n\n<p><strong>\u00bb <\/strong><strong>\u201cFINCA&nbsp; SAN ISIDRO\u201d <\/strong><strong><\/strong><\/p>\n\n\n\n<h2 class=\"wp-block-heading\">Sal\u00f3n para fiestas de todo tipo.<\/h2>\n\n\n\n<h2 class=\"wp-block-heading\">Carretera Valles \u2013 R\u00edo Verde Km. 8 Contrataciones al Tel. 01 481<\/h2>\n\n\n\n<p><strong>++++<\/strong><\/p>\n\n\n\n<p><strong>PUENTE EN CAMINO VECINAL ES OBRA DE&nbsp; CODESOL..<\/strong><\/p>\n\n\n\n<p><strong>&#8211;&nbsp; Es obra ETIQUETADA&nbsp;&nbsp; por el gobierno federal.<\/strong><\/p>\n\n\n\n<p><strong>A&nbsp; cuatro meses&nbsp; de&nbsp; concluir el plazo fiscal&nbsp; para&nbsp; ejercer&nbsp; recurso del CODESOL&nbsp; la coordinaci\u00f3n municipal&nbsp; apenas&nbsp; informa el inicio&nbsp; el&nbsp; pasado&nbsp; <\/strong><strong>martes 4 de noviembre, la&nbsp; construcci\u00f3n del puente sobre&nbsp; la carretera vecinal \u201cLos Abuelos\u201d&nbsp; que&nbsp; da&nbsp; acceso a la cordillera Tenek conecta&nbsp; la localidad de La Esperanza.<\/strong><\/p>\n\n\n\n<p><strong>No informo sobre el costo de&nbsp; la obra&nbsp; etiquetada, si fue concursada y nombre de la empresa&nbsp; constructora&nbsp; requisitos indispensables&nbsp; establecidos por el gobierno federal.<\/strong><strong><\/strong><\/p>\n\n\n\n<p><strong>Roberto Res\u00e9ndiz Galv\u00e1n, director de CODESOL Valles, inform\u00f3 que&nbsp; derivado a la obra que se ha comenzado a ejecutar, el camino principal permanecer\u00e1 cerrado en dicho tramo por la construcci\u00f3n del puente, la&nbsp; vialidad fue&nbsp; desviada por el acceso que conduce hacia La Lagunita.<\/strong><\/p>\n\n\n\n<p><strong>+++++++++<\/strong><\/p>\n\n\n\n<p><strong>CIENTOS DE ABASTECEDORES&nbsp; DE CA\u00d1A MIGRAN AL INGENIO ALIANZA POPULAR DE TAMBACA.<\/strong><\/p>\n\n\n\n<p><strong>Productores de ca\u00f1a&nbsp; de las&nbsp; zonas de abastecimiento de los ingenios azucareros&nbsp; Plan de Ayala y Plan de San Luis, a partir de la siguiente molienda&nbsp;&nbsp; que est\u00e1 por iniciar, derivaran su cosecha&nbsp; al ingenio Alianza Popular de Tambaca, la raz\u00f3n es su desacuerdo con los descuentos en las cuotas&nbsp; aplicadas por las organizaciones ca\u00f1eras&nbsp; a las que pertenec\u00edan, son muy elevadas mientras&nbsp; en Tambaca&nbsp; en las&nbsp; agrupaciones de la Uni\u00f3n A C&nbsp;&nbsp; y la&nbsp; CNPR son tolerables.<\/strong><\/p>\n\n\n\n<p><strong>Los altos cobros de cuotas, descuentos de un sin n\u00famero de cargos &nbsp;que aparecen en las boletas de liquidaci\u00f3n final de los productores de ca\u00f1a que abastecen los Ingenios Plan de San Luis y Plan de Ayala, ha motivado que productores en desacuerdo decidieron emigrar al Ingenio Alianza Popular, aunque los fletes ser\u00e1n m\u00e1s altos, prefieren el cambio de centros de recepci\u00f3n de sus cosechas.<\/strong><\/p>\n\n\n\n<p><strong>En consecuencia&nbsp; para la zafra 2025-2026 de los Ingenios Azucareros Plan de San Luis y Plan de Ayala el total de la molienda arrojara&nbsp; menos&nbsp; tonelaje&nbsp; de ca\u00f1a&nbsp; industrializada, ejemplo &nbsp;el Ingenio Alianza Popular confirman un estimado de molienda de un mill\u00f3n 250 mil toneladas de ca\u00f1a.&nbsp;&nbsp; Seg\u00fan datos de las mismas agrupaciones ca\u00f1eras, en el Ingenio Plan de Ayala, apenas tienen un estimado en campo de 810 mil toneladas de ca\u00f1a m\u00e1s 180 mil derivadas del Ingenio el Higo.<\/strong><\/p>\n\n\n\n<p><strong>Mientras que en el Ingenio Plan de San Luis, ocurrir\u00e1 lo mismo debido a que los grandes productores de&nbsp; esa&nbsp; zona emigraron al Ingenio Alianza Popular.<\/strong><\/p>\n\n\n\n<p><strong>+++++++++<\/strong><strong><\/strong><\/p>\n\n\n\n<h1 class=\"wp-block-heading\">\u201cCAF\u00c9 Y RESTAURANT&nbsp; EL FAROLITO<\/h1>\n\n\n\n<p><strong>Lo mejor de la cocina Huasteca; el tradicional zacahuil y cazueladas.&nbsp; Atendemos toda clase de&nbsp; festejos. Pedidos al Tel&nbsp; 3821017 Ciudad Valles SLP<\/strong><\/p>\n\n\n\n<p><strong>++++++++++++++++++<\/strong><\/p>\n\n\n\n<p><strong>D E&nbsp; V O LA D A.-<\/strong><\/p>\n\n\n\n<p><strong>(copiado de Redes&nbsp; sociales)<\/strong><\/p>\n\n\n\n<p><a><strong>CUANTOS&nbsp; A\u00d1OS VAS A VIVIR?<\/strong><\/a><\/p>\n\n\n\n<p><strong>La numerolog\u00eda es una herramienta que se utiliza para la adivinaci\u00f3n y puede proporcionar informaci\u00f3n interesante sobre diferentes aspectos de la vida, como el amor, la fortuna y, seg\u00fan algunos creen, incluso la longevidad.<\/strong><\/p>\n\n\n\n<p><strong>&nbsp;En este contexto, la fecha de nacimiento juega un papel importante, ya que se utiliza para realizar c\u00e1lculos num\u00e9ricos significativos que pueden ofrecer perspectivas sobre el futuro.<\/strong><\/p>\n\n\n\n<p><strong>\u00bfC\u00f3mo calcular tu n\u00famero con la numerolog\u00eda?<\/strong><\/p>\n\n\n\n<p><strong>Dentro de la numerolog\u00eda, se tiende a reducir los n\u00fameros a un solo d\u00edgito, ya que esta pr\u00e1ctica se basa en los n\u00fameros del 1 al 9, con la excepci\u00f3n de los n\u00fameros maestros 11 y 22. Para determinar cu\u00e1ntos a\u00f1os de vida te quedan seg\u00fan la numerolog\u00eda, se suma la cifra de tu fecha de nacimiento. Por ejemplo, si tu fecha de nacimiento es el&nbsp;22 de abril de 1994, la suma ser\u00eda&nbsp;2+2+0+4+1+9+9+4= 31,&nbsp;y luego reducir\u00edamos esto a un solo d\u00edgito, que en este caso ser\u00eda 3+1=4. Seg\u00fan la numerolog\u00eda, este n\u00famero podr\u00eda interpretarse como los a\u00f1os de vida que te quedan.<\/strong><strong> <\/strong><a href=\"mailto:davidfloresg_43@hotmail.com\"><strong>davidfloresg_43@hotmail.com<\/strong><\/a><strong><\/strong><\/p>\n\n\n\n<p><strong>+++++++++++++<\/strong><\/p>\n","protected":false},"excerpt":{"rendered":"<p>SE ACABO&nbsp; SUBSIDIO A&nbsp; CONSUMO DE&nbsp; ENERGIA&nbsp; ELECTRICA. Desde el pasado mes de Noviembre cuide su consumo de energ\u00eda &nbsp;el\u00e9ctrica, el ciclo de &nbsp;subsidio por la temporada \u00abinvernal\u00bb&nbsp; por&nbsp; calor&nbsp; termino. &nbsp;La Comisi\u00f3n Federal de Electricidad (CFE) anunci\u00f3 el retiro del subsidio de verano, &nbsp;apoyo &hellip; <\/p>\n","protected":false},"author":1,"featured_media":108943,"comment_status":"open","ping_status":"open","sticky":false,"template":"","format":"standard","meta":{"footnotes":""},"categories":[17],"tags":[],"class_list":["post-109909","post","type-post","status-publish","format-standard","has-post-thumbnail","hentry","category-colaboraciones"],"_links":{"self":[{"href":"https:\/\/amanecerhuasteco.com\/portal\/wp-json\/wp\/v2\/posts\/109909","targetHints":{"allow":["GET"]}}],"collection":[{"href":"https:\/\/amanecerhuasteco.com\/portal\/wp-json\/wp\/v2\/posts"}],"about":[{"href":"https:\/\/amanecerhuasteco.com\/portal\/wp-json\/wp\/v2\/types\/post"}],"author":[{"embeddable":true,"href":"https:\/\/amanecerhuasteco.com\/portal\/wp-json\/wp\/v2\/users\/1"}],"replies":[{"embeddable":true,"href":"https:\/\/amanecerhuasteco.com\/portal\/wp-json\/wp\/v2\/comments?post=109909"}],"version-history":[{"count":1,"href":"https:\/\/amanecerhuasteco.com\/portal\/wp-json\/wp\/v2\/posts\/109909\/revisions"}],"predecessor-version":[{"id":109910,"href":"https:\/\/amanecerhuasteco.com\/portal\/wp-json\/wp\/v2\/posts\/109909\/revisions\/109910"}],"wp:featuredmedia":[{"embeddable":true,"href":"https:\/\/amanecerhuasteco.com\/portal\/wp-json\/wp\/v2\/media\/108943"}],"wp:attachment":[{"href":"https:\/\/amanecerhuasteco.com\/portal\/wp-json\/wp\/v2\/media?parent=109909"}],"wp:term":[{"taxonomy":"category","embeddable":true,"href":"https:\/\/amanecerhuasteco.com\/portal\/wp-json\/wp\/v2\/categories?post=109909"},{"taxonomy":"post_tag","embeddable":true,"href":"https:\/\/amanecerhuasteco.com\/portal\/wp-json\/wp\/v2\/tags?post=109909"}],"curies":[{"name":"wp","href":"https:\/\/api.w.org\/{rel}","templated":true}]}}