{"id":110263,"date":"2025-12-15T09:39:31","date_gmt":"2025-12-15T15:39:31","guid":{"rendered":"https:\/\/amanecerhuasteco.com\/portal\/?p=110263"},"modified":"2025-12-15T09:39:34","modified_gmt":"2025-12-15T15:39:34","slug":"entre-columnas-690","status":"publish","type":"post","link":"https:\/\/amanecerhuasteco.com\/portal\/entre-columnas-690\/","title":{"rendered":"ENTRE COLUMNAS"},"content":{"rendered":"\n<p><\/p>\n\n\n\n<p><strong>SCT&nbsp;&nbsp; SANCIONARA A TAXISTAS&nbsp; PERO EN LA CAPITAL.<\/strong><\/p>\n\n\n\n<p><strong>&#8211; En Valles los&nbsp; abusos en tarifas&nbsp; a la orden del dia.<\/strong><\/p>\n\n\n\n<p><strong>&nbsp;&#8211; Elevaron de&nbsp; 50 a 60 y 70 pesos el&nbsp; m\u00ednimo sin exhibir autorizaci\u00f3n.<\/strong><\/p>\n\n\n\n<p><strong>&#8211; Estuvo en Valles la funcionaria y declaro que no hay incremento de tarifas en el \u00faltimo semestre.<\/strong><strong><\/strong><\/p>\n\n\n\n<p><strong>Mientras en Ciudad Valles el servicio de taxis sus concesionarios y operarios incurren en abusos&nbsp; &nbsp;en el cobro&nbsp; de tarifas y tienen un comportamiento soez&nbsp; si el usuario reclama&nbsp; el abuso, los&nbsp; veh\u00edculos&nbsp; en su mayor\u00eda&nbsp;&nbsp; est\u00e1n en deplorables condiciones de servicio.<\/strong><\/p>\n\n\n\n<p><strong>En la&nbsp; capital del estado y su zona conurbada la <\/strong><strong>Secretar\u00eda de Comunicaciones y Transportes (SCT) del Estado realiza procedimientos administrativos&nbsp; contra operarios y concesionarios que fueron&nbsp; acusados de abusos y conductas indebidas<\/strong><\/p>\n\n\n\n<p><strong>* Dos casos recientes \u2014uno por beber al volante y otro por agresi\u00f3n\u2014 motivar\u00e1n en suspensiones, multas y amonestaciones<\/strong><\/p>\n\n\n\n<p><strong>Araceli&nbsp; Mart\u00ednez&nbsp; Acosta titular de la <\/strong><strong>SCT &nbsp;advirti\u00f3&nbsp; que continuar\u00e1 \u201climpiando el servicio de transporte p\u00fablico\u201d hasta garantizar un servicio seguro, digno y de calidad para todos los usuarios.<\/strong><\/p>\n\n\n\n<p><strong>+++++++++++++++<\/strong><\/p>\n\n\n\n<p><strong>ESPECULAN QUE&nbsp; DELEGADA DEL BIENESTAR SE VA AL RANCHO DE AMLO..<\/strong><\/p>\n\n\n\n<p><strong>Problemas registrados y denunciados&nbsp;&nbsp; del sur de la Huasteca&nbsp; por presuntas irregularidades&nbsp; de&nbsp; aplicaci\u00f3n del &nbsp;programa&nbsp; Bienestar federal, pronostican consecuencias&nbsp; de&nbsp; remoci\u00f3n entre funcionarios de primer nivel en la delegaci\u00f3n con sede en Ciudad Valles a&nbsp; cargo de Griselda&nbsp; Mezquida, &nbsp;el posible cambio ocurre tras una serie de pol\u00e9micas por&nbsp; hechos&nbsp; ocurridos en municipios huastecos por presuntos malos tratos de los programas de apoyo federal.<\/strong><\/p>\n\n\n\n<p><strong>En c\u00edrculos de la delegaci\u00f3n estatal de Bienestar especulan el cambio o destituci\u00f3n de la actual delegada en la zona Huasteca y apuntan <\/strong><strong>que Arturo Alonso Garc\u00eda, suplente del diputado federal Adri\u00e1n Castillo del IV&nbsp; distrito &nbsp;y cercano a la dirigencia estatal de Morena podr\u00eda ser&nbsp; al equipo<\/strong><strong><\/strong><\/p>\n\n\n\n<p><strong>Seg\u00fan antecedentes el problema mayor estall\u00f3 en octubre, cuando familias de comunidades afectadas por las inundaciones denunciaron irregularidades en el levantamiento del censo para la entrega de recursos de emergencia en &nbsp;municipios de Tanqui\u00e1n &nbsp;y Matlapa, la acusaron a personal de Bienestar de manipular los registros para favorecer &nbsp;a otros &nbsp;y condicionar la incorporaci\u00f3n al padr\u00f3n a cambio de una cuota econ\u00f3mica.&nbsp; Las protestas llegaron a bloqueos carreteros<\/strong><\/p>\n\n\n\n<p><strong>++++++++++++<\/strong><\/p>\n\n\n\n<p><strong>INICIATIVA A MODO DEL CEEPAC BENEFCIA SOLO A FEMINAS.<\/strong><\/p>\n\n\n\n<p><strong>&#8211; A&nbsp; contracorriente de Morena.<\/strong><\/p>\n\n\n\n<p><strong>Mientras al gobierno estatal en turno <\/strong><strong>declara que ya es tiempo de dar oportunidad a una mujer de asumir la Gubernatura, l<\/strong><strong>a i<\/strong><strong>niciativa del CEEPAC muestra aut\u00e9ntica paridad de g\u00e9nero y todos los partidos pueden participar bajo este orden en ella para&nbsp; la sucesi\u00f3n sexenal&nbsp; en el 2027<\/strong><strong><\/strong><\/p>\n\n\n\n<p><strong>La iniciativa del Consejo Estatal Electoral y de Participaci\u00f3n Ciudadana es clara: pretende que exista una verdadera paridad de g\u00e9nero y no tiene dedicatoria a ning\u00fan partido pol\u00edtico, pues todos los institutos pol\u00edticos de San Luis Potos\u00ed cuentan con mujeres capaces de asumir la gubernatura del Estado.<\/strong><\/p>\n\n\n\n<p><strong>As\u00ed lo destac\u00f3 el Gobernador del Estado, quien opin\u00f3 que ya es tiempo de darle a una mujer la oportunidad de ser Gobernadora y con ello concretar una paridad de g\u00e9nero efectiva, verdadera y ya no simulada.<\/strong><\/p>\n\n\n\n<p><strong>+++++++++++<\/strong><strong><\/strong><\/p>\n\n\n\n<p><strong>P r e&nbsp; s t a m o s<\/strong><\/p>\n\n\n\n<p><strong>de&nbsp; dinero inmediatos a pensionados<\/strong><\/p>\n\n\n\n<h2 class=\"wp-block-heading\">CFE, ISSSTE.FFCC, SCT, PEMEX,<\/h2>\n\n\n\n<h2 class=\"wp-block-heading\">ACTIVOS Y JUBILADOS&nbsp; IMSS<\/h2>\n\n\n\n<h1 class=\"wp-block-heading\">SIN AFECTAR TARJETON.<\/h1>\n\n\n\n<h2 class=\"wp-block-heading\">Ll\u00e1menos las 24 hrs del d\u00eda<\/h2>\n\n\n\n<h1 class=\"wp-block-heading\">LLAMENOS 4811039565<\/h1>\n\n\n\n<h1 class=\"wp-block-heading\">CREDITO INMEDIATO<\/h1>\n\n\n\n<p><strong>+++++++++++++++<\/strong><\/p>\n\n\n\n<p><strong>Z A C&nbsp; A H U I&nbsp; L<\/strong><\/p>\n\n\n\n<p><strong>Por&nbsp; Voy E. Charles.<\/strong><\/p>\n\n\n\n<p><strong>&nbsp;Esta por llegar&nbsp; la Navidad, los&nbsp; regidores del Ayuntamiento de Valles&nbsp; esperan su \u201cinmerecido aguinaldo\u201d&nbsp; mientras&nbsp; que&nbsp; ninguna dependencia autorizada&nbsp; ha emitido informaci\u00f3n o negado las declaraciones&nbsp; del alcalde&nbsp; quien dijo que a partir de Julio del presente a\u00f1o&nbsp; el cuerpo edilicio&nbsp; donar\u00eda sus&nbsp; sueldos de los siguientes seis meses,&nbsp; la causa es que los regidores y s\u00edndicos se declararon HONORARIOS, el monto o equivalente de sus ingresos \u2013seg\u00fan el alcalde &#8211; serian aplicados como apoyo&nbsp; a&nbsp; familias damnificadas por las lluvias.<\/strong><\/p>\n\n\n\n<p><strong>&nbsp;Por cierto que&nbsp; uno de los S\u00edndicos no aprob\u00f3 donar su \u201cchivo\u201d \u2026.Seguro que&nbsp; en el informe&nbsp; de tesorer\u00eda&nbsp; del mes de&nbsp; enero del 2026 aparecer\u00e1 en ceros&nbsp; &nbsp;o el monto de egresos por los sueldos o compensaciones a&nbsp; regidores de Valles\u2026\u2026<\/strong><\/p>\n\n\n\n<p><strong>El controvertido locatario del mercado \u201cEl Peques\u201d volvi\u00f3 al redil pol\u00edtico despu\u00e9s de una temporada muy cercana al preciso municipal.<\/strong><\/p>\n\n\n\n<p><strong>&nbsp;En redes sociales&nbsp; apareci\u00f3 una toma fotogr\u00e1fica&nbsp; la semana anterior&nbsp; donde&nbsp; est\u00e1n en plena&nbsp; charla con el Tekmol seguramente&nbsp; el tema no fue el precio del tomate y verduras, m\u00e1s bien las condiciones materiales&nbsp; del mercado&nbsp; que&nbsp; hace&nbsp; tres&nbsp; a\u00f1os se reconstruir\u00eda pero debido a que hubo oposici\u00f3n y hasta se ampararon los \u201cDUE\u00d1OS\u201d la&nbsp; obra fue suspendida&nbsp; y no se supo d\u00f3nde&nbsp; est\u00e1n los millones de pesos presupuestados para la obra\u2026.<\/strong><\/p>\n\n\n\n<p><strong>FELIZ&nbsp; NAVIDAD&nbsp; tendr\u00e1n consejeros&nbsp; electorales&nbsp; al votar por unanimidad&nbsp; la iniciativa&nbsp; que tambi\u00e9n los diputados&nbsp; en su momento votaran para que todos los partidos pol\u00edticos solo f\u00e9minas podr\u00e1n postular&nbsp; para cargos de elecci\u00f3n popular &nbsp;en el proceso electoral del a\u00f1o 2027-\u2026\u2026.<\/strong><\/p>\n\n\n\n<p><strong>VECINOS&nbsp; BENEFICIADOS CON UNA OBRA DE CODESOL&nbsp; no aportaran el 10 % que el municipio les&nbsp; exige&nbsp; sobre los 3.5 millones de pesos&nbsp; que&nbsp; exhibieron los quejosos aparece en el oficio que entrego la direcci\u00f3n del organismo que suple&nbsp; las funciones de&nbsp; Obras Publicas \u2013bis ..Argumentan que si la obra&nbsp; fue financiada&nbsp; con recursos federales&nbsp; y considerada como ETIQUETADA&nbsp; el cargo extra&nbsp; alguien aplica este cargo indebidamente.. El concepto de OBRAS&nbsp; ETIQUETADAS&nbsp; para Valles suman entre 200 y 300&nbsp; MDP&nbsp; A CUANTO ASCIENDE EL 10% AP\u00c1?<\/strong><\/p>\n\n\n\n<p><strong>++++++++<\/strong><\/p>\n\n\n\n<h1 class=\"wp-block-heading\">CARROCERIAS&nbsp; BUSTOS<\/h1>\n\n\n\n<h2 class=\"wp-block-heading\">Reforma y Lerdo de tejada Col. Altavista.<\/h2>\n\n\n\n<h2 class=\"wp-block-heading\">Cd Valles SLP&nbsp; Tel. 3824777.<\/h2>\n\n\n\n<p><strong>En carrocer\u00edas para camiones y camionetas nadie nos compite.<\/strong><\/p>\n\n\n\n<p><strong>++++++<\/strong><\/p>\n\n\n\n<p><strong>FUGAS Y HUACHICOLEO DE AGUA EN SISTEMA&nbsp; HIDRAULICO TANCHAHIN.<\/strong><\/p>\n\n\n\n<p><strong>Contubernio u omisi\u00f3n causantes&nbsp; de&nbsp; los&nbsp; problemas por desabasto de&nbsp; agua entubada&nbsp; a m\u00e1s de&nbsp; 15&nbsp; mil habitantes de la cordillera Tenek del municipio de Valles, pero&nbsp; tambi\u00e9n&nbsp; rebasa la capacidad de la direcci\u00f3n de Obras P\u00fablicas no tiene ni presupuesto ni conocimiento para atender fugas.<\/strong><\/p>\n\n\n\n<p><strong>A dos meses y d\u00edas&nbsp; del inicio formal del&nbsp; estiaje en el Valle&nbsp; Huasteco norte, familias radicadas&nbsp; en a Cordillera de la Etnia Tenek han expresado&nbsp; su preocupaci\u00f3n porque las autoridades municipales no atienden oportunamente las condiciones t\u00e9cnicas&nbsp; del sistema de bombeo Tanchachin y su red hasta los poblados, para detectar fugas&nbsp; y TOMAS CLANDESTINAS&nbsp; que conocidos ganaderos y ca\u00f1eros tienen precisamente habitantes de Santa Anita y comunidades de la Cordillera Tenek se\u00f1alan que hay fugas que tienen a\u00f1os y no son corregidas.<\/strong><\/p>\n\n\n\n<p><strong>Por otra parte aqu\u00ed publicamos el 3 de marzo del presente a\u00f1o, mientras que la Comisi\u00f3n Nacional del Agua pide a&nbsp;las autoridades municipales cuidar el agua ante el pron\u00f3stico de sequ\u00eda para los pr\u00f3ximos meses, funcionarios del ayuntamiento de Ciudad Valles, hacen caso omiso por atender fugas de agua del sistema hidr\u00e1ulico Tanchach\u00edn, desperdiciando miles de litros de agua.<\/strong><\/p>\n\n\n\n<p><strong>De acuerdo a denuncias hechas a este medio por habitantes de Santa Anita, se\u00f1alan que han reportado un sin n\u00famero de fugas de agua de la l\u00ednea principal de 12 pulgadas, al director de Obras P\u00fablicas Kevin Yair C\u00e1zares Olvera, quien asegura que est\u00e1n en espera de que el alcalde David Armando Medina Salazar les autorice recursos p\u00fablicos para atenderlas.<\/strong><\/p>\n\n\n\n<p><strong>Explican que desde hace 4 meses han registrado fugas constantes muy cerca del Bombeo ubicado en Santa Anita, pero la respuesta es la misma no hay dinero para atenderlas, generando el desperdicio de miles de litros de agua, ya que se trata de una l\u00ednea de 12 pulgadas que abastece a toda la Coordillera T\u00e9nek de Ciudad Valles.<\/strong><\/p>\n\n\n\n<p><strong>Indicaron que desde el gobierno anterior, solo realizan parches en las l\u00edneas pero no son reparadas, y en este nuevo gobierno se puso peor, ya que desaparece la DAPA rural y queda en manos de Obras P\u00fablicas, donde su director definitivamente le falta conocimiento para atender fugas de agua, las reparaciones que se han hecho es solo colocando \u201cestacas\u201d para tapar los hoyos en la tuber\u00eda da\u00f1ada, pero la fuga de agua contin\u00faan inundando parcelas enteras y causando da\u00f1os a los cultivos. Definitivamente parece&nbsp; que el ayuntamiento de Ciudad Valles no tiene intenci\u00f3n ni capacidad para atender este problema&nbsp; ahora&nbsp; bajo la responsabilidad&nbsp; delmunicipio.<\/strong><\/p>\n\n\n\n<p><strong>++++++++++++<\/strong><\/p>\n\n\n\n<p><strong>QFB &nbsp;FABIOLA GARCIA ALVAREZ<\/strong><strong><\/strong><\/p>\n\n\n\n<h2 class=\"wp-block-heading\">Perito dictaminador en an\u00e1lisis bacteriol\u00f3gico de agua<\/h2>\n\n\n\n<h2 class=\"wp-block-heading\">Y alimentos con n\u00famero GES-PD 0705<\/h2>\n\n\n\n<h2 class=\"wp-block-heading\">Perito dictaminador en&nbsp; estupefacientes GES-PD0523<\/h2>\n\n\n\n<h2 class=\"wp-block-heading\">Maestr\u00eda&nbsp; en an\u00e1lisis cl\u00ednicos 1301 \u2013 368068<\/h2>\n\n\n\n<p><strong>Ced&nbsp; prof&nbsp; 8664204&nbsp;&nbsp; Tel. 38 1 66 64Asesor\u00eda,&nbsp; auditor\u00eda&nbsp; y gesti\u00f3n ambiental. G. Victoria No. 8&nbsp; zona centro Cd Valles<\/strong><\/p>\n\n\n\n<p><strong>++++++++++++<\/strong><\/p>\n\n\n\n<p><strong>EL PUEBLO TEME MAS TOPARSE CON POLIC\u00cdAS&nbsp; QUE CON DELINCUENTES.<\/strong><\/p>\n\n\n\n<p><strong>Guardia Civil Estatal encabeza quejas por presunto abuso de autoridad<\/strong><\/p>\n\n\n\n<p><strong>De&nbsp; acuerdo con el informe del &nbsp;titular de la Segunda Visitadur\u00eda de Derechos Humanos con sede&nbsp; en esta&nbsp; ciudad, &nbsp;Edgardo Gasca, &nbsp;elementos dela <\/strong><strong>Guardia Civil Estatal encabeza quejas por presunto abuso de&nbsp;&nbsp; otros hechos&nbsp; que pudieran configurarse en delitos seg\u00fan&nbsp; las&nbsp; denuncias&nbsp;&nbsp; de las victimas por actos indebidos y uso excesivo de la fuerza<\/strong><\/p>\n\n\n\n<p><strong>Desde a\u00f1os anteriores la delegaci\u00f3n&nbsp; de Derechos Humanos&nbsp; ha informado que las <\/strong><strong>corporaciones policiales contin\u00faan encabezando las quejas por presuntas violaciones a los derechos humanos en esta&nbsp; zona, siendo&nbsp; la Guardia Civil Estatal la corporaci\u00f3n con mayor n\u00famero de se\u00f1alamientos, confirm\u00f3 el delegado.<\/strong><\/p>\n\n\n\n<p><strong>El funcionario dijo a&nbsp; medios&nbsp; informativos que&nbsp; esta&nbsp; situaci\u00f3n resulta preocupante, pero hay m\u00e1s&nbsp; quejas&nbsp; contra&nbsp; servidores&nbsp; p\u00fablicos, en segundo lugar las autoridades educativas ocupan el segundo lugar en acumulaci\u00f3n &nbsp;de quejas, seguidas por la&nbsp; polic\u00eda municipal.&nbsp; Gasca dijo que es indispensable fortalecer la cultura de la denuncia, ya que en muchas ocasiones, al no existir una querella formal, no es posible proceder &nbsp;legalmente.<\/strong><\/p>\n\n\n\n<p><strong>Solo pueden intervenir cuando el o los&nbsp; afectados presentan &nbsp;la denuncia se pueden iniciar los procedimientos correspondientes.<\/strong><\/p>\n\n\n\n<p><strong>&nbsp;El siguiente paso es&nbsp;&nbsp; en la Fiscal\u00eda del estado donde&nbsp; las denuncias&nbsp; contra abusos policiacos pareciera&nbsp; que existe&nbsp; cierta pol\u00edtica d protecci\u00f3n a&nbsp; favor de los acusados .<\/strong><\/p>\n\n\n\n<p><strong>&nbsp;&nbsp;&nbsp;&nbsp;&nbsp;&nbsp;&nbsp; <\/strong><strong>++++++++++++++<\/strong><strong><\/strong><\/p>\n\n\n\n<p><strong>\u00bb <\/strong><strong>\u201cFINCA&nbsp; SAN ISIDRO\u201d <\/strong><strong><\/strong><\/p>\n\n\n\n<h2 class=\"wp-block-heading\">Sal\u00f3n para fiestas de todo tipo.<\/h2>\n\n\n\n<h2 class=\"wp-block-heading\">Carretera Valles \u2013 R\u00edo Verde Km. 8 Contrataciones al Tel. 01 481<\/h2>\n\n\n\n<p><strong>++++<\/strong><\/p>\n\n\n\n<p><strong>ALCALDE \u201cVIGILARA\u201d&nbsp; A SUS&nbsp; FUNCIONARIOS\u2026 Y A \u00c9L AP\u00c1?<\/strong><\/p>\n\n\n\n<p><strong>Ahora&nbsp; se&nbsp; comprende&nbsp; porqu\u00e9&nbsp; durante&nbsp; cuatro a\u00f1os y&nbsp; meses el desarrollo de obras&nbsp; y atenciones&nbsp; de&nbsp; funcionarios&nbsp; del ayuntamiento Vallense han mantenido&nbsp;&nbsp; una&nbsp; especie de&nbsp; pausa&nbsp; a su compromiso social a&nbsp; causa&nbsp; de que sus superiores&nbsp; no los vigilaban, mire&nbsp; nada m\u00e1s&nbsp; lo que publica&nbsp; un medio informativo Tunero:<\/strong><\/p>\n\n\n\n<p><strong>\u201c<\/strong><strong>Entrando el a\u00f1o, Medina vigilar\u00e1 con lupa desempe\u00f1o de funcionarios.<\/strong><\/p>\n\n\n\n<p><strong>&nbsp;A partir del 1 de enero habr\u00e1 una vigilancia exhaustiva al personal de Presidencia, desde funcionarios de primer nivel hasta oficinistas\u201d&nbsp;<\/strong><\/p>\n\n\n\n<p><strong>El gobierno municipal&nbsp; que va por el quinto a\u00f1o en el poder, a\u00fan se &nbsp;recuerda la&nbsp; advertencia &nbsp;&nbsp;pronunciada&nbsp; hace un a\u00f1o&nbsp; sobre el desempe\u00f1o de la planta de \u201cconfianza\u201d&nbsp; de casi 800 empleados, en esta&nbsp; nueva ocasi\u00f3n el mun\u00edcipe sentenci\u00f3 &nbsp;qu\u00e9, qui\u00e9n no se ponga las pilas en&nbsp; el desempe\u00f1o de sus funciones asignadas se&nbsp; ir\u00e1 irremediablemente al rancho de AMLO INCLUYENDO LOS RECOMENDADOS&nbsp; y&nbsp; bien apadrinados.<\/strong><\/p>\n\n\n\n<p><strong>No habr\u00e1 excepciones.<\/strong><\/p>\n\n\n\n<p><strong>+++++++++++++<\/strong><\/p>\n\n\n\n<p><strong>MULTA JUZGADO SEPTIMO DE DISTRITO A TITULAR DE&nbsp; BIENESTAR.<\/strong><\/p>\n\n\n\n<p><strong>Aunque&nbsp; usted&nbsp; no lo crea, la Ley es la Ley, la Jueza Federal Licenciada&nbsp; Mar\u00eda Lucrecia Mart\u00ednez Galv\u00e1n aplico una multa a la titular&nbsp; de la&nbsp; Secretaria del Bienestar Ariadna Montiel Reyes&nbsp; funcionaria&nbsp; de&nbsp; primera l\u00ednea&nbsp; federal que&nbsp; ya&nbsp; fue&nbsp;&nbsp; apercibida&nbsp; de esta disposici\u00f3n del Juzgado con sede en Valles.<\/strong><\/p>\n\n\n\n<p><strong>Seg\u00fan antecedentes&nbsp; citados en el comunicado&nbsp; la multa tiene&nbsp; su origen en&nbsp; que&nbsp; la Secretaria del&nbsp; Bienestar no &nbsp;cumpli\u00f3&nbsp; en tiempo y forma &nbsp;con las suspensiones otorgadas a 12 comunidades ind\u00edgenas de la Huasteca, que&nbsp; promovieron el recurso&nbsp; de&nbsp; amparo ante&nbsp; el&nbsp; Juzgado &nbsp;S\u00e9ptima de Distrito en Valles, <a><\/a><\/strong><\/p>\n\n\n\n<p><strong>La suspensi\u00f3n emitida por el Juzgado se deriva por la retenci\u00f3n del recurso del Fondo de Aportaciones para la Infraestructura Social a Pueblos Ind\u00edgenas y Afromexicanos de M\u00e9xico a las comunidades que promovieron &nbsp;amparos por los recortes que hicieron a ese&nbsp; rubro de aportaciones.<\/strong><\/p>\n\n\n\n<p><strong>+++++++++<\/strong><\/p>\n\n\n\n<p><strong>VOTOS A POLITICOS&nbsp; QUE&nbsp; NO CUMPLEN COMPROMISOS.<\/strong><\/p>\n\n\n\n<p><strong>La comunidad rural conocida como La Toconala en el municipio de Valles, a escasos kil\u00f3metros de la ciudad pero aislada en cuando&nbsp; menos&nbsp; 20 kil\u00f3metros al rodear el rio Valles, quedan&nbsp; totalmente incomunicados durante las lluvias&nbsp; debido a que&nbsp; un tramo&nbsp; vecinal se&nbsp; torna intransitable&nbsp; y ning\u00fan servicio p\u00fablico tiene&nbsp; acceso, el&nbsp; problema&nbsp; es&nbsp; mayor&nbsp; porque&nbsp; sus solicitudes&nbsp; de&nbsp; atender&nbsp; este&nbsp; problema al gobierno municipal no tienen respuesta.<\/strong><\/p>\n\n\n\n<p><strong>&nbsp;&nbsp; Las autoridades auxiliares&nbsp; del poblado La Toconala se quejan que&nbsp; a causa delas lluvias pasadas no tuvieron servicio ni para que una ambulancia de la Cruz Roja taxis, reparto de gas y&nbsp; otros&nbsp; servicios lograran pasar&nbsp; en el camino de aproximadamente tres kil\u00f3metros al tornarse intransitable por las lluvias&nbsp;&nbsp;&nbsp;&nbsp;&nbsp;&nbsp;&nbsp;&nbsp;&nbsp;&nbsp;&nbsp;&nbsp;&nbsp;&nbsp;&nbsp;&nbsp;&nbsp;&nbsp;&nbsp;&nbsp;&nbsp;&nbsp;<\/strong><\/p>\n\n\n\n<p><strong>Habitantes&nbsp; de este lugar lamentan&nbsp; que&nbsp; si alguna &nbsp;ocasi\u00f3n el municipio&nbsp; atendi\u00f3 sus reclamos, solo rastrearon el camino que requiere relleno de material&nbsp; resistente&nbsp; a la humedad, la&nbsp; \u00faltima vez que fueron atendidos hace&nbsp; cuatro a\u00f1os,&nbsp; una&nbsp; maquina rastreo el&nbsp; camino rural de acceso, con las&nbsp; primeras&nbsp; lluvias&nbsp; se torn\u00f3&nbsp; intransitable, esta&nbsp; raz\u00f3n esgrimen los&nbsp; taxistas para&nbsp; negar el servicio a esa localidad.<\/strong><\/p>\n\n\n\n<p><strong>+++++++++++++<\/strong><\/p>\n\n\n\n<p><strong>\u201cCAF\u00c9 Y RESTAURANT&nbsp; EL FAROLITO<\/strong><strong><\/strong><\/p>\n\n\n\n<p><strong>Lo mejor de la cocina Huasteca; el tradicional zacahuil y cazueladas.&nbsp; Atendemos toda clase de&nbsp; festejos. Pedidos al Tel&nbsp; 3821017 Ciudad Valles SLP<\/strong><\/p>\n\n\n\n<p><strong>++++++++++++++++++<\/strong><\/p>\n\n\n\n<p><strong>D E&nbsp; V O LA D A.-<\/strong><\/p>\n\n\n\n<p><strong>El planeta tiene c\u00e1ncer y su fecha de caducidad es 2100, advierte especialista de la UASLP en Congreso de Ciencias Ambientales y Salud<\/strong><\/p>\n\n\n\n<p><a href=\"https:\/\/amanecerhuasteco.com\/portal\/el-planeta-tiene-cancer-y-su-fecha-de-caducidad-es-2100-advierte-especialista-de-la-uaslp-en-congreso-de-ciencias-ambientales-y-salud\/\"><strong>Nov 11, 2025<\/strong><\/a><strong>&nbsp;&#8211;&nbsp;por&nbsp;<\/strong><a href=\"https:\/\/amanecerhuasteco.com\/portal\/author\/amanecer-huasteco\/\"><strong>Amanecer Huasteco<\/strong><\/a><strong>&nbsp;<\/strong><\/p>\n\n\n\n<p><strong>El doctor Fernando D\u00edaz Barriga Mart\u00ednez, investigador y catedr\u00e1tico de la Facultad de Medicina de la Universidad Aut\u00f3noma de San Luis Potos\u00ed (UASLP), advirti\u00f3 que los d\u00edas del planeta Tierra est\u00e1n contados, pues \u201ctiene c\u00e1ncer y una fecha de caducidad marcada para el a\u00f1o 2100\u201d.<\/strong><\/p>\n\n\n\n<p><strong>&nbsp;La afirmaci\u00f3n fue hecha durante la conferencia \u201cDerechos Humanos y los Derechos de la Naturaleza\u201d, ofrecida en el marco del II Congreso de la Licenciatura en Ciencias Ambientales y Salud 2025, titulado \u201cEcosistemas Urbanos\u201d.<\/strong><\/p>\n\n\n\n<p><strong>De acuerdo con el especialista en biolog\u00eda molecular, tres modelos de medici\u00f3n internacionales sobre los l\u00edmites ambientales del planeta coinciden en que la Tierra se encuentra gravemente enferma.<\/strong><\/p>\n\n\n\n<p><strong>\u201cEl calor ser\u00e1 insoportable durante al menos dos meses al a\u00f1o en muchas regiones del mundo\u201d, explic\u00f3, al se\u00f1alar que la explotaci\u00f3n irracional del agua, el petr\u00f3leo y la tierra ha llevado a un deterioro irreversible impulsado por la ambici\u00f3n humana.<\/strong><\/p>\n\n\n\n<p><strong>D\u00edaz Barriga subray\u00f3 que todos los habitantes del planeta son responsables de esta crisis, aunque algunos pa\u00edses cargan con una mayor cuota de culpa. Los pa\u00edses ricos, por su alto nivel de industrializaci\u00f3n y consumo, generan un impacto ambiental mucho m\u00e1s severo que las naciones pobres, donde los da\u00f1os son considerablemente menores.<\/strong><\/p>\n\n\n\n<p><a href=\"mailto:davidfloresg_43@hotmail.com\"><strong>davidfloresg_43@hotmail.com<\/strong><\/a><strong><\/strong><\/p>\n\n\n\n<p><strong>+++++++++++++<\/strong><\/p>\n","protected":false},"excerpt":{"rendered":"<p>SCT&nbsp;&nbsp; SANCIONARA A TAXISTAS&nbsp; PERO EN LA CAPITAL. &#8211; En Valles los&nbsp; abusos en tarifas&nbsp; a la orden del dia. &nbsp;&#8211; Elevaron de&nbsp; 50 a 60 y 70 pesos el&nbsp; m\u00ednimo sin exhibir autorizaci\u00f3n. &#8211; Estuvo en Valles la funcionaria y declaro que no hay &hellip; <\/p>\n","protected":false},"author":1,"featured_media":108943,"comment_status":"open","ping_status":"open","sticky":false,"template":"","format":"standard","meta":{"footnotes":""},"categories":[17],"tags":[],"class_list":["post-110263","post","type-post","status-publish","format-standard","has-post-thumbnail","hentry","category-colaboraciones"],"_links":{"self":[{"href":"https:\/\/amanecerhuasteco.com\/portal\/wp-json\/wp\/v2\/posts\/110263","targetHints":{"allow":["GET"]}}],"collection":[{"href":"https:\/\/amanecerhuasteco.com\/portal\/wp-json\/wp\/v2\/posts"}],"about":[{"href":"https:\/\/amanecerhuasteco.com\/portal\/wp-json\/wp\/v2\/types\/post"}],"author":[{"embeddable":true,"href":"https:\/\/amanecerhuasteco.com\/portal\/wp-json\/wp\/v2\/users\/1"}],"replies":[{"embeddable":true,"href":"https:\/\/amanecerhuasteco.com\/portal\/wp-json\/wp\/v2\/comments?post=110263"}],"version-history":[{"count":1,"href":"https:\/\/amanecerhuasteco.com\/portal\/wp-json\/wp\/v2\/posts\/110263\/revisions"}],"predecessor-version":[{"id":110264,"href":"https:\/\/amanecerhuasteco.com\/portal\/wp-json\/wp\/v2\/posts\/110263\/revisions\/110264"}],"wp:featuredmedia":[{"embeddable":true,"href":"https:\/\/amanecerhuasteco.com\/portal\/wp-json\/wp\/v2\/media\/108943"}],"wp:attachment":[{"href":"https:\/\/amanecerhuasteco.com\/portal\/wp-json\/wp\/v2\/media?parent=110263"}],"wp:term":[{"taxonomy":"category","embeddable":true,"href":"https:\/\/amanecerhuasteco.com\/portal\/wp-json\/wp\/v2\/categories?post=110263"},{"taxonomy":"post_tag","embeddable":true,"href":"https:\/\/amanecerhuasteco.com\/portal\/wp-json\/wp\/v2\/tags?post=110263"}],"curies":[{"name":"wp","href":"https:\/\/api.w.org\/{rel}","templated":true}]}}