{"id":110396,"date":"2025-12-22T09:15:19","date_gmt":"2025-12-22T15:15:19","guid":{"rendered":"https:\/\/amanecerhuasteco.com\/portal\/?p=110396"},"modified":"2025-12-22T09:15:21","modified_gmt":"2025-12-22T15:15:21","slug":"entre-columnas-691","status":"publish","type":"post","link":"https:\/\/amanecerhuasteco.com\/portal\/entre-columnas-691\/","title":{"rendered":"ENTRE COLUMNAS"},"content":{"rendered":"\n<p>GOBIERNO FEDERAL DESTACA A LA HUASTECA POTOSINA COMO DESTINO TUR\u00cdSTICO\u2022<\/p>\n\n\n\n<p>La Huasteca Potosina brilla como destino internacional por su belleza natural, cultura y su creciente presencia, destac\u00f3 la titular de la Sectur federal en la conferencia de la Presidenta Claudia Sheinbaum<\/p>\n\n\n\n<p>San Luis Potos\u00ed est\u00e1 en los ojos del mundo, resultado del trabajo sin l\u00edmites del Gobernador del Estado Ricardo Gallardo Cardona y el apoyo del Gobierno Federal con una promoci\u00f3n tur\u00edstica permanente, como en la conferencia matutina de la presidenta de M\u00e9xico Claudia Sheinbaum Pardo,<\/p>\n\n\n\n<p>A trav\u00e9s de un video promocional, se destac\u00f3 que la Huasteca es un ejemplo del enorme potencial que tiene el pa\u00eds para seguir creciendo con sus atractivos m\u00e1s emblem\u00e1ticos: las cascadas de Tamul, El Meco, Tamasopo &nbsp;y El Salto, rappel en Minas Viejas, la majestuosidad del S\u00f3tano de las Golondrinas, la imponencia de la cascada de Tamul, la magia del Jard\u00edn Surrealista de Edward James, calific\u00e1ndolo como un destino que enamora a quienes buscan naturaleza, aventura y cultura.<\/p>\n\n\n\n<p>+++++++++++<\/p>\n\n\n\n<p>P r e&nbsp; s t a m o s<\/p>\n\n\n\n<p>de&nbsp; dinero inmediatos a pensionados<\/p>\n\n\n\n<h2 class=\"wp-block-heading\">CFE, ISSSTE.FFCC, SCT, PEMEX,<\/h2>\n\n\n\n<h2 class=\"wp-block-heading\">ACTIVOS Y JUBILADOS&nbsp; IMSS<\/h2>\n\n\n\n<h1 class=\"wp-block-heading\">SIN AFECTAR TARJETON.<\/h1>\n\n\n\n<h2 class=\"wp-block-heading\">Ll\u00e1menos las 24 hrs del d\u00eda<\/h2>\n\n\n\n<h1 class=\"wp-block-heading\">LLAMENOS 4811039565<\/h1>\n\n\n\n<h1 class=\"wp-block-heading\">CREDITO INMEDIATO<\/h1>\n\n\n\n<h1 class=\"wp-block-heading\">+++++++++++++<\/h1>\n\n\n\n<p>HOMBRES&nbsp; PODRAN VOTAR&nbsp; PERO&nbsp; NO SER VOTADOS.<\/p>\n\n\n\n<p>&nbsp;&#8211; Reforma a Ley electoral&nbsp; solo permite a partidos&nbsp; postular mujeres.<\/p>\n\n\n\n<p>La&nbsp; diputada local por Valles&nbsp;&nbsp; visit\u00f3 su territorio pol\u00edtico recientemente, seg\u00fan expreso &nbsp;tiene&nbsp; planes&nbsp; a futuro para no quedarse&nbsp; en su curul&nbsp; hasta&nbsp; el final del periodo legislativo<\/p>\n\n\n\n<p>y lo dijo, aprovechando la apertura exclusiva al sexo d\u00e9bil, se apunt\u00f3 para posible postulaci\u00f3n de candidata a la sucesi\u00f3n municipal&nbsp; de&nbsp; Ciudad Valles.<\/p>\n\n\n\n<p>Sorpresivamente&nbsp; apareci\u00f3 en La&nbsp; Puerta Grande de las&nbsp; Huastecas&nbsp; la diputada local por Valles Nancy Jeanine presurosa&nbsp;&nbsp; convoco a algunos medios informativos a los que hizo declaraciones que ella vot\u00f3 contra el nepotismo en la \u00abLey Gobernadora\u00bb de&nbsp; acuerdo con la&nbsp; publicaciones&nbsp; en medios capitalinos, dijo que ella no estuvo en contra de la llamada \u00abLey Gobernadora\u00bb por cuesti\u00f3n de g\u00e9nero, sino porque la considera un ardid para impulsar a la esposa del actual Gobernador.<\/p>\n\n\n\n<p>Actu\u00f3 en congruencia con la&nbsp; &nbsp;presidenta Claudia Sheinbaum Pardo de acabar con la pr\u00e1ctica del nepotismo y porque ve que hay una clara muestra p\u00fablica de querer favorecer a no todas las mujeres<\/p>\n\n\n\n<p>En el trabajo de comisiones electorales, Nancy Jeanine vot\u00f3 en contra de la Reforma a la Ley Electoral estatal, salida del Consejo Estatal Electoral.<\/p>\n\n\n\n<p>Diputada Nancy Jeanine vot\u00f3 contra el nepotismo en la \u00abLey Gobernadora\u00bb<\/p>\n\n\n\n<p>+++++++++++++++<\/p>\n\n\n\n<p>Z A C&nbsp; A H U I&nbsp; L<\/p>\n\n\n\n<p>Por&nbsp; Voy E. Charles.<\/p>\n\n\n\n<p>Feliz&nbsp; noche&nbsp; buena&nbsp; y FELIZ NAVIDAD&nbsp; en este&nbsp; Invierno 2025\u2026Gloria a Dios en las alturas&nbsp; y Paz&nbsp; a los hombres de buena voluntad&nbsp; (excluido Trompas) Bendiciones a mis&nbsp; qq.\u00b4. hh.\u00b4. \u2026 tambi\u00e9n a Do\u00f1a&nbsp; Gloria Pozos y Sara. Recuerdos all\u00e1 por 1963 como fundadores de la radiodifusora&nbsp; cultural XEXR&nbsp; que luego la hicieron comercial\u2026. A&nbsp; do\u00f1a Belem Altamirano Isaguirre\u2026\u2026<\/p>\n\n\n\n<p>Las&nbsp; f\u00e9minas&nbsp; de ac\u00e1, de Cuitolandia&nbsp; como nos dicen los \u201ccurros\u201d&nbsp; capitalinos, en cuanto se enteraron de la reforma electoral del estado&nbsp; con dedicaci\u00f3n a ellas, de inmediato se&nbsp; anotaron&nbsp; en la lista de \u201cpr\u00f3fugas del metate\u201d&nbsp; prestas a participar&nbsp;&nbsp; en&nbsp; el proceso electoral el pr\u00f3ximo a\u00f1o\u2026.Ah&nbsp; y como la Ley anti nepotismo ser\u00e1 aplicada hasta el&nbsp; 2030&nbsp; todos los alcaldes&nbsp;&nbsp; de la&nbsp; Huasteca&nbsp; ya se&nbsp; aprestan a dejar sucesi\u00f3n familiar&nbsp; en las alcald\u00edas y como&nbsp; no&nbsp; disputar&nbsp; ese&nbsp; cargo&nbsp; si solamente con el 10 por ciento&nbsp; que&nbsp; los mun\u00edcipes&nbsp; obligan a los beneficiarios de una obra&nbsp; de Codesol que conforme a sus reglas es RECURSO ETIQUETADO se&nbsp; dan por&nbsp; bien servidos.<\/p>\n\n\n\n<p>Por ejemplo nos facilitaron copia del oficio expedido por Codesol Valles&nbsp; notificando a 20 vecinos de dos cuadras de la calle&nbsp; Jazm\u00edn Colonia D\u00f3raceli por pavimentaci\u00f3n 3.5 millones de pesos y un cargo extra de 10 por ciento para \u201cobras&nbsp; del municipio\u201d &nbsp;Uno de los vecinos inconforme&nbsp; se neg\u00f3 a pagar y quienes lo hicieron&nbsp; a ra\u00edz de la denuncia&nbsp; recuperaron la aportaci\u00f3n referida\u2026\u2026\u2026..<\/p>\n\n\n\n<p>Y LA&nbsp; REMOELACION TOTAL DE LA PLAZA&nbsp; PRINCIPAL DE VALLES&nbsp; AP\u00c1?&#8230;.. se&nbsp; exhibi\u00f3 una maqueta y presumieron 80 MDP&nbsp; para&nbsp; la obra, todo un espect\u00e1culo&nbsp; con la presencia del gobernador&nbsp; ah\u00ed en el Jard\u00edn Hidalgo.&nbsp; Desapareci\u00f3 el proyecto de la obra&nbsp; en cuatro a\u00f1os y tambi\u00e9n el dinero Ap\u00e1?&#8230;&#8230;&nbsp;&nbsp;<\/p>\n\n\n\n<p>Si la &nbsp;reforma&nbsp; electoral&nbsp; tambi\u00e9n incluye&nbsp; al sexo d\u00e9bil como \u00fanica opci\u00f3n a participar&nbsp; en las elecciones pare renovar ayuntamientos,&nbsp; en lo que respecta a Valles,&nbsp; la \u201ccaballada est\u00e1 flaca\u201d &nbsp;las balas&nbsp; quemadas con olor a PRIAN &nbsp;no garantizar\u00edan un triunfo, est\u00e1n demasiado chamuscadas en pasadas campa\u00f1as&nbsp; o muy vistas.&nbsp; &nbsp;<\/p>\n\n\n\n<p>A menos que se&nbsp; recurra a&nbsp; importar&nbsp; una candidata, ya&nbsp; alzo la manos la&nbsp; diputada local por Valles , quien es parte de comisiones electorales, en el Congreso &nbsp;Nancy Jeanine y dijo en reciente visita a nuestra urbe Huasteca &nbsp;que ella vot\u00f3 en contra de la Reforma a la Ley Electoral estatal \u201cgobernadora\u201d.<\/p>\n\n\n\n<p>++++++++++++++<\/p>\n\n\n\n<p><strong>MAS&nbsp; RECURSOS FEDERALES&nbsp; AL ESTADO POTOSINO.<\/strong><\/p>\n\n\n\n<ul class=\"wp-block-list\">\n<li><strong>En una publicaci\u00f3n del 3 de octubre\u00a0 del presente a\u00f1o\u00a0 que tuvo poca difusi\u00f3n\u00a0 aparece:\u00a0 La Secretar\u00eda de Hacienda y Cr\u00e9dito P\u00fablico (SHCP) proyect\u00f3 un incremento real del 9 por ciento en el Ramo 28 para San Luis Potos\u00ed dentro del Proyecto de Presupuesto de Egresos de la Federaci\u00f3n 2026, lo que posiciona a la entidad como el segundo estado con mayor crecimiento de participaciones federales en el pa\u00eds.<\/strong><\/li>\n<\/ul>\n\n\n\n<p><strong>La secretaria de Finanzas Ariana Garc\u00eda Vidal destac\u00f3 que este logro es resultado de la disciplina financiera y la eficiencia recaudatoria local, as\u00ed como de una gesti\u00f3n responsable ante la federaci\u00f3n.<\/strong><\/p>\n\n\n\n<p><strong>La titular de la Secretar\u00eda de Finanzas subray\u00f3 que este crecimiento permitir\u00e1 fortalecer los programas sociales, la infraestructura y las inversiones estrat\u00e9gicas, y reiter\u00f3 que el gobierno estatal trabaja sin l\u00edmites para consolidar el desarrollo econ\u00f3mico y social de todas las regiones del estado.<\/strong><\/p>\n\n\n\n<p><strong>Con este avance, San Luis Potos\u00ed reafirma su liderazgo nacional en materia de finanzas p\u00fablicas y garantiza mejores condiciones para el bienestar de los potosinos.<\/strong><\/p>\n\n\n\n<p>++++++++<\/p>\n\n\n\n<h1 class=\"wp-block-heading\">CARROCERIAS&nbsp; BUSTOS<\/h1>\n\n\n\n<h2 class=\"wp-block-heading\">Reforma y Lerdo de tejada Col. Altavista.<\/h2>\n\n\n\n<h2 class=\"wp-block-heading\">Cd Valles SLP&nbsp; Tel. 3824777.<\/h2>\n\n\n\n<p>En carrocer\u00edas para camiones y camionetas nadie nos compite.<\/p>\n\n\n\n<p>++++++<\/p>\n\n\n\n<p>HUASTECO A CONCEJAL EN VILLA DE POZOS.<\/p>\n\n\n\n<p>Hace&nbsp; algunos inviernos siendo diputado local por Valles, Rene Oyarvide con la representaci\u00f3n del Congreso del Estado ofreci\u00f3 a los Chicos de la Prensa Huastecos&nbsp; un escu\u00e1lido desayuno y sorteo&nbsp; baratijas Chinas&nbsp; entre los asistentes, en un momento dado&nbsp; convers\u00f3 con un reportero y expreso sus&nbsp; ambiciones pol\u00edticas despu\u00e9s de ser&nbsp; secretario del&nbsp; ayuntamiento de Valles y escalar otros puestos&nbsp; en la capital del estado, nunca viviendo en el error, siempre&nbsp;&nbsp; de la ubre presupuestal gubernamental y que suertudo, ahora es&nbsp; Concejal en el nuevo municipio de Villa de Pozos,<\/p>\n\n\n\n<p>Pozos&nbsp; era una&nbsp; colonia&nbsp; capitalina&nbsp; convertida a&nbsp; municipio en fecha reciente, el Congreso nombr\u00f3 un Consejo Municipal&nbsp; pero&nbsp; seg\u00fan la narrativa oficial sus integrantes se fueron sobre \u201clos fierros\u201d por lo que fueron destituidos la semana pasada&nbsp; y entre los nuevos&nbsp; fue&nbsp; nombrado Concejal el Huasteco&nbsp; Rene Oyarvide Ibarra.<\/p>\n\n\n\n<p>++++++++++++<\/p>\n\n\n\n<p>QFB&nbsp; FABIOLA GARCIA ALVAREZ<\/p>\n\n\n\n<h2 class=\"wp-block-heading\">Perito dictaminador en an\u00e1lisis bacteriol\u00f3gico de agua<\/h2>\n\n\n\n<h2 class=\"wp-block-heading\">Y alimentos con n\u00famero GES-PD 0705<\/h2>\n\n\n\n<h2 class=\"wp-block-heading\">Perito dictaminador en&nbsp; estupefacientes GES-PD0523<\/h2>\n\n\n\n<h2 class=\"wp-block-heading\">Maestr\u00eda&nbsp; en an\u00e1lisis cl\u00ednicos 1301 \u2013 368068<\/h2>\n\n\n\n<p>Ced&nbsp; prof&nbsp; 8664204&nbsp;&nbsp; Tel. 38 1 66 64Asesor\u00eda,&nbsp; auditor\u00eda&nbsp; y gesti\u00f3n ambiental. G. Victoria No. 8&nbsp; zona centro Cd Valles<\/p>\n\n\n\n<p>++++++++++++<\/p>\n\n\n\n<p>PRIMER &nbsp;DIA&nbsp; DE ZAFRA, QUEMA DE CA\u00d1AVERALES INVADIERON CENIZAS COLONIAS &nbsp;DEL NORTE.<\/p>\n\n\n\n<p>\u2013 Pese a las recomendaciones previas al inicio de la temporada de zafra y quema de cultivos de ca\u00f1a, la Direcci\u00f3n de Protecci\u00f3n Civil Municipal, &nbsp;el primer d\u00eda&nbsp; hubo quemas de plantaciones&nbsp; aleda\u00f1as a colonias&nbsp; c\u00e9ntricas&nbsp; al norte de la urbe, la&nbsp; ceniza&nbsp; invadi\u00f3 miles de casas&nbsp; y caus\u00f3 da\u00f1os que&nbsp; nadie se hace responsable.<\/p>\n\n\n\n<p>La dependencia emiti\u00f3 recomendaciones a fin de prevenir incendios por quema descontrolada de ca\u00f1a de az\u00facar, con el objetivo de evitar situaciones que da\u00f1en al medio ambiente y pongan en riesgo a la ciudadan\u00eda.<\/p>\n\n\n\n<p>Los requisitos son hacer guardarrayas; tener agua almacenada; contar con bombas aspersoras para una mejor reacci\u00f3n en caso de que se descontrole el fuego y tener el personal necesario para llevar a cabo la quema,<\/p>\n\n\n\n<p>El director&nbsp; dijo que pr\u00f3ximamente convocara&nbsp; a una reuni\u00f3n con productores ca\u00f1eros para establecer &nbsp;el calendario de quemas y exista una &nbsp;coordinaci\u00f3n durante el periodo de&nbsp; cortes&nbsp; en campo. existe una norma oficial al&nbsp; respecto&nbsp; las&nbsp; organizaciones ca\u00f1eras&nbsp; saben&nbsp; de su aplicaci\u00f3n y sanciones a quienes&nbsp; violen sus reglas preventivas.<\/p>\n\n\n\n<p>++++++++++++++<\/p>\n\n\n\n<p>\u00bb \u201cFINCA&nbsp; SAN ISIDRO\u201d<\/p>\n\n\n\n<h2 class=\"wp-block-heading\">Sal\u00f3n para fiestas de todo tipo.<\/h2>\n\n\n\n<h2 class=\"wp-block-heading\">Carretera Valles \u2013 R\u00edo Verde Km. 8 Contrataciones al Tel. 01 481<\/h2>\n\n\n\n<p>++++++++++++<\/p>\n\n\n\n<p>OBRAS DE&nbsp; GOBIERNO CONSTRUIDAS EN AREAS NO NEGOCIABLES&nbsp; DE FRACIONADORES.<\/p>\n\n\n\n<p>De acuerdo con la Ley&nbsp; Urbana municipal, un fraccionador de&nbsp; terreno para comercializaci\u00f3n, debe&nbsp; entregar al municipio un 15%&nbsp; de la superficie&nbsp; donde&nbsp; &nbsp;deber\u00e1n edificar&nbsp;&nbsp; obras p\u00fablicas que beneficien a la comunidad que asentar\u00e1&nbsp; disponiendo de todos los servicios p\u00fablicos. El problema posterior es la condici\u00f3n topogr\u00e1fica de la aportaci\u00f3n en especie.<\/p>\n\n\n\n<p>Durante&nbsp; una&nbsp; gira de trabajo del gobernador del estado por la&nbsp; Huasteca sur, &nbsp;estudiantes denunciaron que&nbsp; edificios escolares&nbsp; reci\u00e9n&nbsp; construidos fueron&nbsp; en terrenos inseguros&nbsp; en cauces de r\u00edos, arroyuelos &nbsp;y zonas vulnerables,&nbsp; en&nbsp; las&nbsp; pasadas&nbsp; inundaciones&nbsp;&nbsp;&nbsp; cuando menos&nbsp; cuatro escuelas son inseguras y representan grave riesgo para cientos de estudiantes.&nbsp; El mismo&nbsp; gobernador as\u00ed lo&nbsp; reconoci\u00f3 y&nbsp; dispuso que el &nbsp;Gobierno del Estado, en coordinaci\u00f3n con la&nbsp;Secretar\u00eda de Educaci\u00f3n&nbsp;y los&nbsp;ayuntamientos locales, iniciar\u00e1 un proceso de&nbsp;reubicaci\u00f3n de los planteles&nbsp;con apoyo presupuestal de la Presidencia de la Rep\u00fablica. Los nuevos terrenos ser\u00e1n municipales y se seleccionar\u00e1n tomando en cuenta los&nbsp;atlas de riesgo, que hasta ahora, en muchos municipios de la Huasteca,&nbsp;no existen o no se han actualizado, &nbsp;esto justifica la construcci\u00f3n en zonas de peligro.<\/p>\n\n\n\n<p>+++++++++++++++++<\/p>\n\n\n\n<p>&#8212; \u201cCAF\u00c9 Y RESTAURANT&nbsp; EL FAROLITO<\/p>\n\n\n\n<p>Lo mejor de la cocina Huasteca; el tradicional zacahuil y cazueladas.&nbsp; Atendemos toda clase de&nbsp; festejos. Pedidos al Tel&nbsp; 3821017 Ciudad Valles SLP<\/p>\n\n\n\n<p>++++++++++++++++++<\/p>\n\n\n\n<p>D E&nbsp; V O LA D A.-<\/p>\n\n\n\n<p><strong>PORQU\u00c9 EL HOMBRE NO REGRESA&nbsp; A LA LUNA.<\/strong><\/p>\n\n\n\n<p><strong>(publicado en redes&nbsp; sociales)<\/strong><\/p>\n\n\n\n<p><strong>&#8211; Hip\u00f3tesis&nbsp; tras del largo silencio.<\/strong><\/p>\n\n\n\n<p><strong>Primera parte de dos.-<\/strong><\/p>\n\n\n\n<p><strong>Por qu\u00e9 el hombre no regres\u00f3 a la Luna?<\/strong><\/p>\n\n\n\n<p><strong>&#8211; Hip\u00f3tesis detr\u00e1s del largo silencio terrenal..<\/strong><\/p>\n\n\n\n<p><strong>Han pasado m\u00e1s de cinco d\u00e9cadas desde que la humanidad pis\u00f3 por \u00faltima vez la superficie lunar. La misi\u00f3n Apolo 17, en diciembre de 1972, marc\u00f3 el final de una era de exploraci\u00f3n que parec\u00eda apenas comenzar. Desde entonces, pese a los avances tecnol\u00f3gicos, no hemos regresado. \u00bfPor qu\u00e9?<\/strong><strong><\/strong><\/p>\n\n\n\n<p><strong>Una de las hip\u00f3tesis m\u00e1s comunes apunta al alt\u00edsimo costo econ\u00f3mico. Las misiones del programa Apolo representaron una enorme inversi\u00f3n para Estados Unidos, motivada por la Guerra Fr\u00eda y la carrera espacial contra la Uni\u00f3n Sovi\u00e9tica. Una vez ganada esa competencia simb\u00f3lica, el inter\u00e9s pol\u00edtico y presupuestal disminuy\u00f3.<\/strong><\/p>\n\n\n\n<p><strong>Otra teor\u00eda sugiere que los riesgos t\u00e9cnicos y humanos eran demasiado altos para continuar sin garant\u00edas de \u00e9xito. A pesar de los logros, las misiones Apolo estuvieron marcadas por incertidumbres, como el incendio del Apolo 1 o los problemas del Apolo 13, que pusieron en peligro la vida de los astronautas. (continuara pr\u00f3xima semana) <\/strong><a href=\"mailto:davidfloresg_43@hotmail.com\">davidfloresg_43@hotmail.com<\/a><strong><\/strong><\/p>\n\n\n\n<p>+++++++++++++<\/p>\n","protected":false},"excerpt":{"rendered":"<p>GOBIERNO FEDERAL DESTACA A LA HUASTECA POTOSINA COMO DESTINO TUR\u00cdSTICO\u2022 La Huasteca Potosina brilla como destino internacional por su belleza natural, cultura y su creciente presencia, destac\u00f3 la titular de la Sectur federal en la conferencia de la Presidenta Claudia Sheinbaum San Luis Potos\u00ed est\u00e1 &hellip; <\/p>\n","protected":false},"author":1,"featured_media":108943,"comment_status":"open","ping_status":"open","sticky":false,"template":"","format":"standard","meta":{"footnotes":""},"categories":[17],"tags":[],"class_list":["post-110396","post","type-post","status-publish","format-standard","has-post-thumbnail","hentry","category-colaboraciones"],"_links":{"self":[{"href":"https:\/\/amanecerhuasteco.com\/portal\/wp-json\/wp\/v2\/posts\/110396","targetHints":{"allow":["GET"]}}],"collection":[{"href":"https:\/\/amanecerhuasteco.com\/portal\/wp-json\/wp\/v2\/posts"}],"about":[{"href":"https:\/\/amanecerhuasteco.com\/portal\/wp-json\/wp\/v2\/types\/post"}],"author":[{"embeddable":true,"href":"https:\/\/amanecerhuasteco.com\/portal\/wp-json\/wp\/v2\/users\/1"}],"replies":[{"embeddable":true,"href":"https:\/\/amanecerhuasteco.com\/portal\/wp-json\/wp\/v2\/comments?post=110396"}],"version-history":[{"count":1,"href":"https:\/\/amanecerhuasteco.com\/portal\/wp-json\/wp\/v2\/posts\/110396\/revisions"}],"predecessor-version":[{"id":110397,"href":"https:\/\/amanecerhuasteco.com\/portal\/wp-json\/wp\/v2\/posts\/110396\/revisions\/110397"}],"wp:featuredmedia":[{"embeddable":true,"href":"https:\/\/amanecerhuasteco.com\/portal\/wp-json\/wp\/v2\/media\/108943"}],"wp:attachment":[{"href":"https:\/\/amanecerhuasteco.com\/portal\/wp-json\/wp\/v2\/media?parent=110396"}],"wp:term":[{"taxonomy":"category","embeddable":true,"href":"https:\/\/amanecerhuasteco.com\/portal\/wp-json\/wp\/v2\/categories?post=110396"},{"taxonomy":"post_tag","embeddable":true,"href":"https:\/\/amanecerhuasteco.com\/portal\/wp-json\/wp\/v2\/tags?post=110396"}],"curies":[{"name":"wp","href":"https:\/\/api.w.org\/{rel}","templated":true}]}}