{"id":110480,"date":"2025-12-27T23:08:35","date_gmt":"2025-12-28T05:08:35","guid":{"rendered":"https:\/\/amanecerhuasteco.com\/portal\/?p=110480"},"modified":"2025-12-27T23:08:37","modified_gmt":"2025-12-28T05:08:37","slug":"entre-columnas-692","status":"publish","type":"post","link":"https:\/\/amanecerhuasteco.com\/portal\/entre-columnas-692\/","title":{"rendered":"ENTRE COLUMNAS"},"content":{"rendered":"\n<p><strong>PRECIO DE COMBUSTIBLES &nbsp;AUMENTA &nbsp;DESDE ENERO 2026<\/strong><strong><\/strong><\/p>\n\n\n\n<p><strong>&#8211; El &nbsp;di\u00e9sel es el que &nbsp;incrementa mas a usuarios.<\/strong><strong><\/strong><\/p>\n\n\n\n<p><strong>De acuerdo con lo publicado en el&nbsp;<\/strong><strong>Diario Oficial de la Federaci\u00f3n<\/strong><strong>, la Ley del IEPS establece que las cuotas aplicables a las gasolinas y al di\u00e9sel deben actualizarse de manera anual con base en la inflaci\u00f3n, entrando en vigor el primer d\u00eda de cada a\u00f1o.<\/strong><strong><\/strong><\/p>\n\n\n\n<p><strong>Para 2026, el ajuste se realiz\u00f3 tomando como referencia el \u00cdndice Nacional de Precios al Consumidor (INPC) correspondiente a noviembre de 2025, el cual se ubic\u00f3 en 142.645 puntos, lo que deriv\u00f3 en un incremento en las cuotas del impuesto.<\/strong><strong><\/strong><\/p>\n\n\n\n<p><strong>Con esta actualizaci\u00f3n, las cuotas del IEPS que estar\u00e1n vigentes a partir del 1 de enero de 2026 son las siguientes:<\/strong><strong><\/strong><\/p>\n\n\n\n<ul class=\"wp-block-list\">\n<li><strong>Gasolina menor a 91 octanos (Magna):<\/strong><strong>\u00a06.7001 pesos por litro<\/strong><\/li>\n\n\n\n<li><strong>Gasolina mayor o igual a 91 octanos (Premium):<\/strong><strong>\u00a05.6579 pesos por litro<\/strong><\/li>\n\n\n\n<li><strong>Di\u00e9sel:<\/strong><strong>\u00a07.3634 pesos por litro<\/strong><\/li>\n<\/ul>\n\n\n\n<p><strong>Este ajuste fiscal impactar\u00e1 en el precio final que pagan las y los consumidores en las estaciones de servicio, que se reflejar\u00e1 en los costos de carga de combustible tanto para automovilistas como para el transporte, publico coincidiendo con el inicio del a\u00f1o.<\/strong><strong><\/strong><\/p>\n\n\n\n<p><strong>Las autoridades federales reiteraron que esta actualizaci\u00f3n forma parte del mecanismo legal vigente y se aplica de manera peri\u00f3dica conforme a lo establecido en la ley.<\/strong><strong><\/strong><\/p>\n\n\n\n<p><strong>++++++++++++<\/strong><strong><\/strong><\/p>\n\n\n\n<p><strong>\u201cLEY GOBERNADORA\u201d APROBADA EN CABILDO POR MAYORIA.<\/strong><strong><\/strong><\/p>\n\n\n\n<p><strong>No fue &nbsp;por unanimidad &nbsp;la &nbsp;aprobaci\u00f3n de la &nbsp;llamada Ley Gobernadora, en el cabildo de Valles &nbsp;ci<\/strong><strong>nco de 14 ediles no votaron a favor, &nbsp;o sea &nbsp;una tercera &nbsp;parte &nbsp;en desacuerdo , situaci\u00f3n que pone en entredicho al gobierno municipal que espera &nbsp;&nbsp;el apoyo &nbsp;del estado para el siguiente a\u00f1o fiscal y &nbsp;si eventualmente &nbsp;llegara &nbsp;al poder &nbsp;&nbsp;la persona &nbsp;a quien &nbsp;beneficia &nbsp;esta modificaci\u00f3n a la ley electoral que solicitaron los concejeros del Ceepac &nbsp;Valles &nbsp;resentir\u00eda los efectos negativos &nbsp;del sexenio. <\/strong><strong><\/strong><\/p>\n\n\n\n<p><strong>En la sesi\u00f3n del cabildo trasmitida por redes sociales la s\u00edndico del Partido Verde, Claudia Isabel Huerta Robledo &nbsp;emiti\u00f3 un manifiesto <\/strong><strong><\/strong><\/p>\n\n\n\n<p><strong>personal en el que invoc\u00f3 la lucha por la paridad en San Luis Potos\u00ed y dijo &nbsp;estar a favor de la paridad, como una competencia justa para hombres y mujeres, pero no mediante mecanismos restrictivos. <\/strong><strong><\/strong><\/p>\n\n\n\n<p><strong>La misma &nbsp;integrante del cabildo Vallense <\/strong><strong><\/strong><\/p>\n\n\n\n<p><strong>vot\u00f3 en contra de la modificaci\u00f3n para que los partidos s\u00f3lo elijan mujeres como candidatas, a esa &nbsp;postura se sumaron con su voto en contra los regidores de Morena, Nora Hilda Lara y C\u00e9sar Ramos, Esther Mart\u00ednez, del PRD y Javier Cruz Salazar del PAN.<\/strong><strong><\/strong><\/p>\n\n\n\n<p><strong>+++++++++++<\/strong><strong><\/strong><\/p>\n\n\n\n<p><strong>AYUNTAMIENTO DE VALLES &nbsp;TENDRA SU \u201cMA\u00d1ANERA\u201d<\/strong><strong><\/strong><\/p>\n\n\n\n<p><strong>El &nbsp;portal de noticias &nbsp;El Informador publico esta semana &nbsp;que &nbsp;el alcalde de Valle &nbsp;para no quedar &nbsp;atr\u00e1s &nbsp;de los avances &nbsp;en el rubro de informaci\u00f3n de &nbsp;gobierno a la ciudadan\u00eda, &nbsp;tendr\u00e1 &nbsp;a partir del a\u00f1o 2026 y anuncio con bombos y platillos que al parecer &nbsp;ser\u00e1 &nbsp;&nbsp;en la frecuencia 99.7 mhz &nbsp;donde &nbsp;imitara a la Presidenta de Mexico &nbsp;todos los d\u00edas, a las 7 de la ma\u00f1ana. <\/strong><strong><\/strong><\/p>\n\n\n\n<p><strong>++++++++++++<\/strong><strong><\/strong><\/p>\n\n\n\n<p><strong>+++++++++++<\/strong><strong><\/strong><\/p>\n\n\n\n<p><strong>P r e &nbsp;s t a m o s <\/strong><strong><\/strong><\/p>\n\n\n\n<p><strong>de &nbsp;dinero inmediatos a pensionados <\/strong><strong><\/strong><\/p>\n\n\n\n<h2 class=\"wp-block-heading\"><strong>CFE, ISSSTE.FFCC, SCT, PEMEX, <\/strong><strong><\/strong><\/h2>\n\n\n\n<h2 class=\"wp-block-heading\"><strong>ACTIVOS Y JUBILADOS &nbsp;IMSS <\/strong><strong><\/strong><\/h2>\n\n\n\n<h1 class=\"wp-block-heading\"><strong>SIN AFECTAR TARJETON.<\/strong><strong><\/strong><\/h1>\n\n\n\n<h2 class=\"wp-block-heading\"><strong>Ll\u00e1menos las 24 hrs del d\u00eda <\/strong><strong><\/strong><\/h2>\n\n\n\n<h1 class=\"wp-block-heading\"><strong>LLAMENOS 4811039565<\/strong><strong><\/strong><\/h1>\n\n\n\n<h1 class=\"wp-block-heading\"><strong>CREDITO INMEDIATO<\/strong><strong><\/strong><\/h1>\n\n\n\n<h1 class=\"wp-block-heading\"><strong>+++++++++++++<\/strong><strong><\/strong><\/h1>\n\n\n\n<p><strong>MAS DE 61 MIL PESOS MENSUALES &nbsp;SE &nbsp;&nbsp;EMBOLSARAN LOS REGIDORES DE &nbsp;VALLES.<\/strong><strong><\/strong><\/p>\n\n\n\n<p><strong>&nbsp;Los regidores del &nbsp;cabildo Vallense &nbsp;batallaron mucho &nbsp;en la \u00faltima sesi\u00f3n del cabildo para auto aprobarse &nbsp;mas de &nbsp;61 mil pesos mensuales de sueldo para &nbsp;el &nbsp;ejercicio fiscal 2026.<\/strong><strong><\/strong><\/p>\n\n\n\n<p><strong>En la pasada sesi\u00f3n p\u00fablica de Cabildo (antes realizaron una previa privada no contemplada en la Ley ) fueron sorprendidos cuando &nbsp;&nbsp;la tesorera del Ayuntamiento, Anel Coronado Aguilar &nbsp;inform\u00f3 que conforme &nbsp;al ajuste inflacionario el tabulador arroj\u00f3 un rasero m\u00e1ximo de 69 mil pesos y un m\u00ednimo de 61 mil pesos, eligiendo los ediles el valor menor de este ajuste. <\/strong><strong><\/strong><\/p>\n\n\n\n<p><strong>Con este sueldo mensual a partir del mes de enero de 2026 su compensaci\u00f3n tendr\u00e1 un &nbsp;incremento de dos mil pesos m\u00e1s que en la actualidad. &nbsp;El costo de estos &nbsp;\u201cServidores\u201d anualmente ser\u00e1 de &nbsp;ONCE MILLONES DE PESOS.<\/strong><strong><\/strong><\/p>\n\n\n\n<p><strong>+++++++++++++++<\/strong><strong><\/strong><\/p>\n\n\n\n<p><strong>Z A C &nbsp;A H U I &nbsp;L <\/strong><strong><\/strong><\/p>\n\n\n\n<p><strong>Por &nbsp;Voy E. Charles.<\/strong><strong><\/strong><\/p>\n\n\n\n<p><strong>EN &nbsp;&nbsp;VALLES, QUI\u00c9N GANARA MAS DIARIAMENTE &nbsp;SOLO POR &nbsp;LEVANTAR LA MANO &nbsp;de &nbsp;aprobaci\u00f3n, levantar el dedo &nbsp;ser\u00e1 TASADO &nbsp;en &nbsp;otro rubro mejor pagado pero con dinero del pueblo. &nbsp;Usted &nbsp;sabe &nbsp;quienes &nbsp;tienen ese &nbsp;privilegio, &nbsp;&nbsp;1 &nbsp;regidor y dos s\u00edndicos &nbsp;&nbsp;por &nbsp;no hacer nada productivo al pueblo ganaran en promedio $2,033.33 &nbsp;pesitos &nbsp;diariamente, estos fueron electos &nbsp;pero los &nbsp;11 &nbsp;restantes &nbsp;son militantes &nbsp;de partidos a los que &nbsp;se conocen como \u201cpluris\u201d\u2026 a verdad. &nbsp;&nbsp;Falta aclarar sobre &nbsp;los seis meses como regidores honorarios &nbsp;&nbsp;\u2026..<\/strong><strong><\/strong><\/p>\n\n\n\n<p><strong>El problema del servicio de taxis en esta ciudad &nbsp;es &nbsp;remoto, actualmente llega al extremo cuando los operarios de las unidades &nbsp;cobran el doble &nbsp;por una \u201ccarrera\u201d &nbsp;que &nbsp;por regla general ellos afirman es de 60 pesos, ahora &nbsp;son 80 y hasta 100 pesos. Las unidades concesionadas &nbsp;son rentadas , &nbsp;o los concesionarios &nbsp;tienen uno o dos &nbsp;choferes &nbsp;que cumplen con la cuota &nbsp;diaria asignada. Son pocos los propietarios de las unidades y concesiones &nbsp;que si trabajan y hasta recomiendan &nbsp;a usuarios &nbsp;que se &nbsp;quejan de los abusos, hasta proporcionan un tel\u00e9fono para &nbsp;denunciar a los choferes anusivos, sin embargo los quejosos prefieren no perder su tiempo y meter \u201cmas dinero bueno al malo\u201d &nbsp;para ir hasta las oficinas de la SCT &nbsp;a \u201cperder su tiempo\u201d los operarios &nbsp;siguen sin identificaci\u00f3n debido a que no portan si &nbsp;gafete &nbsp;respectivo ni las tarifas autorizadas.<\/strong><strong><\/strong><\/p>\n\n\n\n<p><strong>EN LOS TIEMPOS DE &nbsp;FIDEL VELAZQUEZ &nbsp;quien fue l\u00edder &nbsp;de la en desaparici\u00f3n CTM &nbsp;la &nbsp;pol\u00edtica &nbsp;era mas &nbsp;apasionada &nbsp;y los cr\u00edticos m\u00e1s observadores, regularmente utilizaban t\u00e9rminos &nbsp;usuales del referido dirigente de los trabajadores mexicanos &nbsp;para sus comentarios, asi, cuando &nbsp;no hab\u00eda un personaje capaz &nbsp;de despertar el inter\u00e9s del electorado &nbsp;&nbsp;debido a que los personajes &nbsp;no \u201cdaban el ancho\u201d &nbsp;expresaba el l\u00edder &nbsp;que \u201cla &nbsp;caballada esta flaca\u201d\u2026 as\u00ed en Valles , los nombres &nbsp;mencionados en medios como aspirantes &nbsp;bajo el cobijo del Verde o Morena est\u00e1n en esa situaci\u00f3n\u2026la pr\u00f3xima semana &nbsp;iremos al corral para &nbsp;hacer una evaluaci\u00f3n de los SUSPIRANTES\u2026.<\/strong><strong><\/strong><\/p>\n\n\n\n<p><strong>++++++++<\/strong><strong><\/strong><\/p>\n\n\n\n<h1 class=\"wp-block-heading\"><strong>CARROCERIAS &nbsp;BUSTOS<\/strong><strong><\/strong><\/h1>\n\n\n\n<h2 class=\"wp-block-heading\"><strong>Reforma y Lerdo de tejada Col. Altavista.<\/strong><strong><\/strong><\/h2>\n\n\n\n<h2 class=\"wp-block-heading\"><strong>Cd Valles SLP &nbsp;Tel. 3824777.<\/strong><strong><\/strong><\/h2>\n\n\n\n<p><strong>En carrocer\u00edas para camiones y camionetas nadie nos compite.<\/strong><strong><\/strong><\/p>\n\n\n\n<p><strong>++++++<\/strong><strong> <\/strong><strong><\/strong><\/p>\n\n\n\n<p><strong>QFB &nbsp;FABIOLA GARCIA ALVAREZ<\/strong><strong><\/strong><\/p>\n\n\n\n<h2 class=\"wp-block-heading\"><strong>Perito dictaminador en an\u00e1lisis bacteriol\u00f3gico de agua<\/strong><strong><\/strong><\/h2>\n\n\n\n<h2 class=\"wp-block-heading\"><strong>Y alimentos con n\u00famero GES-PD 0705<\/strong><strong><\/strong><\/h2>\n\n\n\n<h2 class=\"wp-block-heading\"><strong>Perito dictaminador en &nbsp;estupefacientes GES-PD0523<\/strong><strong><\/strong><\/h2>\n\n\n\n<h2 class=\"wp-block-heading\"><strong>Maestr\u00eda &nbsp;en an\u00e1lisis cl\u00ednicos 1301 \u2013 368068<\/strong><strong><\/strong><\/h2>\n\n\n\n<p><strong>Ced &nbsp;prof &nbsp;8664204 &nbsp;&nbsp;Tel. 38 1 66 64Asesor\u00eda, &nbsp;auditor\u00eda &nbsp;y gesti\u00f3n ambiental. G. Victoria No. 8 &nbsp;zona centro Cd Valles <\/strong><strong><\/strong><\/p>\n\n\n\n<p><strong>++++++++++++<\/strong><strong><\/strong><\/p>\n\n\n\n<p><strong>EN EL PRIMER &nbsp;TRIMESTRE DEL 2026 TAXIS CON TAXIMETROS.<\/strong><strong><\/strong><\/p>\n\n\n\n<p><strong>Mientras la Secretaria de comunicaciones y transportes del estado se reunia en esta ciudad con los concesionarios del taxismo, los choferes conocidos como taxistas comet\u00edan atracos a usuarios a quienes aplicaban cobros abusivos &nbsp;aduciendo tener autorizaci\u00f3n de la dependencia estatal, en la misma oportunidad y ante denuncia de reporteros, la visitante dijo que aen el primer trimestre del a\u00f1o 2026 &nbsp;estar\u00e1n instalados los aparatos medidores del servicio p\u00fablico. SE &nbsp;ACABARAN LOS ABUSOS.<\/strong><strong><\/strong><\/p>\n\n\n\n<p><strong>Araceli Mart\u00ednez Acosta, secretaria de Comunicaciones y Transportes declar\u00f3 en el &nbsp;caso de las &nbsp;denuncias &nbsp;por &nbsp;abusos de taxistas por el cobro de sus \u201ccarreras\u201d que no hay ning\u00fan aumento a las tarifas en la actualidad y est\u00e1 pendiente la instalaci\u00f3n de medidores para que haya un cobro justo de acuerdo a los kil\u00f3metros recorridos en cada servicio. <\/strong><strong><\/strong><\/p>\n\n\n\n<p><strong>Ahora s\u00ed, tax\u00edmetros en Valles en el primer trimestre de 2026 afirma SCT <\/strong><strong><\/strong><\/p>\n\n\n\n<p><strong>El problema &nbsp;en Valles &nbsp;que induce &nbsp;&nbsp;&nbsp;de &nbsp;cobro por servicio de taxis, se deriva a la falta de inspectores se coment\u00f3 en la misma dependencia en esta ciudad, son tres polic\u00edas del estado comisionados para atender toda la Huasteca norte y la presunci\u00f3n que &nbsp;haya corrupci\u00f3n que propicia la irregularidad de &nbsp;veh\u00edculos con fallas mec\u00e1nicas, operarios sin certificaci\u00f3n, aue laboren en condiciones et\u00edlicas y los abusos.<\/strong><strong><\/strong><\/p>\n\n\n\n<p><strong>++++++++++++++<\/strong><strong><\/strong><\/p>\n\n\n\n<p><strong>\u00bb <\/strong><strong>\u201cFINCA &nbsp;SAN ISIDRO\u201d <\/strong><strong><\/strong><\/p>\n\n\n\n<h2 class=\"wp-block-heading\"><strong>Sal\u00f3n para fiestas de todo tipo.<\/strong><strong><\/strong><\/h2>\n\n\n\n<h2 class=\"wp-block-heading\"><strong>Carretera Valles \u2013 R\u00edo Verde Km. 8 Contrataciones al Tel. 01 481 <\/strong><strong><\/strong><\/h2>\n\n\n\n<p><strong>++++++++++++<\/strong><strong><\/strong><\/p>\n\n\n\n<p><strong>VENCEDOR &nbsp;URBANO SOLO PONE EN SERVICIO BUSES CON AIRE Y TV SEMANAS ANTES DE &nbsp;INCREMENTAR TARIFAS.<\/strong><strong><\/strong><\/p>\n\n\n\n<p><strong>Tal como ocurre todos los a\u00f1os, semanas previas &nbsp;&nbsp;cuando la empresa Vencedor servicio urbano de Valles se apresta a incrementar tarifas &nbsp;del transporte en esta ciudad &nbsp;y localidades donde a extendido su influencia, incorpora una o dos unidades nuevas &nbsp;con aire acondicionado, T V y otras comodidades &nbsp;&nbsp;supuestamente &nbsp;se incorporaran a la flota &nbsp;este tipo de unidaes, pero no &nbsp;cumple. &nbsp;<\/strong><strong><\/strong><\/p>\n\n\n\n<p><strong>Este fin de a\u00f1o se &nbsp;vio y hasta anuncio la \u201cprueba\u201d de un moderno auobus &nbsp;el\u00e9ctrico &nbsp;con aire acondicionado para qu e &nbsp;los usuarios conocieran sus ventajas &nbsp;<\/strong><strong>p<\/strong><strong>ero solo fue unos d\u00edas y desapareci\u00f3 el moderno transporte recomendado para este &nbsp;.EN CAMBIO EL METRO BUS &nbsp;GRATUITO DEL ESTADO &nbsp;SGUE OPERANDO EXITOSAMENTE.<\/strong><strong><\/strong><\/p>\n\n\n\n<p><strong>&nbsp;Una publicaci\u00f3n inform\u00f3 que el <\/strong><strong><\/strong><\/p>\n\n\n\n<p><strong>Transporte sostenible: Servicio Urbano &nbsp;de Valles inici\u00f3 &nbsp;pruebas con autob\u00fas el\u00e9ctrico <\/strong><strong><\/strong><\/p>\n\n\n\n<p><strong>+++++++++++++++++<\/strong><strong><\/strong><\/p>\n\n\n\n<p><strong>&#8212; \u201cCAF\u00c9 Y RESTAURANT &nbsp;EL FAROLITO<\/strong><strong><\/strong><\/p>\n\n\n\n<p><strong>Lo mejor de la cocina Huasteca; el tradicional zacahuil y cazueladas. &nbsp;Atendemos toda clase de &nbsp;festejos. Pedidos al Tel &nbsp;3821017 Ciudad Valles SLP<\/strong><strong><\/strong><\/p>\n\n\n\n<p><strong>++++++++++++++++++<\/strong><strong><\/strong><\/p>\n\n\n\n<p><strong>D E &nbsp;V O LA D A.-<\/strong><strong><\/strong><\/p>\n\n\n\n<p><strong>COMO LAVAR TRASTES &nbsp;DE COCINA..<\/strong><strong><\/strong><\/p>\n\n\n\n<p><strong>Para que los vasos no huelan a choqu\u00eda, <\/strong><strong>aroma que relacionamos con huevo, pescado o pollo es com\u00fan en los recipientes generalmente de vidrio<\/strong><strong><\/strong><\/p>\n\n\n\n<p><strong>A este olor tambi\u00e9n se le llama choqu\u00eda o choquiya, un vocablo de origen n\u00e1huatl que menciona Fray Alonso de Molina en \u201cVocabulario de la lengua mexicana y castellana\u201d, de 1571.<\/strong><strong><\/strong><\/p>\n\n\n\n<p><strong>Con esta palabra se refiere al t\u00e9rmino xoquializtli que significa \u201chedor de piedra de azufre\u201d; mientras que el Diccionario de la Academia Mexicana de la Lengua define a la choqu\u00eda como \u201color desagradable que guardan las cosas como resultado de un mal lavado o secado\u201d.<\/strong><strong><\/strong><\/p>\n\n\n\n<p><strong>\u00bfPor qu\u00e9 huelen mal los vasos?<\/strong><strong><\/strong><\/p>\n\n\n\n<p><strong>Entonces, ah\u00ed est\u00e1 la clave, el resultado del mal olor es producto de que no est\u00e1n bien lavados. Puede ser porque usas la misma mezcla de jab\u00f3n por d\u00edas (que puede, adem\u00e1s, convertirse en un caldo de bacterias), porque tu fibra o esponja no ha sido sustituida en meses, o bien, porque primero lavas los otros trastes y con ello propicias que las grasas, fermentos y restos de comida lleguen a tus vasos y, de alguna manera los contaminen y huelan feo.<\/strong><strong><\/strong><\/p>\n\n\n\n<p><strong>Por eso lo m\u00e1s recomendable es que primero laves la cristaler\u00eda (vasos, copas y otros recipientes de este material), los cubiertos (a los que tambi\u00e9n les llaman plaqu\u00e9), la vajilla, luego ollas, satenes y dem\u00e1s trastes; el motivo del orden es porque se aprovecha que la fibra est\u00e1 m\u00e1s limpia.<\/strong><strong><\/strong><\/p>\n\n\n\n<p><strong>Lo siguiente es que los escurras y no guardes los vasos h\u00famedos; si hace falta, pasa un trapo y quita las gotitas que puedan llegar a quedar, as\u00ed evitar\u00e1s malos olores.<\/strong><strong><\/strong><\/p>\n\n\n\n<p><strong>PREPARAR EL JABON\u2026.hacer una combinaci\u00f3n de un lim\u00f3n partido a la mitad, sin semillas, jab\u00f3n para lavar trastes, el necesario y \u00be partes de un vaso con agua.<\/strong><strong><\/strong><\/p>\n\n\n\n<ul class=\"wp-block-list\">\n<li><strong>Disuelves el jab\u00f3n con el agua, lo revuelves y luego \u00bfC\u00f3mo se hace el jab\u00f3n perfecto?<\/strong><\/li>\n\n\n\n<li><strong>Para preparar una mezcla que ayude a mantener tus trastes limpios, puedes exprimes la mitad del lim\u00f3n en el recibiente del jab\u00f3n l\u00edquido. Es importante que dejes la c\u00e1scara del lim\u00f3n en la mezcla, ya que el aceite natural de la c\u00e1scara actuar\u00e1 como desodorante y tambi\u00e9n ayuda a que corte la grasa.<\/strong><\/li>\n\n\n\n<li><strong>Finalmente, puedes lavar los vasos, la cristaler\u00eda y los trastes en general \u2013recuerda la importancia del orden- con la mezcla preparada, enjuagar y dejar que se sequen bien antes de guardarlos.<\/strong><\/li>\n\n\n\n<li><a href=\"mailto:davidfloresg_43@hotmail.com\"><strong><u>davidfloresg_43@hotmail.com<\/u><\/strong><\/a><\/li>\n<\/ul>\n\n\n\n<p><strong>+++++++++++++<\/strong><strong><\/strong><\/p>\n","protected":false},"excerpt":{"rendered":"<p>PRECIO DE COMBUSTIBLES &nbsp;AUMENTA &nbsp;DESDE ENERO 2026 &#8211; El &nbsp;di\u00e9sel es el que &nbsp;incrementa mas a usuarios. De acuerdo con lo publicado en el&nbsp;Diario Oficial de la Federaci\u00f3n, la Ley del IEPS establece que las cuotas aplicables a las gasolinas y al di\u00e9sel deben actualizarse &hellip; <\/p>\n","protected":false},"author":1,"featured_media":108943,"comment_status":"open","ping_status":"open","sticky":false,"template":"","format":"standard","meta":{"footnotes":""},"categories":[17],"tags":[],"class_list":["post-110480","post","type-post","status-publish","format-standard","has-post-thumbnail","hentry","category-colaboraciones"],"_links":{"self":[{"href":"https:\/\/amanecerhuasteco.com\/portal\/wp-json\/wp\/v2\/posts\/110480","targetHints":{"allow":["GET"]}}],"collection":[{"href":"https:\/\/amanecerhuasteco.com\/portal\/wp-json\/wp\/v2\/posts"}],"about":[{"href":"https:\/\/amanecerhuasteco.com\/portal\/wp-json\/wp\/v2\/types\/post"}],"author":[{"embeddable":true,"href":"https:\/\/amanecerhuasteco.com\/portal\/wp-json\/wp\/v2\/users\/1"}],"replies":[{"embeddable":true,"href":"https:\/\/amanecerhuasteco.com\/portal\/wp-json\/wp\/v2\/comments?post=110480"}],"version-history":[{"count":1,"href":"https:\/\/amanecerhuasteco.com\/portal\/wp-json\/wp\/v2\/posts\/110480\/revisions"}],"predecessor-version":[{"id":110481,"href":"https:\/\/amanecerhuasteco.com\/portal\/wp-json\/wp\/v2\/posts\/110480\/revisions\/110481"}],"wp:featuredmedia":[{"embeddable":true,"href":"https:\/\/amanecerhuasteco.com\/portal\/wp-json\/wp\/v2\/media\/108943"}],"wp:attachment":[{"href":"https:\/\/amanecerhuasteco.com\/portal\/wp-json\/wp\/v2\/media?parent=110480"}],"wp:term":[{"taxonomy":"category","embeddable":true,"href":"https:\/\/amanecerhuasteco.com\/portal\/wp-json\/wp\/v2\/categories?post=110480"},{"taxonomy":"post_tag","embeddable":true,"href":"https:\/\/amanecerhuasteco.com\/portal\/wp-json\/wp\/v2\/tags?post=110480"}],"curies":[{"name":"wp","href":"https:\/\/api.w.org\/{rel}","templated":true}]}}