{"id":110607,"date":"2026-01-03T22:47:45","date_gmt":"2026-01-04T04:47:45","guid":{"rendered":"https:\/\/amanecerhuasteco.com\/portal\/?p=110607"},"modified":"2026-01-03T22:47:47","modified_gmt":"2026-01-04T04:47:47","slug":"entre-columnas-693","status":"publish","type":"post","link":"https:\/\/amanecerhuasteco.com\/portal\/entre-columnas-693\/","title":{"rendered":"ENTRE COLUMNAS"},"content":{"rendered":"\n<p><strong>SIEMPRE NO\u2026..<\/strong><\/p>\n\n\n\n<p><strong>LA GASOLINA MAGNA MANTENDRA PRECIO EN EL 2026.<\/strong><\/p>\n\n\n\n<p>Autoridades informaron que no habr\u00e1 aumento en el costo del combustible<\/p>\n\n\n\n<p>La presidenta Claudia Sheinbaum&nbsp; inform\u00f3 que el precio de la gasolina Magna no aument\u00f3 a partir de enero, como resultado de un acuerdo vigente con empresarios gasolineros, Durante su conferencia matutina, la mandataria desminti\u00f3 versiones sobre un alza en el precio del combustible regular y explic\u00f3 que el convenio contempla la simplificaci\u00f3n de tr\u00e1mites administrativos para las estaciones de servicio, sin afectar normas de protecci\u00f3n civil ni ambientales.&nbsp; Se\u00f1al\u00f3 que este acuerdo forma parte de una estrategia basada en consensos con el sector privado para proteger la econom\u00eda popular, similar a los incrementos al salario m\u00ednimo y al Paquete Contra la Inflaci\u00f3n y la Carest\u00eda (PACIC), que busca evitar aumentos en la canasta b\u00e1sica.<\/p>\n\n\n\n<p>&nbsp;El acuerdo no incluye &nbsp;la gasolina Premium, cuyo precio no est\u00e1 sujeto a este esquema voluntario, aunque dijo que el tema puede dialogarse con los empresarios.<\/p>\n\n\n\n<p><strong>+++++++++++<\/strong><\/p>\n\n\n\n<p><strong>P r e&nbsp; s t a m o s<\/strong><\/p>\n\n\n\n<p><strong>de&nbsp; dinero inmediatos a pensionados<\/strong><\/p>\n\n\n\n<h2 class=\"wp-block-heading\">CFE, ISSSTE.FFCC, SCT, PEMEX,<\/h2>\n\n\n\n<h2 class=\"wp-block-heading\">ACTIVOS Y JUBILADOS&nbsp; IMSS<\/h2>\n\n\n\n<h1 class=\"wp-block-heading\">SIN AFECTAR TARJETON.<\/h1>\n\n\n\n<h2 class=\"wp-block-heading\">Ll\u00e1menos las 24 hrs del d\u00eda<\/h2>\n\n\n\n<h1 class=\"wp-block-heading\">LLAMENOS 4811039565<\/h1>\n\n\n\n<h1 class=\"wp-block-heading\">CREDITO INMEDIATO<\/h1>\n\n\n\n<h1 class=\"wp-block-heading\">+++++++++++++<\/h1>\n\n\n\n<p>Y EL 75%&nbsp; A DONDE PARARAN AP\u00c1?<\/p>\n\n\n\n<p>Para&nbsp; el a\u00f1o 2026, 25% de presupuesto de ingresos a n\u00f3mina municipal.<\/p>\n\n\n\n<p>La Ley de egresos&nbsp; del municipio de Valles&nbsp; aprobada por el cabildo asciende a un &nbsp;mil 37 millones de pesos para el 2026, que asciende a 1 mil 37 millones de pesos, de los cuales el 25 por ciento se va a servicios personales (n\u00f3mina).<\/p>\n\n\n\n<p>DOSCIENTOS MILLONES DE PESOS seg\u00fan&nbsp; informa la&nbsp; tesorera Anel Coronado Aguilar, &nbsp;de ese monto, el 70 por ciento ser\u00eda para obras y acciones, es decir, poco m\u00e1s de 750 millones de pesos.<\/p>\n\n\n\n<p>&nbsp;No especific\u00f3 qu\u00e9&nbsp; obras porque nadie&nbsp; sabe explicar&nbsp; el POA&nbsp; y las obras son con recursos federales&nbsp; etiquetados o participaci\u00f3n del estado.<\/p>\n\n\n\n<p>Seg\u00fan la funcionaria la plantilla laboral contratada por el gobierno municipal es de 1 mil 370 personas las que laboran en el Ayuntamiento cuestan al erario 260 millones de pesos por a\u00f1o.<\/p>\n\n\n\n<p><strong>+++++++++++++++<\/strong><strong><\/strong><\/p>\n\n\n\n<p><strong>Z A C&nbsp; A H U I&nbsp; L<\/strong><\/p>\n\n\n\n<p><strong>Por&nbsp; Voy E. Charles.<\/strong><\/p>\n\n\n\n<p><strong>FELIZ Y PROSPERO A\u00d1O NUEVO 2026..NUESTRO DESEO FERVIENTE&nbsp; QUE TODOS SUS SUE\u00d1OS SE HAGAN REALIDAD ..A&nbsp; DARLE, NO HAY DE OTRA\u2026..<\/strong><\/p>\n\n\n\n<p><strong>Mientras&nbsp; un empleado o trabajador&nbsp; com\u00fan se conformaba con un mil, dos mil&nbsp; pesos&nbsp; o el importe de una quincena&nbsp; como&nbsp; aguinaldo, tuvo&nbsp; suerte, muchos hasta fueron despedidos&nbsp; antes de la \u00e9poca navide\u00f1a, en cambio los diputados del estado se embolsaron&nbsp; 323 mil pesos&nbsp; incluyendo la dieta mensual\u2026y a todo esto,&nbsp; la tesorera&nbsp; municipal de Valles&nbsp; inform\u00f3&nbsp; sobre la misma prestaci\u00f3n a&nbsp; empleados y trabajadores en general&nbsp; sobre el&nbsp; beneficio que&nbsp; otorga la Ley del Trabajo, pero no cito el importe entregado a los regidores. &nbsp;&nbsp;A este respecto nos coment\u00f3 el ex contralor municipal CP Abraham Camarillo Orta&nbsp; que un regidor o sindico no tiene&nbsp; la condici\u00f3n de trabajador&nbsp; para&nbsp; tener derechos LABORALES .&nbsp; En el informe o corte de caja de enero deber\u00e1&nbsp; aparecer&nbsp; en ceros ese rubro&nbsp;&nbsp; u obligadamente&nbsp; la cantidad&nbsp; inmerecida&nbsp;&nbsp; que&nbsp; por compensaci\u00f3n&nbsp; recibieron los \u201cangelitos\u201d\u2026\u2026.&nbsp;&nbsp;&nbsp; QU\u00c9&nbsp; ESTA PASANDO&nbsp;&nbsp; en el IMSS&nbsp; de esta ciudad, los&nbsp; asegurados&nbsp; que acuden a&nbsp; consulta mensual&nbsp; se quejan desde&nbsp; hace algunos meses &nbsp;que&nbsp; las citas&nbsp; las&nbsp; alargan hasta 45&nbsp; d\u00edas&nbsp; pero el medicamento es solo para 30 d\u00edas. Para colmo de males siempre ocurre&nbsp; la falta de medicamentos es cosa&nbsp; frecuente, el paciente&nbsp; vuelve varias&nbsp; veces&nbsp; sin obtenerlos. As\u00ed&nbsp; llega la siguiente cita&nbsp; y se repite el problema\u2026\u2026.Con eso de&nbsp;&nbsp; la&nbsp; fiebre&nbsp; electoral feminista siguen levantando la mano&nbsp; quienes&nbsp;&nbsp; NUNCA HAN VIVIDO&nbsp; EN EL ERROR&nbsp; siempre&nbsp;&nbsp; dentro del presupuesto oficial, hace unos dias&nbsp;&nbsp; hasta&nbsp; la tesorera&nbsp; Anel Coronado&nbsp; apareci\u00f3 en&nbsp;&nbsp; algunos medios&nbsp; como aspirante&nbsp; a&nbsp; candidata por \u2026.. s\u00ed&nbsp; a la alcald\u00eda de Valles. El problema es que como&nbsp; el partido a la medida de la mujer tendr\u00eda compromiso&nbsp; sucesorio&nbsp; semejante a la sucesi\u00f3n estatal&nbsp; ya&nbsp; apareci\u00f3 por ah\u00ed&nbsp; una con derecho de sangre\u2026..DONDE&nbsp; ESTA&nbsp; LA&nbsp; GUARDIA CIVIL DE CARRETERAS\u2026.. en tan tolo una&nbsp; semana&nbsp;&nbsp; los&nbsp; asaltos&nbsp; a&nbsp; autobuses de&nbsp; pasajeros&nbsp;&nbsp;&nbsp; est\u00e1n ocurriendo en&nbsp; la&nbsp; regi\u00f3n Huasteca, tres&nbsp; hechos&nbsp; en los&nbsp; que&nbsp; usuarios del transporte&nbsp; for\u00e1neo&nbsp;&nbsp; fueron&nbsp; despojados de todos sus&nbsp; bienes y&nbsp; seg\u00fan sus versiones&nbsp; ante las autoridades, ninguna patrulla de transito federal &nbsp;encontraron en su trayecto o o reten militar,&nbsp; la denuncia&nbsp; fue presentada&nbsp; hasta&nbsp; su retorno a Valles\u2026..<\/strong><\/p>\n\n\n\n<p><strong>+++++++++++++++<\/strong><\/p>\n\n\n\n<p><strong>NI INFORME.<\/strong><\/p>\n\n\n\n<p><strong>NI COMIT\u00c9 ORGANIAZADOR&nbsp; PARA LA FERIA ANUAL 2026 DE VALLES.<\/strong><\/p>\n\n\n\n<p><strong>Para el mes de marzo tradicionalmente se&nbsp; celebra la feria&nbsp; pueblerina de Valles, ha pasado casi un a\u00f1o desde&nbsp; la celebraci\u00f3n del evento edici\u00f3n 2025 &nbsp;y&nbsp; ninguna dependencia&nbsp; del ayuntamiento Vallense&nbsp;&nbsp; ha emitido nada&nbsp;&nbsp; sobre&nbsp;&nbsp; cuando menos un corte de caja , seg\u00fan el propio alcalde dijo en una ocasi\u00f3n que esperaban que el gobierno del estado&nbsp; entregara&nbsp; la aportaci\u00f3n correspondiente&nbsp;&nbsp; para el financiamiento de la fiesta que habr\u00eda operado en n\u00fameros rojos.<\/strong><\/p>\n\n\n\n<p><strong>Tanto el estado como el municipio deben una&nbsp; explicaci\u00f3n a los Huastecos&nbsp; sobre&nbsp; el manejo de los recursos millonarios&nbsp; aplicados&nbsp; al pago de artistas&nbsp; como &nbsp;ingresos por renta de locales&nbsp; en terrenos del evento, especialmente por el negociazo que represent\u00f3 LA CANTNOTA concesionada&nbsp; a un particular, la <\/strong>&nbsp;\ud835\udc1c\ud835\udc1e\ud835\udc2b\ud835\udc2f\ud835\udc1e\ud835\udc33\ud835\udc1a, fue el \ud835\udc1e\ud835\udc25 \ud835\udc20\ud835\udc2b\ud835\udc1a\ud835\udc27 \ud835\udc27\ud835\udc1e\ud835\udc20\ud835\udc28\ud835\udc1c\ud835\udc22\ud835\udc28, el Ayuntamiento de Ciudad Valles fue \u00fanico proveedor de cerveza dentro de la Feria, a trav\u00e9s del departamento de Comercio.<strong> l<\/strong>os comerciantes que ofrecieron venta de cerveza fueron obligados a comprar el producto en centro de distribuci\u00f3n instalado dentro de las instalaciones de la feria operado por Comercio municipal.<strong><\/strong><\/p>\n\n\n\n<p>Las ganancias &nbsp;seg\u00fan calculan allegados a los \u201cjefes\u201d de m\u00e1s de un 50%. ejemplo una charola de 24 piezas de Corona Light ten\u00eda un costo de 800 pesos cuando en&nbsp; cualquier establecimiento su precio de&nbsp; 270 pesos &nbsp;mayoreo.<\/p>\n\n\n\n<p>LA PROXIMA FERIA&nbsp; ESTA A TRES&nbsp; MESES&nbsp; Y LAS CUENTAS&nbsp; NO&nbsp; HAN TERMINADO DE COBRAR A LOS EXPOSITORES MOROSOS: LA&nbsp;&nbsp; justificaci\u00f3n.<\/p>\n\n\n\n<p>++++++++++++++++<\/p>\n\n\n\n<h1 class=\"wp-block-heading\">CARROCERIAS&nbsp; BUSTOS<\/h1>\n\n\n\n<h2 class=\"wp-block-heading\">Reforma y Lerdo de tejada Col. Altavista.<\/h2>\n\n\n\n<h2 class=\"wp-block-heading\">Cd Valles SLP&nbsp; Tel. 3824777.<\/h2>\n\n\n\n<p><strong>En carrocer\u00edas para camiones y camionetas nadie nos compite.<\/strong><\/p>\n\n\n\n<p><strong>++++++++<\/strong><\/p>\n\n\n\n<p><strong>CON VIGILANCIA ELECTRONICA, CIUDAD VALLES SERA&nbsp; \u201cSUPER SEGURA\u201d<\/strong><\/p>\n\n\n\n<p>&nbsp;En a\u00f1os&nbsp; recientes&nbsp; administraciones municipales&nbsp; han dilapidado millones de pesos&nbsp; aportados por el gobierno federal y el estado, los equipos&nbsp; novedosos&nbsp; no han arrojado&nbsp; resultados positivos a la poblaci\u00f3n, el \u00edndice&nbsp; &nbsp;de&nbsp; robos, asaltos &nbsp;etc&nbsp; persisten a la orden del d\u00eda en ocasiones&nbsp; los mismos&nbsp; afectados&nbsp; atrapan a los delincuentes llaman a la polic\u00eda que nunca llega, la justificaci\u00f3n es que&nbsp; el suceso fue a&nbsp; la hora de cambio de turno, en realidad es por falta de personal<\/p>\n\n\n\n<p>Para fortalecer la estrategia de seguridad y mejorar la capacidad de respuesta ante situaciones de riesgo, el gobierno municipal en funciones puso en servicio el&nbsp; Centro de Comando, Control y Comunicaci\u00f3n (C3) de Ciudad Valles, cuyas&nbsp; instalaciones&nbsp; electr\u00f3nicas permiten el monitoreo en tiempo real y contribuyen a la protecci\u00f3n de la integridad f\u00edsica y patrimonial de la poblaci\u00f3n.<\/p>\n\n\n\n<p>Al respecto es necesario se\u00f1alar&nbsp; que esta&nbsp; ventaja&nbsp; solo existe en la zona centro de la urbe, pero la red continuar\u00e1 fortaleci\u00e9ndose durante 2026 con la instalaci\u00f3n de m\u00e1s c\u00e1maras en colonias de la ciudad.<\/p>\n\n\n\n<p>El alcalde&nbsp;&nbsp; dijo que&nbsp; la corporaci\u00f3n &nbsp;cuenta&nbsp; con una n\u00f3mina de&nbsp; 144&nbsp; distribuidos&nbsp; en personal administrativo, comisionados y ahora el C 3&nbsp;&nbsp; adem\u00e1s de&nbsp; 17 autopatrullas a las que se sumaran 11&nbsp; m\u00e1s en los pr\u00f3ximos d\u00edas.<\/p>\n\n\n\n<p><strong>++++++&nbsp;&nbsp;&nbsp;&nbsp;&nbsp;&nbsp;&nbsp;&nbsp;&nbsp;&nbsp;&nbsp;&nbsp;&nbsp;&nbsp;&nbsp;&nbsp;&nbsp;&nbsp;&nbsp;&nbsp;&nbsp;&nbsp;&nbsp;&nbsp;&nbsp;&nbsp;&nbsp;&nbsp;&nbsp;&nbsp;&nbsp;&nbsp;&nbsp;&nbsp;<\/strong><\/p>\n\n\n\n<p><strong>QFB&nbsp; FABIOLA GARCIA ALVAREZ<\/strong><strong><\/strong><\/p>\n\n\n\n<h2 class=\"wp-block-heading\">Perito dictaminador en an\u00e1lisis bacteriol\u00f3gico de agua<\/h2>\n\n\n\n<h2 class=\"wp-block-heading\">Y alimentos con n\u00famero GES-PD 0705<\/h2>\n\n\n\n<h2 class=\"wp-block-heading\">Perito dictaminador en&nbsp; estupefacientes GES-PD0523<\/h2>\n\n\n\n<h2 class=\"wp-block-heading\">Maestr\u00eda&nbsp; en an\u00e1lisis cl\u00ednicos 1301 \u2013 368068<\/h2>\n\n\n\n<p><strong>Ced&nbsp; prof&nbsp; 8664204&nbsp;&nbsp; Tel. 38 1 66 64Asesor\u00eda,&nbsp; auditor\u00eda&nbsp; y gesti\u00f3n ambiental. G. Victoria No. 8&nbsp; zona centro Cd Valles<\/strong><\/p>\n\n\n\n<p><strong>++++++++++++<\/strong><\/p>\n\n\n\n<p>Mensaje a&nbsp; regidores-<\/p>\n\n\n\n<p>Los concejales-regidores del municipio de Pozos&nbsp; fueron destituidos por&nbsp; manos largas$$$, al respecto&nbsp; el Congreso del Estado precis\u00f3 que el nuevo Concejo estar\u00e1 bajo supervisi\u00f3n permanente para evitar la repetici\u00f3n de conductas irregulares.<\/p>\n\n\n\n<p>&nbsp;&nbsp;Esta decisi\u00f3n busca garantizar estabilidad, orden y apego a la ley en Villa de Pozos, al tiempo que se env\u00eda un mensaje claro de que no habr\u00e1 tolerancia a abusos en el manejo de recursos p\u00fablicos .HASTA DONDE SE SABE DE FUENTES&nbsp; EXTRA OFICIALES, los anteriores concejales&nbsp; de Villa de Pozos se fueron grandes en sus asignaciones de SUELDOS&nbsp; cortados bajo el rubro d compensaciones, es necesario&nbsp; recalcarlo porque en el caso del Cabildo de Valles&nbsp; los ediles&nbsp; se&nbsp; autorizaron ellos mismos&nbsp; mas de dos mil pesos diarios de \u201ccompensaci\u00f3n\u201d&nbsp; seg\u00fan reglas internas&nbsp;&nbsp; explico la tesorera municipal. Para que usted tenga una idea cuanto costaran al pueblo estos validadores de acciones del alcalde, la suma de ONCE MILLONES DE PESOS&nbsp; mas la que pudiera registrarse por su trabajo.<\/p>\n\n\n\n<p>++++++++++<\/p>\n\n\n\n<p><strong>NO&nbsp; MODIFICO PRESUPUESTO EL CABILDO&nbsp; PARA PAGAR LAUDOS.<\/strong><\/p>\n\n\n\n<p><strong>&#8211; LOS&nbsp;&nbsp; laudos&nbsp; una carga econ\u00f3mica para el presente a\u00f1o.<\/strong><\/p>\n\n\n\n<p><strong>El ayuntamiento de Valles&nbsp; a trav\u00e9s&nbsp; del cabildo&nbsp; hubo la propuesta&nbsp; en el a\u00f1o&nbsp; pasado&nbsp; (2025) para modificar el presupuesto anual de egresos <\/strong>para disponer de&nbsp; una partida&nbsp; extraordinaria para pago de laudo de 27 millones de pesos dado a conocer a mediados de este ejercicio fiscal.<\/p>\n\n\n\n<p>El secretario del Ayuntamiento anunci\u00f3 que habr\u00eda una sesi\u00f3n de Cabildo &nbsp;para hacer modificaciones al presupuesto (2025) , dado que no se ten\u00eda contemplado el pendiente de juicios laborales, de maneras&nbsp; particular&nbsp; la notificaci\u00f3n de un laudo a un grupo de ocho personas que asciende a m\u00e1s de 27 millones de pesos de&nbsp; manera extra\u00f1a a&nbsp; trabajadores en activo&nbsp; del Gobierno municipal que demandaron al Ayuntamiento en el a\u00f1o 2000&nbsp; ahora 25 a\u00f1os despu\u00e9s ganaron el laudo&nbsp; seg\u00fan notificaci\u00f3n del Tribunal laboral.<\/p>\n\n\n\n<p>La informaci\u00f3n fue &nbsp;revelada \u00b4por el secretario del ayuntamiento el 20 de octubre&nbsp; del&nbsp; 2025 con la premisa de &nbsp;comenzar a pagar en este a\u00f1o, como lo mandata el Tribunal Laboral y los regidores tendr\u00e1n en sus manos hacer la modificaci\u00f3n para cumplir con el compromiso.<\/p>\n\n\n\n<p><strong>\u00bfModificaron el presupuesto?&nbsp; No&nbsp; hubo en el resto del a\u00f1o reci\u00e9n terminado m\u00e1s noticias&nbsp; sobre ese particular, ahora se sabe&nbsp; que hay otro tanto mas&nbsp; de laudos&nbsp; acumulados con cargo al municipio para&nbsp; el presente a\u00f1o 2026.<\/strong><\/p>\n\n\n\n<p><strong>++++++++++++++<\/strong><strong><\/strong><\/p>\n\n\n\n<p><strong>\u00bb <\/strong><strong>\u201cFINCA&nbsp; SAN ISIDRO\u201d <\/strong><strong><\/strong><\/p>\n\n\n\n<h2 class=\"wp-block-heading\">Sal\u00f3n para fiestas de todo tipo.<\/h2>\n\n\n\n<h2 class=\"wp-block-heading\">Carretera Valles \u2013 R\u00edo Verde Km. 8 Contrataciones al Tel. 01 481<\/h2>\n\n\n\n<p><strong>++++++++++++<\/strong><\/p>\n\n\n\n<p><strong>VENCEDOR&nbsp; URBANO PONE EN SERVICIO UN BUS&nbsp; NUEVO A INFO DOS.<\/strong><\/p>\n\n\n\n<p><strong>Suertudos&nbsp;&nbsp; los&nbsp; usuarios del transporte&nbsp; urbano&nbsp; de&nbsp; la ruta Info dos&nbsp; centro, la&nbsp; empresa&nbsp; Servicio urbano de Valles&nbsp; mejor conocida como Sistema Vencedor&nbsp; pone en servicio un <\/strong>autob\u00fas urbano el\u00e9ctrico a partir de este lunes en la ruta Infonavit 2-PAS-Eco Chica.<\/p>\n\n\n\n<p>El servicio de&nbsp; transporte publico gratis&nbsp; con unidades&nbsp; el\u00e9ctricas&nbsp;&nbsp; fue&nbsp; por cuenta del Gobierno del estado con un \u00e9xito rotundo, viene a colaci\u00f3n p\u00f3rque la empresa concesionaria&nbsp; &nbsp;por a\u00f1os&nbsp; pasados&nbsp; solo ofrecia&nbsp; mejor\u00eda&nbsp; del transporte&nbsp; solo cuando se aprestaban a incrementar las tarifas, despu\u00e9s&nbsp; regresaban las&nbsp; unidades&nbsp; que seg\u00fan informaci\u00f3n de allegados, eran&nbsp; prestadas o rentadas de&nbsp; la&nbsp; misma armadora y todo volv\u00eda&nbsp; a la situaci\u00f3n de servicio&nbsp; anterior.<\/p>\n\n\n\n<p>.<\/p>\n\n\n\n<p><strong>+++++++++++++++++<\/strong><\/p>\n\n\n\n<p><strong>&#8212; \u201cCAF\u00c9 Y RESTAURANT&nbsp; EL FAROLITO<\/strong><strong><\/strong><\/p>\n\n\n\n<p><strong>Lo mejor de la cocina Huasteca; el tradicional zacahuil y cazueladas.&nbsp; Atendemos toda clase de&nbsp; festejos. Pedidos al Tel&nbsp; 3821017 Ciudad Valles SLP<\/strong><\/p>\n\n\n\n<p><strong>++++++++++++++++++<\/strong><\/p>\n\n\n\n<p><strong>D E&nbsp; V O LA D A.-<\/strong><\/p>\n\n\n\n<p><strong>PORQU\u00c9&nbsp; NO HAN VUELTO LOS HUMANOS A LA&nbsp; LUNA?<\/strong><\/p>\n\n\n\n<p><strong>(parte dos)<\/strong><\/p>\n\n\n\n<p><strong>Tambi\u00e9n existen argumentos que apuntan a un cambio de prioridades en la exploraci\u00f3n espacial. La atenci\u00f3n se desplaz\u00f3 hacia estaciones orbitales como la Estaci\u00f3n Espacial Internacional y misiones rob\u00f3ticas a Marte, que ofrec\u00edan mayor retorno cient\u00edfico con menor riesgo humano.<\/strong><\/p>\n\n\n\n<p><strong>Hay quienes especulan con teor\u00edas m\u00e1s conspirativas, desde encubrimientos hasta dudas sobre la veracidad de los alunizajes, sin embargo, estas han sido desmentidas sistem\u00e1ticamente por pruebas cient\u00edficas y testimonios de expertos. Hoy, con el programa Artemis de la NASA en marcha y misiones planificadas por otras potencias como China, el regreso a la Luna parece m\u00e1s cercano que nunca. Quiz\u00e1 pronto, el largo silencio lunar llegue<\/strong><\/p>\n\n\n\n<p><a href=\"mailto:davidfloresg_43@hotmail.com\"><strong>davidfloresg_43@hotmail.com<\/strong><\/a><strong><\/strong><\/p>\n\n\n\n<p><strong>+++++++++++++<\/strong><\/p>\n","protected":false},"excerpt":{"rendered":"<p>SIEMPRE NO\u2026.. LA GASOLINA MAGNA MANTENDRA PRECIO EN EL 2026. Autoridades informaron que no habr\u00e1 aumento en el costo del combustible La presidenta Claudia Sheinbaum&nbsp; inform\u00f3 que el precio de la gasolina Magna no aument\u00f3 a partir de enero, como resultado de un acuerdo vigente &hellip; <\/p>\n","protected":false},"author":1,"featured_media":108943,"comment_status":"open","ping_status":"open","sticky":false,"template":"","format":"standard","meta":{"footnotes":""},"categories":[17],"tags":[],"class_list":["post-110607","post","type-post","status-publish","format-standard","has-post-thumbnail","hentry","category-colaboraciones"],"_links":{"self":[{"href":"https:\/\/amanecerhuasteco.com\/portal\/wp-json\/wp\/v2\/posts\/110607","targetHints":{"allow":["GET"]}}],"collection":[{"href":"https:\/\/amanecerhuasteco.com\/portal\/wp-json\/wp\/v2\/posts"}],"about":[{"href":"https:\/\/amanecerhuasteco.com\/portal\/wp-json\/wp\/v2\/types\/post"}],"author":[{"embeddable":true,"href":"https:\/\/amanecerhuasteco.com\/portal\/wp-json\/wp\/v2\/users\/1"}],"replies":[{"embeddable":true,"href":"https:\/\/amanecerhuasteco.com\/portal\/wp-json\/wp\/v2\/comments?post=110607"}],"version-history":[{"count":1,"href":"https:\/\/amanecerhuasteco.com\/portal\/wp-json\/wp\/v2\/posts\/110607\/revisions"}],"predecessor-version":[{"id":110608,"href":"https:\/\/amanecerhuasteco.com\/portal\/wp-json\/wp\/v2\/posts\/110607\/revisions\/110608"}],"wp:featuredmedia":[{"embeddable":true,"href":"https:\/\/amanecerhuasteco.com\/portal\/wp-json\/wp\/v2\/media\/108943"}],"wp:attachment":[{"href":"https:\/\/amanecerhuasteco.com\/portal\/wp-json\/wp\/v2\/media?parent=110607"}],"wp:term":[{"taxonomy":"category","embeddable":true,"href":"https:\/\/amanecerhuasteco.com\/portal\/wp-json\/wp\/v2\/categories?post=110607"},{"taxonomy":"post_tag","embeddable":true,"href":"https:\/\/amanecerhuasteco.com\/portal\/wp-json\/wp\/v2\/tags?post=110607"}],"curies":[{"name":"wp","href":"https:\/\/api.w.org\/{rel}","templated":true}]}}