{"id":110752,"date":"2026-01-11T06:52:44","date_gmt":"2026-01-11T12:52:44","guid":{"rendered":"https:\/\/amanecerhuasteco.com\/portal\/?p=110752"},"modified":"2026-01-11T06:52:46","modified_gmt":"2026-01-11T12:52:46","slug":"entre-columnas-694","status":"publish","type":"post","link":"https:\/\/amanecerhuasteco.com\/portal\/entre-columnas-694\/","title":{"rendered":"ENTRE COLUMNAS"},"content":{"rendered":"\n<p>FISCALIA SUPERIOR RECOMIENDA &nbsp;A ALCALDES NO ABUSAR EN SUELDOS.<\/p>\n\n\n\n<p>&#8211; El &nbsp;recurso federal es &nbsp;para obras.<\/p>\n\n\n\n<p>En los &nbsp;escasos &nbsp;ayuntamientos &nbsp;que &nbsp;dieron a conocer &nbsp;el presupuesto de ingresos y egresos &nbsp;&nbsp;para &nbsp;el ejercicio fiscal 2026, incluyeron el &nbsp;tabulador de supersueldos &nbsp;de &nbsp;funcionarios municipales, por regla general los mismos &nbsp;&nbsp;integrantes del cabildo se autorizan \u201csalarios prohibitivos\u201d estrangulando el rubro destinado a los servicios municipales y la &nbsp;diversi\u00f3n p\u00fablica &nbsp;que &nbsp;en el presente sexenio ha tenido especial atenci\u00f3n asignando millonarios &nbsp;recursos, finalmente &nbsp;las obras son &nbsp;del gobierno federal o etiquetadas<\/p>\n\n\n\n<p>En su oportunidad, el &nbsp;Instituto de Fiscalizaci\u00f3n Superior del Estado recomend\u00f3 &nbsp;a los alcaldes &nbsp;no asignarse cantidades mayores que el Gobernador.<\/p>\n\n\n\n<p>Recomienda a municipios presupuestos justificables para 2026. En el caso de Valles, los &nbsp;regidores &nbsp;se &nbsp;autorizaron ellos mismos &nbsp;61 &nbsp;mil pesos &nbsp;pero &nbsp;que &nbsp;tuvieron opci\u00f3n a una cantidad superior. &nbsp;&nbsp;&nbsp;Para que sirven los regidores Ap\u00e1.<\/p>\n\n\n\n<p><strong>\u201cEl recurso federal es para obras; los ingresos propios que el municipio recaude s\u00ed pueden destinarse al pago de n\u00f3minas y compromisos internos. Lo ideal es que el ramo federal se oriente a obras y servicios en beneficio de la ciudadan\u00eda\u201d<\/strong>,<\/p>\n\n\n\n<p><strong>+++++++++++<\/strong><\/p>\n\n\n\n<p><strong>P r e &nbsp;s t a m o s <\/strong><strong><\/strong><\/p>\n\n\n\n<p><strong>de &nbsp;dinero inmediatos a pensionados <\/strong><strong><\/strong><\/p>\n\n\n\n<h2 class=\"wp-block-heading\"><strong>CFE, ISSSTE.FFCC, SCT, PEMEX, <\/strong><strong><\/strong><\/h2>\n\n\n\n<h2 class=\"wp-block-heading\"><strong>ACTIVOS Y JUBILADOS &nbsp;IMSS <\/strong><strong><\/strong><\/h2>\n\n\n\n<h1 class=\"wp-block-heading\"><strong>SIN AFECTAR TARJETON.<\/strong><strong><\/strong><\/h1>\n\n\n\n<h2 class=\"wp-block-heading\"><strong>Ll\u00e1menos las 24 hrs del d\u00eda <\/strong><strong><\/strong><\/h2>\n\n\n\n<h1 class=\"wp-block-heading\"><strong>LLAMENOS 4811039565<\/strong><strong><\/strong><\/h1>\n\n\n\n<h1 class=\"wp-block-heading\"><strong>CREDITO INMEDIATO<\/strong><strong><\/strong><\/h1>\n\n\n\n<h1 class=\"wp-block-heading\"><strong>+++++++++++++<\/strong><strong><\/strong><\/h1>\n\n\n\n<p>SERA UNA ZAFRA POBRE DEL PLAN DE AYALA ESTE A\u00d1O..<\/p>\n\n\n\n<p>&#8211; &nbsp;Se&nbsp;ha molido el 10% del estimado de campo, apenas llegara a las &nbsp;700 mil toneladas.<\/p>\n\n\n\n<p>. Seg\u00fan reportes &nbsp;de &nbsp;corridas de fabrica &nbsp;del ingenio azucarero &nbsp;Plan de Ayala ha molido en tres semanas de zafra el 10 por ciento de lo de toda la molienda pasada, lo que &nbsp;arroja &nbsp;que &nbsp;el estimado de campo seria de &nbsp;unas 700 mil toneladas<\/p>\n\n\n\n<p>La &nbsp;m\u00e1xima industria ya ha &nbsp;molido 72 mil 900 toneladas de ca\u00f1a, que es el equivalente al 10 por ciento, esta pendiente establecer el Karbe (Kilogramo de az\u00facar recuperable, base est\u00e1ndar) por las recientes &nbsp;atribuy\u00e9ndose a interrupciones fabriles &nbsp;a &nbsp;causa que ha sufrido el procedimiento en la factor\u00eda.<\/p>\n\n\n\n<p>Para &nbsp;los &nbsp;abastecedores &nbsp;de la gram\u00ednea existen esperanzas &nbsp;que &nbsp;el gobierno federal &nbsp;logre mejores &nbsp;condiciones arancelarias &nbsp;para el edulcorante &nbsp;proveniente &nbsp;del extranjero<\/p>\n\n\n\n<p>la expectativa al precio del az\u00facar arrojar\u00eda al final del ciclo una liquidaci\u00f3n con buenos dividendos &nbsp;opinan los dirigentes de las agrupaciones &nbsp;ca\u00f1eras.<\/p>\n\n\n\n<p><strong>+++++++++++++++<\/strong><strong><\/strong><\/p>\n\n\n\n<p><strong>Z A C &nbsp;A H U I &nbsp;L <\/strong><strong><\/strong><\/p>\n\n\n\n<p><strong>Por &nbsp;Voy E. Charles.<\/strong><strong><\/strong><\/p>\n\n\n\n<p><strong>Los peri\u00f3dicos &nbsp;impresos &nbsp;en Ciudad Valles &nbsp;&nbsp;cuyo historial se remonta all\u00e1 por &nbsp;el a{o 1938,de &nbsp;hecho desaparecieron y solo sobrevive &nbsp;el Semanario EMSA &nbsp;QUE &nbsp;NO ES &nbsp;VOCEADO PUBLICAMENTE, SOLO ES OBSEQUIADO EN CENTROS COMERCIAALES, gracias &nbsp;a la habilidad de su director &nbsp;fundador &nbsp;Samuel Roa Botello quien promete &nbsp;que pronto habr\u00e1 &nbsp;sorpresas, con una jurisdicci\u00f3n hacia el sur \u2026.. &nbsp;Por &nbsp;exceso de conocimiento, comentamos &nbsp;que &nbsp;la ley gobernadora &nbsp;&nbsp;se extend\u00eda a los &nbsp;60 municipios &nbsp;del estado potosino sinceramente no &nbsp;hemos ac<\/strong><strong>c<\/strong><strong>esado hasta &nbsp;el fondo de la ley &nbsp;que favorece solo participaci\u00f3n de l<\/strong><strong>a<\/strong><strong>&nbsp;mujer &nbsp;en el proceso electoral que concluye &nbsp;con nuevas caras &nbsp;que no &nbsp;viviran en &nbsp;el error, s<\/strong><strong>u<\/strong><strong>s &nbsp;quincenas y dem\u00e1s$$$$$$ &nbsp;estar\u00e1n aseguradas. <\/strong><strong><\/strong><\/p>\n\n\n\n<p><strong>Abordamos &nbsp;este &nbsp;escabroso tema &nbsp;que &nbsp;pisotea &nbsp;a la propia Constituci\u00f3n y a las autoridades de la alta nomenclatura pol\u00edtica del pa\u00eds. En Valles ya se &nbsp;movilizan ciertos personajes &nbsp;varones que &nbsp;no han vivido en el error, por ejemplo &nbsp;promueven al dos veces &nbsp;regidor dirigente del PAN &nbsp;con antecedentes nada agradables en su propio partido, expreso p\u00fablicamente en los medios informativos &nbsp;&nbsp;que &nbsp;esta listo para &nbsp;la contienda &nbsp;por la alcald\u00eda de Valles\u2026\u2026Quieres &nbsp;conocer &nbsp;o saber &nbsp;tu vida pasada, tu modus vivendi y operandi, METETE A LA POLITICA la base ciudadana &nbsp;que &nbsp;guarda muchos secretitos &nbsp;los dar\u00e1 a conocer sin cargo ni costos$$$$$$$$$$ \u2026 bueno s\u00ed, debemos admitir &nbsp;&nbsp;muchos pol\u00edticos han ca\u00eddo en la gracia de la alta nomenclatura pol\u00edtica y hasta &nbsp;endeudados &nbsp;al solicitar &nbsp;apoyos$$$ para campa\u00f1a, para &nbsp;que finalmente reciban la noticia \u201c\u2026dice &nbsp;mi mama &nbsp;que siempre NO\u201d &nbsp;\u2026 Como todo lo chueco &nbsp;es &nbsp;manejado en lo oscuro en la administraci\u00f3n municipal de Valles y los informes \u201cmochos\u201d son desinformes, tenemos a la &nbsp;&nbsp;vista una publicacio que no deja lugar a dudas &nbsp;de un mun\u00edcipe &nbsp;reciente &nbsp;que habr\u00eda &nbsp;repuesto &nbsp;el desv\u00edo de casi 20 millones de pesos para obras federales &nbsp;&nbsp;o las &nbsp;&nbsp;est\u00e1 ejecutando &nbsp;con la intervenci\u00f3n de la &nbsp;Auditoria Superior de la federaci\u00f3n\u2026.a &nbsp;prop\u00f3sito &nbsp;el P. O..A. &nbsp;(programa de obras anual) del pasado a\u00f1o en la administraci\u00f3n reelecta &nbsp;nunca fue &nbsp;conocido y para este &nbsp;&nbsp;2026 &nbsp;no se sabe a donde aplicaran los recursos del presupuesto\u2026..Esta bien claro que el Codesol maneja recursos &nbsp;para &nbsp;OBRAS ETIQUETADAS no &nbsp;confundir, &nbsp;&nbsp;se &nbsp;publico &nbsp;que &nbsp;&nbsp;la Direcci\u00f3n de obras p\u00fablicas &nbsp;&nbsp;se encargar\u00eda de &nbsp;hacer las &nbsp;obras &nbsp;para el pueblo. &nbsp;Obras publicas maneja &nbsp;direcciones de &nbsp;servicios p\u00fablicos solamente y no tiene presupuesto asignado.<\/strong><strong><\/strong><\/p>\n\n\n\n<p>++++++++++++++++<strong><\/strong><\/p>\n\n\n\n<h1 class=\"wp-block-heading\"><strong>CARROCERIAS &nbsp;BUSTOS<\/strong><strong><\/strong><\/h1>\n\n\n\n<h2 class=\"wp-block-heading\"><strong>Reforma y Lerdo de tejada Col. Altavista.<\/strong><strong><\/strong><\/h2>\n\n\n\n<h2 class=\"wp-block-heading\"><strong>Cd Valles SLP &nbsp;Tel. 3824777.<\/strong><strong><\/strong><\/h2>\n\n\n\n<p><strong>En carrocer\u00edas para camiones y camionetas nadie nos compite.<\/strong><strong><\/strong><\/p>\n\n\n\n<p><strong>++++++++<\/strong><strong><\/strong><\/p>\n\n\n\n<p><strong>AHORA &nbsp;HASTA &nbsp;LA &nbsp;DIPUTADA &nbsp;\u201cPOR VALLES\u201d ABRIGA POSIBILIDAD DE IR POR &nbsp;ALCALDIA.<\/strong><strong><\/strong><\/p>\n\n\n\n<p><strong>+.- &nbsp;Hace &nbsp;tres &nbsp;meses &nbsp;alzo la mano.<\/strong><strong><\/strong><\/p>\n\n\n\n<p>Toda &nbsp;f\u00e9mina con la ley electoral a modo \u201cgobernadora\u201d tiene el exclusivo &nbsp;derecho de &nbsp;votar y ser &nbsp;votada, esa &nbsp;&nbsp;es la &nbsp;raz\u00f3n que la &nbsp;<\/p>\n\n\n\n<p>diputada por Valles &nbsp;no descarta la posibilidad de buscar la candidatura por &nbsp;la sucesi\u00f3n municipal de &nbsp;La Puerta &nbsp;Grande de la Huasteca en el 2027.<\/p>\n\n\n\n<p>. La diputada Nancy Jeanine Garc\u00eda Mart\u00ednez representa al distrito de Valles &nbsp;ante el Congreso del estado en su &nbsp;visita &nbsp;el pasado mes de &nbsp;septiembre &nbsp;&nbsp;aprovecho para &nbsp;declarar ante los medios informativos &nbsp;sus aspiraciones de &nbsp;participar &nbsp;en el proceso electoral &nbsp;por la candidatura a ser candidata a la Presidencia municipal de CIUDAD VLLES<\/p>\n\n\n\n<p>La presencia &nbsp;de la legisladora &nbsp;fue &nbsp;para &nbsp;redir su informe anual legislativo &nbsp;que &nbsp;esa ocasi\u00f3n fue ante medios informativos &nbsp;solamente, Garc\u00eda Mart\u00ednez externo &nbsp;que no descarta la posibilidad de ser candidata a la alcald\u00eda por &nbsp;MORENA. Al respecto consultados &nbsp;otros &nbsp;sectores partidistas se\u00f1alan &nbsp;que &nbsp;es mas probable &nbsp;que &nbsp;la candidata (si es que no desconocen la ley gobernadora) corresponder\u00eda &nbsp;al VERDE en base a compromisos &nbsp;que &nbsp;desde &nbsp;la c\u00fapula de ese partido existen con relaci\u00f3n a Valles.<\/p>\n\n\n\n<p>La ultima &nbsp;mujer &nbsp;como alcaldesa &nbsp;que ha tenido Valles &nbsp;fue Socorro Herrera &nbsp;(PAN) y la primera electa por el tricolor fue Margarita Bacconier &nbsp;Ocejo.<\/p>\n\n\n\n<p><strong>++++++<\/strong><strong> <\/strong><strong><\/strong><\/p>\n\n\n\n<p><strong>QFB &nbsp;FABIOLA GARCIA ALVAREZ<\/strong><strong><\/strong><\/p>\n\n\n\n<h2 class=\"wp-block-heading\"><strong>Perito dictaminador en an\u00e1lisis bacteriol\u00f3gico de agua<\/strong><strong><\/strong><\/h2>\n\n\n\n<h2 class=\"wp-block-heading\"><strong>Y alimentos con n\u00famero GES-PD 0705<\/strong><strong><\/strong><\/h2>\n\n\n\n<h2 class=\"wp-block-heading\"><strong>Perito dictaminador en &nbsp;estupefacientes GES-PD0523<\/strong><strong><\/strong><\/h2>\n\n\n\n<h2 class=\"wp-block-heading\"><strong>Maestr\u00eda &nbsp;en an\u00e1lisis cl\u00ednicos 1301 \u2013 368068<\/strong><strong><\/strong><\/h2>\n\n\n\n<p><strong>Ced &nbsp;prof &nbsp;8664204 &nbsp;&nbsp;Tel. 38 1 66 64Asesor\u00eda, &nbsp;auditor\u00eda &nbsp;y gesti\u00f3n ambiental. G. Victoria No. 8 &nbsp;zona centro Cd Valles <\/strong><strong><\/strong><\/p>\n\n\n\n<p><strong>++++++++++++<\/strong><strong><\/strong><\/p>\n\n\n\n<p><strong>EN TERMINAL DE &nbsp;AUTOBUSES DEBE HABER &nbsp;BA\u00d1OS PUBLICOS NO DE PAGA.<\/strong><strong><\/strong><\/p>\n\n\n\n<p><strong>Los sanitarios &nbsp;&nbsp;en &nbsp;las terminales de autobuses &nbsp;for\u00e1neos &nbsp;&nbsp;debe ser &nbsp;parte del servicio &nbsp;de la empresa transportista, pero para &nbsp;desgracia de &nbsp;miles de usuarios, ese &nbsp;servicio es de PAGA.<\/strong><strong><\/strong><\/p>\n\n\n\n<p><strong>En opini\u00f3n del profesor &nbsp;jubilado <\/strong><a href=\"https:\/\/www.facebook.com\/groups\/119850171763772\/user\/100004525748093\/?__cft__%5b0%5d=AZYBT6enqEUoSl6T8giPmkZ2Cq79dMK2Ru5HdgytK5nWwrS17wB_dPjO8FPI-_5-wAlEZsP62LeTrDp8N-ohTLXi7DsthEsgt9w6ak1ltmqK0WXBGnOz4MKUuKUP9jQH5_jyLoMize1cMbVIo6cPajx-YI8mgDWclQxkXOhSVrr840Q4JOzic3zze43dIN5_UtzCk8d2-DPupNBY_-fyN1AwTv49lD7MWRH0iNiqjwSOIw&amp;__tn__=R-R\"><strong>Mauricio Contreras Ortiz<\/strong><\/a>, en relaci\u00f3n a quejas &nbsp;de usuarios del transporte for\u00e1neo que arriban a esta &nbsp;ciudad, &nbsp;\u201clas necesidades fisiol\u00f3gicas son naturales y hasta cierto punto incontrolables. Los Ayuntamientos y el Sector salud lo deber\u00edan atender como un problema de SALUD P\u00daBLICA, y establecer sanitarios p\u00fablicos gratuitos sostenidos y mantenidos por ellos.&nbsp;S\u00f3lo es cuesti\u00f3n de que dejen de robar un poco y que le bajen a su ambici\u00f3n\u201d<\/p>\n\n\n\n<p>Otras &nbsp;voces &nbsp;refieren &nbsp;que &nbsp;la Comisi\u00f3n &nbsp;de Derechos &nbsp;Humanos &nbsp;debe &nbsp;actuar &nbsp;para proteger a &nbsp;los usuarios &nbsp;del transporte as\u00ed como las autoridades &nbsp;correspondientes &nbsp;al otorgar las concesiones y autorizar tarifas(de por si muy elevadas en esta regi\u00f3n) &nbsp;debe &nbsp;incluirse la prestaci\u00f3n de ese &nbsp;beneficio al cliente.<\/p>\n\n\n\n<p>++++++++<\/p>\n\n\n\n<p>URGE MAS ATENCION A LOS DIFUNTOS SEPULTOS &nbsp;EN EL PANTEON MUNICIPAL.&nbsp;<\/p>\n\n\n\n<p>+.-Ah!! &nbsp;pero eso si, &nbsp;los &nbsp;cobros &nbsp;por todo &nbsp;&nbsp;no escapan ni los muertos.<\/p>\n\n\n\n<p>Por &nbsp;decenios anteriores los &nbsp;habitantes de la colonia &nbsp;Hidalgo\/sur han cruzado el predio del cementerio municipal que lleva el mismo nombre, evitando dar un rodeo para continuar &nbsp;hacia la zona centro, &nbsp;inclusive llegaron a colocar un port\u00f3n en la barda, al paso de los a\u00f1os fue un camino &nbsp;normal pero favoreci\u00f3 el vandalismo, situaci\u00f3n que persiste ahora con da\u00f1os materiales.<\/p>\n\n\n\n<p>Deudos &nbsp;de \u201cusuarios\u201d DEL CEMENTERIO DE LA COLONIA Hidalgo &nbsp;denuncian que los &nbsp;vecinos instalaron una malla lateral del \u201ccampo santo\u201d se quejan de que por &nbsp;falta de vigilancia del lugar, personas ajenas ingresan a robar o a hacer destrozos entran todo tipo de personas &nbsp;que hacen desmanes, robar reliquias y vandalismo.<\/p>\n\n\n\n<p>La administraci\u00f3n del sitio poco o &nbsp;nada hace &nbsp;ante las denuncias de los familiares &nbsp;de &nbsp;los &nbsp;residentes eternos en su ultima mirada .Ah!! &nbsp;pero eso si, &nbsp;los &nbsp;cobros &nbsp;por todo &nbsp;&nbsp;no escapan ni los muertos.<\/p>\n\n\n\n<p><strong>++++++++++++++<\/strong><strong><\/strong><\/p>\n\n\n\n<p><strong>\u00bb <\/strong><strong>\u201cFINCA &nbsp;SAN ISIDRO\u201d <\/strong><strong><\/strong><\/p>\n\n\n\n<h2 class=\"wp-block-heading\"><strong>Sal\u00f3n para fiestas de todo tipo.<\/strong><strong><\/strong><\/h2>\n\n\n\n<h2 class=\"wp-block-heading\"><strong>Carretera Valles \u2013 R\u00edo Verde Km. 8 Contrataciones al Tel. 01 481 <\/strong><strong><\/strong><\/h2>\n\n\n\n<p><strong>++++++++++++<\/strong><strong><\/strong><\/p>\n\n\n\n<p>\u00a1MEXICO DIO UN GOLPESAZO A LAS MAQUILAS DE TRUMP!.<\/p>\n\n\n\n<p>+\u00b4.- Aumento al salario m\u00ednimo &nbsp;se &nbsp;acabo la \u201cesclavitud &nbsp;laboral\u201d<\/p>\n\n\n\n<p>M\u00e9xico acaba de implementar el aumento del 13% al salario m\u00ednimo, poniendo fin a d\u00e9cadas de explotaci\u00f3n laboral que favorec\u00edan a las grandes empresas estadounidenses. Este cambio viene con la reducci\u00f3n de la jornada laboral a 40 horas semanales, un paso hacia la mejora de la calidad de vida de los trabajadores mexicanos. <img decoding=\"async\" width=\"16\" height=\"16\" src=\"\"><\/p>\n\n\n\n<p>Este ajuste econ\u00f3mico tiene a Donald Trump y a las multinacionales estadounidenses furiosos, ya que rompe su modelo de \u00abnearshoring\u00bb que depend\u00eda de mano de obra barata en M\u00e9xico. Mientras el salario m\u00ednimo en M\u00e9xico sigue aumentando, la brecha entre los sueldos de trabajadores mexicanos y estadounidenses empieza a cerrarse. \u00a1Un paso m\u00e1s hacia la justicia econ\u00f3mica<\/p>\n\n\n\n<p>++++++++<\/p>\n\n\n\n<p><strong>DICE &nbsp;TRUMP QUE &nbsp;NUEVA MANDATARIA &nbsp;VENEZOLANA &nbsp;\u201cPAGARA &nbsp;PRECIO MAS ALTO\u201d QUE MADURO.<\/strong><strong><\/strong><\/p>\n\n\n\n<p>El presidente deL IMPERIO DEL NORTE , amenaz\u00f3 este domingo a la vicepresidenta venezolana Delcy Rodr\u00edguez, designada por &nbsp;el Congreso Bolivariano &nbsp;encargada del Ejecutivo tras el secuestro de Nicol\u00e1s Maduro, al advertir que enfrentar\u00e1 \u00abun muy alto precio\u00bb si no act\u00faa conforme a los intereses de Washington.<\/p>\n\n\n\n<p>Trump afirm\u00f3 que las consecuencias para Rodr\u00edguez podr\u00edan ser mayores que las impuestas a Maduro y contrast\u00f3 su tono con las declaraciones p\u00fablicas de la funcionaria venezolana, quien se mostr\u00f3 desafiante tras la intervenci\u00f3n militar estadunidense en Venezuela.<\/p>\n\n\n\n<p>El mandatario estadunidense defendi\u00f3 la decisi\u00f3n de intervenir en el pa\u00eds sudamericano y sostuvo que su pol\u00edtica no se limita a una interpretaci\u00f3n geogr\u00e1fica de la Doctrina Monroe. Seg\u00fan explic\u00f3, las acciones de Estados Unidos se definen \u00abpa\u00eds por pa\u00eds &nbsp;(AGUAS &nbsp;&nbsp;&nbsp;TAMBIEN MEXICO) y no exclusivamente por su ubicaci\u00f3n en el hemisferio occidental. Dijo tambi\u00e9n la posibilidad de intervenir en Groenlandia, territorio gobernado por Dinamarca, al se\u00f1alar que la isla se encuentra rodeada de embarcaciones rusas y chinas, lo que, dijo, representa un inter\u00e9s estrat\u00e9gico para Washington<\/p>\n\n\n\n<p>+++++++++++<\/p>\n\n\n\n<p>ESTE &nbsp;FIN DE DEMANA &nbsp;NUEVA TARIFA DE&nbsp;PASAJE URBANO.<\/p>\n\n\n\n<p>Los incrementos a pensiones &nbsp;y salarios &nbsp;no llega &nbsp;al 20% &nbsp;tope &nbsp;que seg\u00fan la teor\u00eda &nbsp;del gobierno es base &nbsp;para &nbsp;tomar decisiones en precios y tarifas, &nbsp;sin olvidar &nbsp;tambi\u00e9n cita &nbsp;el porcentaje &nbsp;del \u00edndice de precios al consumidor, sin embargo corresponde &nbsp;al Congreso del estado &nbsp;autorizar el incremento a tarifas del transporte urbano &nbsp;en todo el estado los &nbsp;empresarios &nbsp;capitalinos a los que se suman los Huastecos, pretenden un 20%.<\/p>\n\n\n\n<p>Los &nbsp;legisladores han manifestado &nbsp;que tomaran en cuenta &nbsp;la econom\u00eda &nbsp;familiar, los transportistas pretenden un incremento de &nbsp;$12.50 &nbsp;a &nbsp;&nbsp;&nbsp;QUINCE PESOS, &nbsp;a partir de &nbsp;este &nbsp;<\/p>\n\n\n\n<p>15 de enero<\/p>\n\n\n\n<p>Cada &nbsp;a\u00f1o-incremento los &nbsp;empresarios se comprometen a nuevas unidades, mejor servicio en horarios &nbsp;etc etc &nbsp;pero no cumplen. &nbsp;Excepto que algunas unidades &nbsp;rojas &nbsp;fueron incorporadas a la ruta Info dos &nbsp;aqu\u00ed en Valles.<\/p>\n\n\n\n<p><strong>+++++++++++++++++<\/strong><\/p>\n\n\n\n<p><strong>&#8212; \u201cCAF\u00c9 Y RESTAURANT &nbsp;EL FAROLITO<\/strong><strong><\/strong><\/p>\n\n\n\n<p><strong>Lo mejor de la cocina Huasteca; el tradicional zacahuil y cazueladas. &nbsp;Atendemos toda clase de &nbsp;festejos. Pedidos al Tel &nbsp;3821017 Ciudad Valles SLP<\/strong><strong><\/strong><\/p>\n\n\n\n<p><strong>++++++++++++++++++<\/strong><strong><\/strong><\/p>\n\n\n\n<p><strong>D E &nbsp;V O LA D A.-<\/strong><strong><\/strong><\/p>\n\n\n\n<p><strong>PRIMERA SUPERCOMPUTADORA &nbsp;MEXICAN<\/strong><strong>&nbsp;<\/strong><strong>&nbsp;PARA EL A\u00d1O &nbsp;2027.<\/strong><strong><\/strong><\/p>\n\n\n\n<p><strong>(tomado de &nbsp;redes &nbsp;sociales)<\/strong><strong><\/strong><\/p>\n\n\n\n<p>La supercomputadora mexicana&nbsp;<em>Coatlicue<\/em>&nbsp;estar\u00e1 en operaci\u00f3n dentro de dos a\u00f1os y alcanzar\u00e1 una capacidad de 314 mil billones de operaciones por segundo, lo que la convertir\u00e1 en la m\u00e1s poderosa de Am\u00e9rica Latina. El proyecto, anunciado en &nbsp;conferencia presidencial, tendr\u00e1 una inversi\u00f3n aproximada de 6 mil millones de pesos y ser\u00e1 de car\u00e1cter p\u00fablico.<\/p>\n\n\n\n<p>La presidenta Claudia Sheinbaum afirm\u00f3 que el nuevo sistema permitir\u00e1 que el pa\u00eds incursione plenamente en el uso de inteligencia artificial y procesamiento de grandes vol\u00famenes de datos, capacidades actualmente limitadas. Asegur\u00f3 que el desarrollo fortalecer\u00e1 la ciencia, la tecnolog\u00eda y la innovaci\u00f3n nacionales.<\/p>\n\n\n\n<p>Jos\u00e9 Antonio Pe\u00f1a Merino, titular de la Agencia de Transformaci\u00f3n Digital y Telecomunicaciones, detall\u00f3 que Coatlicue contar\u00e1 con 14 mil 480 GPUs y brindar\u00e1 servicios de c\u00e1lculo masivo para proyectos cient\u00edficos, emprendedores e industriales, con el fin de crear un modelo autosustentable.<\/p>\n\n\n\n<p>La secretaria de Ciencia, Humanidades, Tecnolog\u00eda e Innovaci\u00f3n, Rosaura Ruiz, explic\u00f3 que el sistema se integrar\u00e1 al cl\u00faster nacional de supercomputadoras y llevar\u00e1 el nombre de la madre de los dioses en la mitolog\u00eda mexica. A\u00f1adi\u00f3 que su uso ser\u00e1 clave para procesar la creciente cantidad de datos en \u00e1reas como salud, medio ambiente y prevenci\u00f3n de desastres.<\/p>\n\n\n\n<ul class=\"wp-block-list\">\n<li><a href=\"mailto:davidfloresg_43@hotmail.com\"><\/a><\/li>\n<\/ul>\n\n\n\n<p><strong>+++++++++++++<\/strong><strong><\/strong><\/p>\n","protected":false},"excerpt":{"rendered":"<p>FISCALIA SUPERIOR RECOMIENDA &nbsp;A ALCALDES NO ABUSAR EN SUELDOS. &#8211; El &nbsp;recurso federal es &nbsp;para obras. En los &nbsp;escasos &nbsp;ayuntamientos &nbsp;que &nbsp;dieron a conocer &nbsp;el presupuesto de ingresos y egresos &nbsp;&nbsp;para &nbsp;el ejercicio fiscal 2026, incluyeron el &nbsp;tabulador de supersueldos &nbsp;de &nbsp;funcionarios municipales, por regla &hellip; <\/p>\n","protected":false},"author":1,"featured_media":108943,"comment_status":"open","ping_status":"open","sticky":false,"template":"","format":"standard","meta":{"footnotes":""},"categories":[17],"tags":[],"class_list":["post-110752","post","type-post","status-publish","format-standard","has-post-thumbnail","hentry","category-colaboraciones"],"_links":{"self":[{"href":"https:\/\/amanecerhuasteco.com\/portal\/wp-json\/wp\/v2\/posts\/110752","targetHints":{"allow":["GET"]}}],"collection":[{"href":"https:\/\/amanecerhuasteco.com\/portal\/wp-json\/wp\/v2\/posts"}],"about":[{"href":"https:\/\/amanecerhuasteco.com\/portal\/wp-json\/wp\/v2\/types\/post"}],"author":[{"embeddable":true,"href":"https:\/\/amanecerhuasteco.com\/portal\/wp-json\/wp\/v2\/users\/1"}],"replies":[{"embeddable":true,"href":"https:\/\/amanecerhuasteco.com\/portal\/wp-json\/wp\/v2\/comments?post=110752"}],"version-history":[{"count":1,"href":"https:\/\/amanecerhuasteco.com\/portal\/wp-json\/wp\/v2\/posts\/110752\/revisions"}],"predecessor-version":[{"id":110754,"href":"https:\/\/amanecerhuasteco.com\/portal\/wp-json\/wp\/v2\/posts\/110752\/revisions\/110754"}],"wp:featuredmedia":[{"embeddable":true,"href":"https:\/\/amanecerhuasteco.com\/portal\/wp-json\/wp\/v2\/media\/108943"}],"wp:attachment":[{"href":"https:\/\/amanecerhuasteco.com\/portal\/wp-json\/wp\/v2\/media?parent=110752"}],"wp:term":[{"taxonomy":"category","embeddable":true,"href":"https:\/\/amanecerhuasteco.com\/portal\/wp-json\/wp\/v2\/categories?post=110752"},{"taxonomy":"post_tag","embeddable":true,"href":"https:\/\/amanecerhuasteco.com\/portal\/wp-json\/wp\/v2\/tags?post=110752"}],"curies":[{"name":"wp","href":"https:\/\/api.w.org\/{rel}","templated":true}]}}