{"id":110918,"date":"2026-01-19T08:18:47","date_gmt":"2026-01-19T14:18:47","guid":{"rendered":"https:\/\/amanecerhuasteco.com\/portal\/?p=110918"},"modified":"2026-01-19T08:18:49","modified_gmt":"2026-01-19T14:18:49","slug":"entre-columnas-695","status":"publish","type":"post","link":"https:\/\/amanecerhuasteco.com\/portal\/entre-columnas-695\/","title":{"rendered":"ENTRE COLUMNAS"},"content":{"rendered":"\n<p>PASAJE&nbsp; URBANO&nbsp; AUMENTO A $13.50 ES&nbsp; OFICIAL.<\/p>\n\n\n\n<p>La SCT autoriz\u00f3 tarifas desde&nbsp; este jueves aumento a $13.50 pesos es&nbsp; la&nbsp; nueva tarifa&nbsp; general &nbsp;en la modalidad general, 12.50 pesos en prepago y 6.75 pesos en tarifa especial.<\/p>\n\n\n\n<p>Las nuevas tarifas del transporte p\u00fablico urbano para el ejercicio 2026, luego de rechazar la solicitud del pulpo camionero que planteaba un incremento hasta los 15 pesos la autorizaci\u00f3n es de solamente&nbsp; un peso.<\/p>\n\n\n\n<p>La Secretar\u00eda de Comunicaciones y Transportes estatal autoriz\u00f3 este ajuste moderado que fija la tarifa general en $13.50 pesos, mientras que el esquema de prepago tendr\u00e1 un costo de 12.50 pesos y la tarifa especial para estudiantes, adultos y discapacitados ser\u00e1 de $6.75 pesos.<\/p>\n\n\n\n<p>&nbsp;La determinaci\u00f3n se tom\u00f3 tras analizar el comportamiento de la inflaci\u00f3n y el aumento en los costos de operaci\u00f3n del servicio, incluyendo insumos y mantenimiento de la flota.<\/p>\n\n\n\n<p>El sistema de transporte cuenta con alternativas sin costo como MetroRed, as\u00ed como con apoyos y subsidios para estudiantes, personas adultas mayores y personas con discapacidad, en lo general se protege la econom\u00eda familiar.<\/p>\n\n\n\n<p>\u201cLEY&nbsp; GOBERNADORA\u201d ES&nbsp; VETADA POR EL&nbsp; EJECUTIVO ESTATAL.<\/p>\n\n\n\n<p>Tras unas semanas de euforia pol\u00edtica , iniciamos la semana&nbsp; con el anuncio&nbsp; del inesperado;&nbsp; Veta el Gobernador la &nbsp;\u201cLey Gobernadora\u201d que ha solicitado que el Ceepac replantee la iniciativa, que se abra una discusi\u00f3n m\u00e1s amplia, con la participaci\u00f3n de expertos constitucionalistas,<\/p>\n\n\n\n<p>Con el objetivo de que se analice y se discuta a fondo la reforma a la ley electoral del Estado en materia de paridad de g\u00e9nero para que se postulen s\u00f3lo mujeres a la gubernatura en 2027 y evitar que se vulneren derechos constitucionales a toda persona que aspire al cargo.<\/p>\n\n\n\n<p>El gobernador del Estado de San Luis Potos\u00ed,&nbsp; hace uso de su derecho de veto en dicha iniciativa. de reforma presentada por el (Ceepac) y aprobada por el Legislativo el pasado 14 de diciembre por 19 votos a favor y 8 en contra obligar\u00eda a todos los partidos pol\u00edticos abanderar a una mujer con miras al relevo gubernamental.<\/p>\n\n\n\n<p>Se ha solicitado que el Ceepac replantee la iniciativa, que se abra una discusi\u00f3n m\u00e1s amplia, con la participaci\u00f3n de expertos constitucionalistas, acad\u00e9micos y todas las fuerzas pol\u00edticas, con el objetivo claro de fortalecer la igualdad de g\u00e9nero sin generar controversias legales.<\/p>\n\n\n\n<h1 class=\"wp-block-heading\">SIN AFECTAR TARJETON.<\/h1>\n\n\n\n<h2 class=\"wp-block-heading\">Ll\u00e1menos las 24 hrs del d\u00eda<\/h2>\n\n\n\n<h1 class=\"wp-block-heading\">LLAMENOS 4811039565<\/h1>\n\n\n\n<h1 class=\"wp-block-heading\">CREDITO INMEDIATO<\/h1>\n\n\n\n<h1 class=\"wp-block-heading\">+++++++++++++<\/h1>\n\n\n\n<p>PAVIMENTARON CALLE SIN&nbsp; DRENAJE NI&nbsp; AGUA&nbsp; ENTUBADA.<\/p>\n\n\n\n<p>La obra de pavimentaci\u00f3n&nbsp; de la principal v\u00eda de acceso a la colonia M\u00e9ndez \u2013 oriente de la ciudad- &nbsp;fue un logro para los vecinos del sector, el financiamiento presumen fue&nbsp; federal de&nbsp; obras etiquetadas a trav\u00e9s de Codesol&nbsp; que se adjudica el municipio como propia, carece de drenaje y red de agua potable, no esta&nbsp; concluida al denunciar los vecinos&nbsp; la obra mediocre.<\/p>\n\n\n\n<p>El dirigente del Frente popular de vecinos&nbsp; Jos\u00e9 Ines&nbsp; Vel\u00e1squez&nbsp;&nbsp; en su momento oportuno denuncio&nbsp; con conocimiento de causa&nbsp; por su&nbsp; trabajo en la construcci\u00f3n al detectar la p\u00e9sima calidad de los trabajos previos a la pavimentaci\u00f3n, despu\u00e9s&nbsp; el retraso&nbsp; del avance&nbsp; hasta&nbsp; que los vecinos molestos por la desatenci\u00f3n de las autoridades municipales&nbsp; que se adjudicaban la obra (del Codesol) decidieron firmar y aceptar que la avenida 4ta. No &nbsp;fuera &nbsp;terminada , y que lo que construy\u00f3 fue con materiales malos sin banqueta ni descargas de drenaje ni tomas de agua &nbsp;seg\u00fan dicen &#8211; le regalaron a medina&nbsp; 3 millones de pesos , de 5 millones y medio que costo la obra.<\/p>\n\n\n\n<p>Existen antecedentes&nbsp; revelados&nbsp; por la Auditoria Superior de la Federaci\u00f3n&nbsp; que la anterior administraci\u00f3n municipal (con el mismo alcalde) dispuso o habr\u00eda desviado millones de pesos para obras etiquetadas en Valles, al descubrir por auditoria, al parecer&nbsp; repusieron parte y ejecutaron las obras a destiempo. Vel\u00e1zquez&nbsp; confirmo&nbsp; v\u00eda&nbsp; telef\u00f3nica&nbsp; que la obra de&nbsp; CODESOL&nbsp; que en el informe&nbsp;&nbsp; del municipio se la adjudica como popia&nbsp; aparecer&nbsp; como terminada y entregada la comunidad.<\/p>\n\n\n\n<p>+++++++++++++++<\/p>\n\n\n\n<p>Z A C&nbsp; A H U I&nbsp; L<\/p>\n\n\n\n<p>Por&nbsp; Voy E. Charles.<\/p>\n\n\n\n<p>++++++++++++++++<\/p>\n\n\n\n<p>El&nbsp; comit\u00e9 organizador&nbsp; fantasma&nbsp; de la feria&nbsp;&nbsp; edici\u00f3n 2026&nbsp; ya&nbsp; ha contratado dos&nbsp; artistas&nbsp; para el pr\u00f3ximo evento, mientras&nbsp; la sociedad Huasteca&nbsp;&nbsp; esta pendiente que&nbsp; los&nbsp; responsables de organizar el evento 2025&nbsp; rindan cuentas&nbsp; econ\u00f3micas o cuando menos saber si el gobierno del estado pago la cuenta pendiente que seg\u00fan dijo el alcalde Vallense&nbsp; estaba pendiente.<\/p>\n\n\n\n<p>Posiblemente&nbsp; el Estado pag\u00f3 pero ante el exceso de transparencia la ciudadan\u00eda no se enter\u00f3 \u2026El evento o \u201cpachanga\u201d&nbsp; anual a\u00fan no tiene fecha definida pero trascendi\u00f3 que ser\u00e1 por el ciclo&nbsp; religioso de Semana Santa\u2026\u2026<\/p>\n\n\n\n<p>Corre&nbsp; la segunda&nbsp; quincena de enero &nbsp;y el&nbsp; anunciado con bombo y platillos noticiero matutino diario del ayuntamiento Vallense &nbsp;para \u201cinformar\u201d, \u201cescuchar\u201d y, seg\u00fan \u00e9l mun\u00edcipe , marcar l\u00edmites entre lo que corresponde&nbsp; atender su gobierno y lo que es&nbsp; responsabilidad de la sociedad.&nbsp;<\/p>\n\n\n\n<p>En la plataforma &nbsp;de Redes sociales de EL INFORMADOS&nbsp; del 27 de diciembre pasado, hace referencia AL COSTO DE LA HORA ESPACIO&nbsp; en la estaci\u00f3n de radio que trasmitir\u00e1 el programa elaborado por el personal del municipio o de la&nbsp; empresa.<\/p>\n\n\n\n<p>Dice la misma publicaci\u00f3n que&nbsp; ante los problemas&nbsp; que enfrenta la comunidad Vallense hay que decirlo sin rodeos: \u201cesto no suena a soluci\u00f3n, suena a perorata, a un ejercicio de ego m\u00e1s que a un acto de gobierno\u201d. \u2026continuara.<\/p>\n\n\n\n<p>Al dar marcha atr\u00e1s la brillante ideota de los consejeros del CEEPAC&nbsp; que supuestamente fueron los autores&nbsp; de la iniciativa de la \u201cley gobernadora\u201d &nbsp;para el estado Tunero, queda&nbsp; abierta o m\u00e1s bien imperar\u00e1&nbsp; en el proceso electoral del 2027 la CONSTITUCION, de tal suerte&nbsp; que&nbsp; dicha&nbsp; disposici\u00f3n que no llego a decreto, pone al \u201dsexo d\u00e9bil\u201d&nbsp; en igualdad de circunstancias con los varones. Esto devuelve el amor por servir a la ciudadan\u00eda de&nbsp; algunos personajes&nbsp;&nbsp;&nbsp; de la elite pol\u00edtica Vallense&nbsp; y a nivel estatal el Huasteco que se perfila junto a Rosa&nbsp; Icela Rodr\u00edguez&nbsp; actual Secretaria de Gobernaci\u00f3n federal.&nbsp;<\/p>\n\n\n\n<p>Y&nbsp; como semanas atr\u00e1s&nbsp; comentamos,&nbsp; la diputada por Valles no descarta la posibilidad de la candidatura por la sucesi\u00f3n municipal en su cabecera de distrito&nbsp; en el 27\u2026usted la conoce\u00bf\u2026Nombre: &nbsp;Nancy Jeanine Garc\u00eda Mart\u00ednez llego a la legislatura bajo las siglas de MORENA &nbsp;&nbsp;PARTIDO DONDE POCO SE HABLA DE SU DESEMPE\u00d1O EN EL Congreso del estado.<\/p>\n\n\n\n<p>&nbsp;En fin esta en su derecho, corresponde a los votantes Vallenses&nbsp; reconocer&nbsp; si es que lo hace, su trabajo legislativo y atender los asuntos de su incumbencia en el distrito donde no es conocida definitivamente.<\/p>\n\n\n\n<p>El gobierno municipal opera con &nbsp;&nbsp;d\u00e9ficit mensual pese a los n\u00fameros alegres&nbsp; que la tesorera informa&nbsp; al cabildo a modo, el pasado a\u00f1o&nbsp; requiri\u00f3 de dos pr\u00e9stamos bancarios, uno de ellos para&nbsp; pagar nomina y aguinaldos.. y eso&nbsp; que supuestamente los regidores&nbsp;&nbsp; \u201ctrabajaron\u201d&nbsp; seis meses&nbsp; como honorarios con excepci\u00f3n de uno de los s\u00edndicos&nbsp; que&nbsp; no&nbsp; estuvo de acuerdo con la propuesta de su jefe.<\/p>\n\n\n\n<p>En varias ocasiones la&nbsp; funcionaria&nbsp; declaro que&nbsp; con los ahorros en gastos el municipio hasta se daba el lujo d presumir&nbsp; remanentes mensuales\u2026.<\/p>\n\n\n\n<p>++++++<\/p>\n\n\n\n<h1 class=\"wp-block-heading\">CARROCERIAS&nbsp; BUSTOS<\/h1>\n\n\n\n<h2 class=\"wp-block-heading\">Reforma y Lerdo de tejada Col. Altavista.<\/h2>\n\n\n\n<h2 class=\"wp-block-heading\">Cd Valles SLP&nbsp; Tel. 3824777.<\/h2>\n\n\n\n<p>En carrocer\u00edas para camiones y camionetas nadie nos compite.<\/p>\n\n\n\n<p>++++++++<\/p>\n\n\n\n<p>LA REMORA&nbsp; POITICA; EL PT&nbsp; Y&nbsp; EL VERDE&nbsp; FRENARIAN&nbsp; REFORMA ELECTORAL.<\/p>\n\n\n\n<p>+.- Uno sobrevive con pluris y el otro tiene votados y pluris.<\/p>\n\n\n\n<p>En los medios informativos nacionales se&nbsp; public\u00f3 esta semana por declaraciones de legisladores de la bancada de Morena en la C\u00e1mara de Diputados son conscientes &nbsp;que la reforma electoral impulsada por la presidenta Claudia Sheinbaum eventualmntwe no podr\u00e1 aprobarse sin el respaldo del Partido del Trabajo (PT) y del Partido Verde Ecologista de M\u00e9xico (PVEM),&nbsp; consideran necesario tener un acuerdo con ambas fuerzas pol\u00edticas antes de presentar la iniciativa.<\/p>\n\n\n\n<p>El coordinador morenista, Ricardo Monreal, afirm\u00f3 que la propuesta constitucional \u00abno tiene posibilidades de salir (menos con su ayuda) &nbsp;si alguno de los partidos aliados se opone..<\/p>\n\n\n\n<p>En el PVEM, su coordinador en San L\u00e1zaro, Carlos Puente, indic\u00f3 que esperar\u00e1n la versi\u00f3n final de la iniciativa, aunque adelant\u00f3 que podr\u00edan respaldar la reducci\u00f3n del financiamiento a partidos si el reparto de recursos se realiza en condiciones igualitarias.<\/p>\n\n\n\n<p>&nbsp;En lo relativo a &nbsp;la eliminaci\u00f3n de legisladores plurinominales o recortes dr\u00e1sticos al presupuesto partidista, opinaron &nbsp;que la representaci\u00f3n proporcional debe mantenerse y que, m\u00e1s que reducir recursos, se requiere fortalecer la fiscalizaci\u00f3n.<\/p>\n\n\n\n<p>+++++++++++&nbsp;&nbsp;&nbsp;&nbsp;<\/p>\n\n\n\n<p>QFB&nbsp; FABIOLA GARCIA ALVAREZ<\/p>\n\n\n\n<h2 class=\"wp-block-heading\">Perito dictaminador en an\u00e1lisis bacteriol\u00f3gico de agua<\/h2>\n\n\n\n<h2 class=\"wp-block-heading\">Y alimentos con n\u00famero GES-PD 0705<\/h2>\n\n\n\n<h2 class=\"wp-block-heading\">Perito dictaminador en&nbsp; estupefacientes GES-PD0523<\/h2>\n\n\n\n<h2 class=\"wp-block-heading\">Maestr\u00eda&nbsp; en an\u00e1lisis cl\u00ednicos 1301 \u2013 368068<\/h2>\n\n\n\n<p>Ced&nbsp; prof&nbsp; 8664204&nbsp;&nbsp; Tel. 38 1 66 64Asesor\u00eda,&nbsp; auditor\u00eda&nbsp; y gesti\u00f3n ambiental. G. Victoria No. 8&nbsp; zona centro Cd Valles<\/p>\n\n\n\n<p>++++++++++++<\/p>\n\n\n\n<p>MUY CIERTO.&nbsp; Publicado EN REDES.<\/p>\n\n\n\n<p><a href=\"https:\/\/www.facebook.com\/PoliticaVeracruzMedios?__cft__%5b0%5d=AZaKOlKg2kczNgIQefp0_AO17br9GA-qIMkbj_k9js6kg9f4F7J0CqFoI1sCW9jCPvV-zMno7O8EhHPoNtySIrZj1GXupKruJRM9uvoaVqV-8uYYup9Ahak7fhZVO2UypZy8YZ8g7rcfchUpCsqAZLnBuKlPGvXkIAM8S8VsnsCs95xF7JHN5R3DnFYZAu9zF4yf5QtgK1in9htMRx8Ocfcc&amp;__tn__=-UC%2CP-R\">Pol\u00edtica Ver<\/a>&nbsp;\u00b7<\/p>\n\n\n\n<p>Se acab\u00f3 el fest\u00edn!<\/p>\n\n\n\n<p>&nbsp;La Reforma Electoral 2026 que pone jaque a la \u00abvieja pol\u00edtica.-<\/p>\n\n\n\n<p>La presidenta Claudia Sheinbaum impulsa la reforma que busca \u00absepultar al viejo r\u00e9gimen\u00bb.<\/p>\n\n\n\n<p>El objetivo es claro: menos dinero a partidos, eliminaci\u00f3n de legisladores plurinominales y elecciones m\u00e1s baratas.<\/p>\n\n\n\n<p>\u00bfQu\u00e9 pierden los pol\u00edticos de siempre?<\/p>\n\n\n\n<p>Financiamiento millonario: Recorte dr\u00e1stico al presupuesto de partidos.<\/p>\n\n\n\n<p>Curules autom\u00e1ticas: Adi\u00f3s a los diputados y senadores que no ganan por voto directo.<\/p>\n\n\n\n<p>\u00bfApoyas el fin de estos privilegios?<\/p>\n\n\n\n<p>++++++++++++++<\/p>\n\n\n\n<p>\u00bb \u201cFINCA&nbsp; SAN ISIDRO\u201d<\/p>\n\n\n\n<h2 class=\"wp-block-heading\">Sal\u00f3n para fiestas de todo tipo.<\/h2>\n\n\n\n<h2 class=\"wp-block-heading\">Carretera Valles \u2013 R\u00edo Verde Km. 8 Contrataciones al Tel. 01 481<\/h2>\n\n\n\n<p>++++++++++++<\/p>\n\n\n\n<p>CUIDAR EL AGUA PARA DESTINOS TURISTICOS.<\/p>\n\n\n\n<p>Tan es&nbsp; importante y&nbsp; prioritario el uso de agua para&nbsp; la poblaci\u00f3n en general, lo es tambi\u00e9n en cierta medida para&nbsp; la agricultura y explotaci\u00f3n del turismo,&nbsp; en los tres casos&nbsp; merecen atenci\u00f3n extrema&nbsp; para su uso y cuidado, en la zona Huasteca&nbsp;&nbsp; el vital elemento es vital para todo, por lo que las autoridades&nbsp; federales, estatales y municipales&nbsp; deben aplicarse&nbsp; para evitar situaciones de&nbsp; escasez&nbsp;&nbsp;&nbsp; de agua hasta para el consumo humano.&nbsp;<\/p>\n\n\n\n<p>Ya se vivieron dos a\u00f1os consecutivos que la poblaci\u00f3n enfrent\u00f3 la escasez&nbsp; del agua, sin embargo ninguna autoridad&nbsp; ha&nbsp; atendido soluciones parciales, EN EL CASO DEL MUNICIPIO EL PROGRAMA DE POZOS&nbsp; PROFUNDOS&nbsp; NO SE Sabe si fueron terminados o ya&nbsp; esta terminado el proyecto.<\/p>\n\n\n\n<p>En particular&nbsp; DE LOS CENTROS TURISTICOSS&nbsp; DONDE EL AGUA ES VITAL&nbsp; las autoridades DEL RAMO advirtieron &nbsp;que el cuidado del agua debe reforzarse con trabajo coordinado entre dependencias federales, estatales y municipales ante los riesgos que enfrenta el sector tur\u00edstico por la presi\u00f3n sobre los recursos naturales, la secretaria de Turismo del Gobierno del Estado, dio a conocer que es urgente avanzar hacia una regulaci\u00f3n responsable del uso del agua en los destinos tur\u00edsticos, al advertir que no hacerlo puede traer consecuencias graves a corto y mediano plazo<\/p>\n\n\n\n<p>.el cuidado del vital l\u00edquido comienza desde casa, con un uso responsable y consciente, pero debe fortalecerse con acciones coordinadas entre autoridades federales, estatales y municipales, as\u00ed como con la participaci\u00f3n activa de todos los sectores involucrados.<\/p>\n\n\n\n<p>la protecci\u00f3n de la naturaleza y de las maravillas que distinguen a la Huasteca potosina como destino tur\u00edstico no es una opci\u00f3n, sino una necesidad, por lo que la educaci\u00f3n ambiental juega un papel clave para salvaguardar la actividad tur\u00edstica y garantizar su sostenibilidad.<\/p>\n\n\n\n<p>+++++++++++++++++<\/p>\n\n\n\n<p>&#8212; \u201cCAF\u00c9 Y RESTAURANT&nbsp; EL FAROLITO<\/p>\n\n\n\n<p>Lo mejor de la cocina Huasteca; el tradicional zacahuil y cazueladas.&nbsp; Atendemos toda clase de&nbsp; festejos. Pedidos al Tel&nbsp; 3821017 Ciudad Valles SLP<\/p>\n\n\n\n<p>++++++++++++++++++<\/p>\n\n\n\n<p>D E&nbsp; V O LA D A.-<\/p>\n\n\n\n<p>(tomado de&nbsp; redes sociales)<\/p>\n\n\n\n<p>Cu\u00e1ntas calor\u00edas tiene una cerveza?<\/p>\n\n\n\n<p>La cerveza es una de las bebidas alcoh\u00f3licas m\u00e1s populares y consumidas a nivel mundial&nbsp; La cerveza es una de las bebidas alcoh\u00f3licas m\u00e1s populares y consumidas a nivel mundial, especialmente en reuniones sociales y eventos deportivos. Si bien su sabor y su funci\u00f3n refrescante son incuestionables, una de las preguntas m\u00e1s frecuentes entre los consumidores conscientes de su salud es: \u00bfcu\u00e1ntas calor\u00edas tiene realmente una cerveza?<\/p>\n\n\n\n<p>El debate sobre si la cerveza engorda es tan antiguo como la bebida misma. La realidad es que el contenido cal\u00f3rico de una cerveza est\u00e1ndar var\u00eda significativamente, pero se estima que una lata o botella de 355 ml (12 onzas) de cerveza rubia o lager regular oscila t\u00edpicamente entre 140 y 160 calor\u00edas.<\/p>\n\n\n\n<p>Dichas calor\u00edas provienen principalmente del alcohol y, en menor medida, de los carbohidratos residuales (az\u00facares no fermentados). Es importante destacar que el contenido de alcohol es el factor determinante: a mayor graduaci\u00f3n alcoh\u00f3lica, mayor ser\u00e1 el aporte energ\u00e9tico de la bebida. Por ejemplo, una cerveza artesanal robusta o con un alto contenido de alcohol puede superar f\u00e1cilmente las 200 calor\u00edas por la misma porci\u00f3n.<\/p>\n\n\n\n<p>Para aquellos que buscan reducir su ingesta cal\u00f3rica, existen alternativas m\u00e1s ligeras en el mercado. Las cervezas light o bajas en calor\u00edas est\u00e1n dise\u00f1adas para tener un menor contenido de carbohidratos y alcohol, logrando reducir el total cal\u00f3rico a un rango de aproximadamente 90 a 110 calor\u00edas por porci\u00f3n de 355 ml, sin embargo, los expertos en nutrici\u00f3n se\u00f1alan que, m\u00e1s all\u00e1 del tipo de cerveza, la clave reside en la moderaci\u00f3n.&nbsp; El consumo excesivo de cualquier bebida alcoh\u00f3lica, incluida la cerveza, no solo suma calor\u00edas vac\u00edas a la dieta, sino que tambi\u00e9n puede estimular el apetito, llevando a un mayor consumo de snacks o alimentos menos saludables. <a href=\"mailto:davidfloresg_43@hotmail.com\">davidfloresg_43@hotmail.com<\/a><\/p>\n\n\n\n<p>+++++++++++++<\/p>\n","protected":false},"excerpt":{"rendered":"<p>PASAJE&nbsp; URBANO&nbsp; AUMENTO A $13.50 ES&nbsp; OFICIAL. La SCT autoriz\u00f3 tarifas desde&nbsp; este jueves aumento a $13.50 pesos es&nbsp; la&nbsp; nueva tarifa&nbsp; general &nbsp;en la modalidad general, 12.50 pesos en prepago y 6.75 pesos en tarifa especial. Las nuevas tarifas del transporte p\u00fablico urbano para &hellip; <\/p>\n","protected":false},"author":1,"featured_media":110919,"comment_status":"open","ping_status":"open","sticky":false,"template":"","format":"standard","meta":{"footnotes":""},"categories":[17],"tags":[],"class_list":["post-110918","post","type-post","status-publish","format-standard","has-post-thumbnail","hentry","category-colaboraciones"],"_links":{"self":[{"href":"https:\/\/amanecerhuasteco.com\/portal\/wp-json\/wp\/v2\/posts\/110918","targetHints":{"allow":["GET"]}}],"collection":[{"href":"https:\/\/amanecerhuasteco.com\/portal\/wp-json\/wp\/v2\/posts"}],"about":[{"href":"https:\/\/amanecerhuasteco.com\/portal\/wp-json\/wp\/v2\/types\/post"}],"author":[{"embeddable":true,"href":"https:\/\/amanecerhuasteco.com\/portal\/wp-json\/wp\/v2\/users\/1"}],"replies":[{"embeddable":true,"href":"https:\/\/amanecerhuasteco.com\/portal\/wp-json\/wp\/v2\/comments?post=110918"}],"version-history":[{"count":1,"href":"https:\/\/amanecerhuasteco.com\/portal\/wp-json\/wp\/v2\/posts\/110918\/revisions"}],"predecessor-version":[{"id":110920,"href":"https:\/\/amanecerhuasteco.com\/portal\/wp-json\/wp\/v2\/posts\/110918\/revisions\/110920"}],"wp:featuredmedia":[{"embeddable":true,"href":"https:\/\/amanecerhuasteco.com\/portal\/wp-json\/wp\/v2\/media\/110919"}],"wp:attachment":[{"href":"https:\/\/amanecerhuasteco.com\/portal\/wp-json\/wp\/v2\/media?parent=110918"}],"wp:term":[{"taxonomy":"category","embeddable":true,"href":"https:\/\/amanecerhuasteco.com\/portal\/wp-json\/wp\/v2\/categories?post=110918"},{"taxonomy":"post_tag","embeddable":true,"href":"https:\/\/amanecerhuasteco.com\/portal\/wp-json\/wp\/v2\/tags?post=110918"}],"curies":[{"name":"wp","href":"https:\/\/api.w.org\/{rel}","templated":true}]}}