{"id":110961,"date":"2026-01-21T07:55:01","date_gmt":"2026-01-21T13:55:01","guid":{"rendered":"https:\/\/amanecerhuasteco.com\/portal\/?p=110961"},"modified":"2026-01-21T07:57:44","modified_gmt":"2026-01-21T13:57:44","slug":"refuerzan-coordinacion-para-el-manejo-del-fuego","status":"publish","type":"post","link":"https:\/\/amanecerhuasteco.com\/portal\/refuerzan-coordinacion-para-el-manejo-del-fuego\/","title":{"rendered":"Refuerzan coordinaci\u00f3n para el manejo del fuego"},"content":{"rendered":"\n<p><\/p>\n\n\n\n<ul class=\"wp-block-list\">\n<li>La instalaci\u00f3n del Comit\u00e9 Estatal consolida la suma de capacidades institucionales para anticiparse a la temporada de incendios y proteger el patrimonio natural.<\/li>\n<\/ul>\n\n\n\n<p>Con el respaldo del Gobernador Ricardo Gallardo Cardona, se llev\u00f3 a cabo la Primera Sesi\u00f3n Ordinaria del Comit\u00e9 Estatal del Manejo del Fuego, un espacio clave para fortalecer la coordinaci\u00f3n entre dependencias estatales, federales y acad\u00e9micas. A trav\u00e9s de la Secretar\u00eda de Ecolog\u00eda y Gesti\u00f3n Ambiental (Segam), se tom\u00f3 protesta a las y los integrantes, reafirmando el compromiso de actuar con responsabilidad y alcance sin l\u00edmites frente a los retos que representan los incendios forestales.<br>La sesi\u00f3n se desarroll\u00f3 en el Ecomuseo del Parque Tangamanga I y permiti\u00f3 alinear esfuerzos para mejorar los procesos de prevenci\u00f3n, detecci\u00f3n y respuesta inmediata, priorizando la protecci\u00f3n de los ecosistemas, los bienes materiales y la seguridad de las y los potosinos.<br>Durante el encuentro, la titular de la dependencia, Sonia Mendoza D\u00edaz, subray\u00f3 la necesidad de mantener una comunicaci\u00f3n permanente y una acci\u00f3n conjunta ante el incremento de lluvias en 2025, el cual favoreci\u00f3 el crecimiento de vegetaci\u00f3n y elev\u00f3 el riesgo por acumulaci\u00f3n de material combustible. Bajo este enfoque, la prevenci\u00f3n se consolida como eje central del trabajo institucional, reflejando el cambio que se vive y se siente en la forma de anticiparse y responder a los desaf\u00edos ambientales del Estado.<\/p>\n","protected":false},"excerpt":{"rendered":"<p>Con el respaldo del Gobernador Ricardo Gallardo Cardona, se llev\u00f3 a cabo la Primera Sesi\u00f3n Ordinaria del Comit\u00e9 Estatal del Manejo del Fuego, un espacio clave para fortalecer la coordinaci\u00f3n entre dependencias estatales, federales y acad\u00e9micas. A trav\u00e9s de la Secretar\u00eda de Ecolog\u00eda y Gesti\u00f3n &hellip; <\/p>\n","protected":false},"author":1,"featured_media":110962,"comment_status":"open","ping_status":"open","sticky":false,"template":"","format":"standard","meta":{"footnotes":""},"categories":[13,92,91,28,29,87,86,67,7,78,55,81,4,73,44,26,74,10,12,60,30,31,59,42,53,57,43,32],"tags":[],"class_list":["post-110961","post","type-post","status-publish","format-standard","has-post-thumbnail","hentry","category-agropecuaria","category-ahualulco","category-alaquines","category-cnc","category-cnpr","category-cardenas","category-cedral","category-charcas","category-ciudad","category-ciudad-del-maiz","category-guadalcazar","category-huehuetlan","category-inicio","category-lagunillas","category-matehuala","category-matlapa","category-mexquitic","category-municipios","category-nacional","category-rayon","category-rioverde","category-sanluispotosi","category-santa-catarina","category-soledad","category-tamazunchale","category-tanlajas","category-villa-de-reyes","category-xilitla"],"_links":{"self":[{"href":"https:\/\/amanecerhuasteco.com\/portal\/wp-json\/wp\/v2\/posts\/110961","targetHints":{"allow":["GET"]}}],"collection":[{"href":"https:\/\/amanecerhuasteco.com\/portal\/wp-json\/wp\/v2\/posts"}],"about":[{"href":"https:\/\/amanecerhuasteco.com\/portal\/wp-json\/wp\/v2\/types\/post"}],"author":[{"embeddable":true,"href":"https:\/\/amanecerhuasteco.com\/portal\/wp-json\/wp\/v2\/users\/1"}],"replies":[{"embeddable":true,"href":"https:\/\/amanecerhuasteco.com\/portal\/wp-json\/wp\/v2\/comments?post=110961"}],"version-history":[{"count":1,"href":"https:\/\/amanecerhuasteco.com\/portal\/wp-json\/wp\/v2\/posts\/110961\/revisions"}],"predecessor-version":[{"id":110963,"href":"https:\/\/amanecerhuasteco.com\/portal\/wp-json\/wp\/v2\/posts\/110961\/revisions\/110963"}],"wp:featuredmedia":[{"embeddable":true,"href":"https:\/\/amanecerhuasteco.com\/portal\/wp-json\/wp\/v2\/media\/110962"}],"wp:attachment":[{"href":"https:\/\/amanecerhuasteco.com\/portal\/wp-json\/wp\/v2\/media?parent=110961"}],"wp:term":[{"taxonomy":"category","embeddable":true,"href":"https:\/\/amanecerhuasteco.com\/portal\/wp-json\/wp\/v2\/categories?post=110961"},{"taxonomy":"post_tag","embeddable":true,"href":"https:\/\/amanecerhuasteco.com\/portal\/wp-json\/wp\/v2\/tags?post=110961"}],"curies":[{"name":"wp","href":"https:\/\/api.w.org\/{rel}","templated":true}]}}