{"id":110979,"date":"2026-01-21T10:54:28","date_gmt":"2026-01-21T16:54:28","guid":{"rendered":"https:\/\/amanecerhuasteco.com\/portal\/?p=110979"},"modified":"2026-01-21T10:54:30","modified_gmt":"2026-01-21T16:54:30","slug":"firman-acuerdos-de-colaboracion-entre-el-hospital-de-rioverde-y-gobierno-municipal-de-santa-catarina","status":"publish","type":"post","link":"https:\/\/amanecerhuasteco.com\/portal\/firman-acuerdos-de-colaboracion-entre-el-hospital-de-rioverde-y-gobierno-municipal-de-santa-catarina\/","title":{"rendered":"Firman acuerdos de colaboraci\u00f3n entre.el hospital de Rioverde y Gobierno Municipal de Santa Catarina"},"content":{"rendered":"\n<p>El alcalde Juan Carlos Ramos Moreno, sostuvo una reuni\u00f3n con la Dra. Edith Reynaga, directora del Hospital Regional de R\u00edo Verde <\/p>\n\n\n\n<p>En este encuentro se establecieron grandes acuerdos de colaboraci\u00f3n en materia de salud, que beneficiar\u00e1n directamente a nuestras y nuestros ciudadanos de Santa Catarina. <\/p>\n\n\n\n<p>\ud83d\udd39 \u00bfQu\u00e9 incluyen estos acuerdos?<br>\ud83e\uddea Estudios m\u00e9dicos para nuestras y nuestros ciudadanos<br>\ud83d\ude91 Apoyo en traslados m\u00e9dicos<br>\ud83c\udfe5 Mejora en la atenci\u00f3n continua para nuestro municipio<\/p>\n\n\n\n<p>Aprovechamos para agradecer todo el apoyo brindado durante este 2025 \ud83d\ude4f y reiterar que en Santa Catarina estamos firmemente comprometidos con la salud de nuestra gente.<\/p>\n\n\n\n<p>\u2728 \u00a1Feliz inicio de semana!<\/p>\n\n\n\n<h1 class=\"wp-block-heading\">SantaCatarina #SaludParaTodos #CompromisoConLaGente #SeguimosAvanzando<\/h1>\n","protected":false},"excerpt":{"rendered":"<p>El alcalde Juan Carlos Ramos Moreno, sostuvo una reuni\u00f3n con la Dra. Edith Reynaga, directora del Hospital Regional de R\u00edo Verde En este encuentro se establecieron grandes acuerdos de colaboraci\u00f3n en materia de salud, que beneficiar\u00e1n directamente a nuestras y nuestros ciudadanos de Santa Catarina. &hellip; <\/p>\n","protected":false},"author":1,"featured_media":110980,"comment_status":"open","ping_status":"open","sticky":false,"template":"","format":"standard","meta":{"footnotes":""},"categories":[13,77,54,11,15,16,4,10,12,66,59],"tags":[],"class_list":["post-110979","post","type-post","status-publish","format-standard","has-post-thumbnail","hentry","category-agropecuaria","category-el-campo","category-el-mundo","category-estado","category-ganaderos","category-ingenios","category-inicio","category-municipios","category-nacional","category-rayon-2","category-santa-catarina"],"_links":{"self":[{"href":"https:\/\/amanecerhuasteco.com\/portal\/wp-json\/wp\/v2\/posts\/110979","targetHints":{"allow":["GET"]}}],"collection":[{"href":"https:\/\/amanecerhuasteco.com\/portal\/wp-json\/wp\/v2\/posts"}],"about":[{"href":"https:\/\/amanecerhuasteco.com\/portal\/wp-json\/wp\/v2\/types\/post"}],"author":[{"embeddable":true,"href":"https:\/\/amanecerhuasteco.com\/portal\/wp-json\/wp\/v2\/users\/1"}],"replies":[{"embeddable":true,"href":"https:\/\/amanecerhuasteco.com\/portal\/wp-json\/wp\/v2\/comments?post=110979"}],"version-history":[{"count":1,"href":"https:\/\/amanecerhuasteco.com\/portal\/wp-json\/wp\/v2\/posts\/110979\/revisions"}],"predecessor-version":[{"id":110981,"href":"https:\/\/amanecerhuasteco.com\/portal\/wp-json\/wp\/v2\/posts\/110979\/revisions\/110981"}],"wp:featuredmedia":[{"embeddable":true,"href":"https:\/\/amanecerhuasteco.com\/portal\/wp-json\/wp\/v2\/media\/110980"}],"wp:attachment":[{"href":"https:\/\/amanecerhuasteco.com\/portal\/wp-json\/wp\/v2\/media?parent=110979"}],"wp:term":[{"taxonomy":"category","embeddable":true,"href":"https:\/\/amanecerhuasteco.com\/portal\/wp-json\/wp\/v2\/categories?post=110979"},{"taxonomy":"post_tag","embeddable":true,"href":"https:\/\/amanecerhuasteco.com\/portal\/wp-json\/wp\/v2\/tags?post=110979"}],"curies":[{"name":"wp","href":"https:\/\/api.w.org\/{rel}","templated":true}]}}