{"id":110982,"date":"2026-01-22T08:47:47","date_gmt":"2026-01-22T14:47:47","guid":{"rendered":"https:\/\/amanecerhuasteco.com\/portal\/?p=110982"},"modified":"2026-01-22T08:47:49","modified_gmt":"2026-01-22T14:47:49","slug":"infonavit-entrega-en-michoacan-las-primeras-viviendas-del-bienestar-de-ese-estado","status":"publish","type":"post","link":"https:\/\/amanecerhuasteco.com\/portal\/infonavit-entrega-en-michoacan-las-primeras-viviendas-del-bienestar-de-ese-estado\/","title":{"rendered":"INFONAVIT entrega en Michoac\u00e1n las primeras viviendas del bienestar de ese estado"},"content":{"rendered":"\n<p><\/p>\n\n\n\n<ul class=\"wp-block-list\">\n<li><strong>El director general del Instituto, Octavio Romero Oropeza, en compa\u00f1\u00eda de la titular de la Sedatu, Edna Vega Rangel, y el gobernador del estado encabezaron la entrega de viviendas en el fraccionamiento Villas de Oriente II, en Morelia.<\/strong><\/li>\n\n\n\n<li><strong>Se inform\u00f3, en el marco del Plan Michoac\u00e1n por la Paz y la Justicia, que este a\u00f1o el INFONAVIT iniciar\u00e1 la construcci\u00f3n de las 50 mil viviendas contempladas en el mismo.<\/strong><\/li>\n<\/ul>\n\n\n\n<p>En enlace a la conferencia La Ma\u00f1anera del Pueblo, encabezada por la Presidenta Claudia Sheinbaum Pardo, desde Morelia, Michoac\u00e1n, el director general del INFONAVIT, el ingeniero Octavio Romero Oropeza, en compa\u00f1\u00eda de la titular de la Sedatu, Edna Vega Rangel, y el gobernador de Michoac\u00e1n, Alfredo Ram\u00edrez Bedolla, entreg\u00f3 las primeras 48 viviendas del Bienestar en el estado.<\/p>\n\n\n\n<p>El director general destac\u00f3 que, como parte del Plan Michoac\u00e1n por la Paz y la Justicia, se contempla la construcci\u00f3n de 50 mil viviendas en el estado, por parte del Instituto, durante este sexenio.<\/p>\n\n\n\n<p>Inform\u00f3 que actualmente, en la entidad, ya se tienen proyectos con 8 mil viviendas, de las cuales 6 mil ya est\u00e1n en construcci\u00f3n, y agreg\u00f3 que durante el primer semestre de este a\u00f1o se iniciar\u00e1 la construcci\u00f3n de 18 mil m\u00e1s y, en el segundo, de otras 24 mil. Esto significa que en 2026 se habr\u00e1 iniciado la construcci\u00f3n de todas las viviendas contempladas en la meta para el estado.<\/p>\n\n\n\n<p>En su intervenci\u00f3n, la titular de la Sedatu, Edna Vega Rangel, record\u00f3 que, en los pr\u00f3ximos a\u00f1os, como parte del Programa de Vivienda para el Bienestar y resultado del incremento derivado del Plan Michoac\u00e1n por la Paz y la Justicia, se invertir\u00e1n en el estado 49 mil 200 millones de pesos, a trav\u00e9s de 20 mil acciones de Conavi, 12 mil de Fovissste y 50 mil de INFONAVIT.<\/p>\n\n\n\n<p>Adem\u00e1s, indic\u00f3 que, bajo la direcci\u00f3n del ingeniero Octavio Romero, el INFONAVIT se transform\u00f3 y recuper\u00f3 su vocaci\u00f3n social, dejando de operar como un banco y construyendo vivienda para quienes m\u00e1s lo necesitan.<\/p>\n\n\n\n<p>Por su parte, el gobernador de Michoac\u00e1n, Alfredo Ram\u00edrez Bedolla, reconoci\u00f3 que se est\u00e1 corrigiendo el rumbo en el INFONAVIT y que las viviendas al contar con 60 metros cuadrados cuentan con espacios suficientes. Adem\u00e1s, agradeci\u00f3 a la Presidenta Claudia Sheinbaum por este esfuerzo que beneficia a las familias michoacanas.<\/p>\n\n\n\n<p>Durante el evento de entrega, tambi\u00e9n se otorgaron constancias a 10 beneficiarios del programa INFONAVIT Soluci\u00f3n Integral que por fin podr\u00e1n ver liquidados sus cr\u00e9ditos que se hab\u00edan vuelto impagables. Asimismo, se entregaron de manera gratuita 42 cancelaciones de hipotecas a familias, quienes ahora cuentan con seguridad y certeza jur\u00eddica sobre su patrimonio.<\/p>\n","protected":false},"excerpt":{"rendered":"<p>En enlace a la conferencia La Ma\u00f1anera del Pueblo, encabezada por la Presidenta Claudia Sheinbaum Pardo, desde Morelia, Michoac\u00e1n, el director general del INFONAVIT, el ingeniero Octavio Romero Oropeza, en compa\u00f1\u00eda de la titular de la Sedatu, Edna Vega Rangel, y el gobernador de Michoac\u00e1n, &hellip; <\/p>\n","protected":false},"author":1,"featured_media":110983,"comment_status":"open","ping_status":"open","sticky":false,"template":"","format":"standard","meta":{"footnotes":""},"categories":[13,92,91,25,89,82,14,28,29,87,86,67,7,78,15,81,16,4,73,26,74,10,60,30,31,59,42,53,57,43,32],"tags":[],"class_list":["post-110982","post","type-post","status-publish","format-standard","has-post-thumbnail","hentry","category-agropecuaria","category-ahualulco","category-alaquines","category-aquismon","category-armadillo","category-axtla","category-caneros","category-cnc","category-cnpr","category-cardenas","category-cedral","category-charcas","category-ciudad","category-ciudad-del-maiz","category-ganaderos","category-huehuetlan","category-ingenios","category-inicio","category-lagunillas","category-matlapa","category-mexquitic","category-municipios","category-rayon","category-rioverde","category-sanluispotosi","category-santa-catarina","category-soledad","category-tamazunchale","category-tanlajas","category-villa-de-reyes","category-xilitla"],"_links":{"self":[{"href":"https:\/\/amanecerhuasteco.com\/portal\/wp-json\/wp\/v2\/posts\/110982","targetHints":{"allow":["GET"]}}],"collection":[{"href":"https:\/\/amanecerhuasteco.com\/portal\/wp-json\/wp\/v2\/posts"}],"about":[{"href":"https:\/\/amanecerhuasteco.com\/portal\/wp-json\/wp\/v2\/types\/post"}],"author":[{"embeddable":true,"href":"https:\/\/amanecerhuasteco.com\/portal\/wp-json\/wp\/v2\/users\/1"}],"replies":[{"embeddable":true,"href":"https:\/\/amanecerhuasteco.com\/portal\/wp-json\/wp\/v2\/comments?post=110982"}],"version-history":[{"count":1,"href":"https:\/\/amanecerhuasteco.com\/portal\/wp-json\/wp\/v2\/posts\/110982\/revisions"}],"predecessor-version":[{"id":110984,"href":"https:\/\/amanecerhuasteco.com\/portal\/wp-json\/wp\/v2\/posts\/110982\/revisions\/110984"}],"wp:featuredmedia":[{"embeddable":true,"href":"https:\/\/amanecerhuasteco.com\/portal\/wp-json\/wp\/v2\/media\/110983"}],"wp:attachment":[{"href":"https:\/\/amanecerhuasteco.com\/portal\/wp-json\/wp\/v2\/media?parent=110982"}],"wp:term":[{"taxonomy":"category","embeddable":true,"href":"https:\/\/amanecerhuasteco.com\/portal\/wp-json\/wp\/v2\/categories?post=110982"},{"taxonomy":"post_tag","embeddable":true,"href":"https:\/\/amanecerhuasteco.com\/portal\/wp-json\/wp\/v2\/tags?post=110982"}],"curies":[{"name":"wp","href":"https:\/\/api.w.org\/{rel}","templated":true}]}}