{"id":111025,"date":"2026-01-23T08:49:49","date_gmt":"2026-01-23T14:49:49","guid":{"rendered":"https:\/\/amanecerhuasteco.com\/portal\/?p=111025"},"modified":"2026-01-23T08:49:51","modified_gmt":"2026-01-23T14:49:51","slug":"trabajadores-de-parquimetros-reciben-capacitacion-sobre-derechos-humanos","status":"publish","type":"post","link":"https:\/\/amanecerhuasteco.com\/portal\/trabajadores-de-parquimetros-reciben-capacitacion-sobre-derechos-humanos\/","title":{"rendered":"Trabajadores de parqu\u00edmetros reciben capacitaci\u00f3n sobre derechos humanos"},"content":{"rendered":"\n<p><\/p>\n\n\n\n<p>CIUDAD VALLES, S.L.P. &#8211; Con la finalidad de mejorar y garantizar un trato digno hacia la ciudadan\u00eda y promover la resoluci\u00f3n de conflictos mediante el di\u00e1logo y las buenas pr\u00e1cticas, la Coordinaci\u00f3n Municipal de Derechos Humanos (CMDH), a cargo de la Mtra. Veronica Rodr\u00edguez Galv\u00e1n, en coordinaci\u00f3n con la Comisi\u00f3n Estatal de Derechos Humanos (CEDH), imparti\u00f3 una capacitaci\u00f3n dirigida a operadores de parqu\u00edmetros de la empresa Iberparking.<\/p>\n\n\n\n<p>Rodr\u00edguez Galv\u00e1n inform\u00f3 que fueron alrededor de 20 trabajadoras y trabajadores los que participaron en esta jornada formativa, enfocada en el respeto a los derechos humanos en el ejercicio de sus funciones diarias, especialmente en un servicio que implica contacto directo con la poblaci\u00f3n.<\/p>\n\n\n\n<p>En representaci\u00f3n del Presidente Municipal David Armando Medina Salazar, el Secretario General del Ayuntamiento, Luis \u00c1ngel Contreras Malibr\u00e1n, dirigi\u00f3 un mensaje a las y los asistentes, en el que reconoci\u00f3 la complejidad de la labor que realizan diariamente en las calles de la ciudad.<\/p>\n\n\n\n<p>Reiter\u00f3 que el Gobierno Municipal mantiene como prioridad garantizar el respeto a los derechos humanos de todas y todos los ciudadanos, enfatizando en que los operadores de Parqu\u00edmetros tambi\u00e9n forman parte de ese esfuerzo, al brindar un servicio concesionado del municipio.<\/p>\n\n\n\n<p>Exhort\u00f3 a las y los trabajadores a tomar conciencia de la importancia del trato emp\u00e1tico, sin dejar de cumplir con su labor, reconociendo que muchas personas acuden al centro de la ciudad no por gusto, sino para realizar tr\u00e1mites, pagos o actividades laborales.<\/p>\n\n\n\n<p>Durante el inicio de la capacitaci\u00f3n estuvieron presentes las regidoras Ma. Guadalupe Mendiola Acosta y Nora Hilda Lara Azuara; el Segundo Visitador de la CEDH, Edgardo Gasca Moreno; la Coordinadora Municipal de Derechos Humanos, Ver\u00f3nica Rodr\u00edguez Galv\u00e1n; el encargado de la capacitaci\u00f3n, Tom\u00e1s Ramiro Mar; la gerente de Iberparking, Diana Paul\u00edn Mora; y el Coordinador de Parqu\u00edmetros en Ciudad Valles, Juan Gabriel Casta\u00f1eda Moreno.<\/p>\n\n\n\n<p>La Administraci\u00f3n P\u00fablica Municipal 2024-2027 reafirma su compromiso de seguir impulsando acciones de capacitaci\u00f3n y sensibilizaci\u00f3n que contribuyan a mejorar la atenci\u00f3n a la ciudadan\u00eda y a fortalecer una cultura de respeto y derechos humanos en el municipio.<\/p>\n","protected":false},"excerpt":{"rendered":"<p>CIUDAD VALLES, S.L.P. &#8211; Con la finalidad de mejorar y garantizar un trato digno hacia la ciudadan\u00eda y promover la resoluci\u00f3n de conflictos mediante el di\u00e1logo y las buenas pr\u00e1cticas, la Coordinaci\u00f3n Municipal de Derechos Humanos (CMDH), a cargo de la Mtra. Veronica Rodr\u00edguez Galv\u00e1n, &hellip; <\/p>\n","protected":false},"author":1,"featured_media":111026,"comment_status":"open","ping_status":"open","sticky":false,"template":"","format":"standard","meta":{"footnotes":""},"categories":[13,92,91,25,89,82,14,28,29,87,86,67,7,78,62,56,15,55,81,16,4,73,44,26,74,10,12,60,30,31,59,42,53,57,43,32],"tags":[],"class_list":["post-111025","post","type-post","status-publish","format-standard","has-post-thumbnail","hentry","category-agropecuaria","category-ahualulco","category-alaquines","category-aquismon","category-armadillo","category-axtla","category-caneros","category-cnc","category-cnpr","category-cardenas","category-cedral","category-charcas","category-ciudad","category-ciudad-del-maiz","category-ciudad-fernandez","category-el-naranjo","category-ganaderos","category-guadalcazar","category-huehuetlan","category-ingenios","category-inicio","category-lagunillas","category-matehuala","category-matlapa","category-mexquitic","category-municipios","category-nacional","category-rayon","category-rioverde","category-sanluispotosi","category-santa-catarina","category-soledad","category-tamazunchale","category-tanlajas","category-villa-de-reyes","category-xilitla"],"_links":{"self":[{"href":"https:\/\/amanecerhuasteco.com\/portal\/wp-json\/wp\/v2\/posts\/111025","targetHints":{"allow":["GET"]}}],"collection":[{"href":"https:\/\/amanecerhuasteco.com\/portal\/wp-json\/wp\/v2\/posts"}],"about":[{"href":"https:\/\/amanecerhuasteco.com\/portal\/wp-json\/wp\/v2\/types\/post"}],"author":[{"embeddable":true,"href":"https:\/\/amanecerhuasteco.com\/portal\/wp-json\/wp\/v2\/users\/1"}],"replies":[{"embeddable":true,"href":"https:\/\/amanecerhuasteco.com\/portal\/wp-json\/wp\/v2\/comments?post=111025"}],"version-history":[{"count":1,"href":"https:\/\/amanecerhuasteco.com\/portal\/wp-json\/wp\/v2\/posts\/111025\/revisions"}],"predecessor-version":[{"id":111027,"href":"https:\/\/amanecerhuasteco.com\/portal\/wp-json\/wp\/v2\/posts\/111025\/revisions\/111027"}],"wp:featuredmedia":[{"embeddable":true,"href":"https:\/\/amanecerhuasteco.com\/portal\/wp-json\/wp\/v2\/media\/111026"}],"wp:attachment":[{"href":"https:\/\/amanecerhuasteco.com\/portal\/wp-json\/wp\/v2\/media?parent=111025"}],"wp:term":[{"taxonomy":"category","embeddable":true,"href":"https:\/\/amanecerhuasteco.com\/portal\/wp-json\/wp\/v2\/categories?post=111025"},{"taxonomy":"post_tag","embeddable":true,"href":"https:\/\/amanecerhuasteco.com\/portal\/wp-json\/wp\/v2\/tags?post=111025"}],"curies":[{"name":"wp","href":"https:\/\/api.w.org\/{rel}","templated":true}]}}