{"id":111028,"date":"2026-01-23T09:14:13","date_gmt":"2026-01-23T15:14:13","guid":{"rendered":"https:\/\/amanecerhuasteco.com\/portal\/?p=111028"},"modified":"2026-01-23T09:14:15","modified_gmt":"2026-01-23T15:14:15","slug":"realizan-primera-feria-del-empleo-del-ano-en-ciudad-valles","status":"publish","type":"post","link":"https:\/\/amanecerhuasteco.com\/portal\/realizan-primera-feria-del-empleo-del-ano-en-ciudad-valles\/","title":{"rendered":"Realizan primera feria del empleo del a\u00f1o en Ciudad Valles"},"content":{"rendered":"\n<p>CIUDAD VALLES, S.L.P. \u2013 Este jueves se llev\u00f3 a cabo la primera Feria de Empleo del a\u00f1o en un sal\u00f3n ubicado sobre la calle Ju\u00e1rez, en la zona centro de la ciudad, donde distintas direcciones del H. Ayuntamiento de Ciudad Valles trabajaron de manera coordinada con el Servicio Nacional del Empleo, la Secretar\u00eda del Trabajo y Previsi\u00f3n Social y el Instituto Potosino de la Juventud, con el objetivo de acercar oportunidades laborales a la poblaci\u00f3n.<\/p>\n\n\n\n<p>En representaci\u00f3n del Presidente Municipal David Armando Medina Salazar, acudi\u00f3 el Secretario General del Ayuntamiento, Luis \u00c1ngel Contreras Malibr\u00e1n, quien destac\u00f3 la importancia de la coordinaci\u00f3n entre los distintos niveles de gobierno y el sector productivo para generar mejores condiciones de vida y fortalecer las fuentes de empleo en el municipio. Asimismo, agradeci\u00f3 la participaci\u00f3n de las y los empleadores que se sumaron a esta feria para atender directamente a las personas en b\u00fasqueda de una oportunidad laboral.<\/p>\n\n\n\n<p>Por su parte, Cris\u00f3gono S\u00e1nchez Lara, Secretario del Trabajo y Previsi\u00f3n Social del Gobierno del Estado, resalt\u00f3 que este evento marca el arranque de las ferias del empleo correspondientes a este a\u00f1o, donde las empresas pueden ofertar vacantes de manera directa a la ciudadan\u00eda, cumpliendo con las indicaciones del Gobernador del Estado, Ricardo Gallardo Cardona, de fortalecer el acceso al empleo formal en los municipios.<\/p>\n\n\n\n<p>En esta jornada participaron m\u00e1s de 20 empresas y empleadores, quienes ofrecieron diversas vacantes en distintos sectores productivos, adem\u00e1s de contar con m\u00f3dulos informativos de dependencias municipales y estatales, brindando orientaci\u00f3n y servicios complementarios a las y los asistentes.<\/p>\n\n\n\n<p>El Gobierno Municipal refrenda su compromiso de seguir trabajando en equipo con el sector empresarial y las instancias estatales y federales, impulsando acciones que generen empleo, desarrollo econ\u00f3mico y bienestar para las familias vallenses.<\/p>\n\n\n\n<p>Durante el evento estuvieron presentes la directora del Sistema Municipal DIF, Bettina L\u00f3pez Fern\u00e1ndez; el titular de la DAPAS, \u00d3scar Osm\u00edn Meraz Echavarr\u00eda; el delegado de SEDESORE, Jes\u00fas Guadalupe Gonz\u00e1lez Vargas; la Secretaria Consejera de CANACO-Servytur, Linda Parra Espinoza; el Vicepresidente de la Asociaci\u00f3n de Hoteles y Moteles en la Huasteca, H\u00e9ctor David Medrano Salda\u00f1a; el Director General del Instituto Potosino de la Juventud, Jes\u00fas Adolfo Rubio Vel\u00e1zquez; y la directora general del Centro de Conciliaci\u00f3n Laboral en el Estado, Cecilia Senllace Ochoa Lim\u00f3n.<\/p>\n","protected":false},"excerpt":{"rendered":"<p>CIUDAD VALLES, S.L.P. \u2013 Este jueves se llev\u00f3 a cabo la primera Feria de Empleo del a\u00f1o en un sal\u00f3n ubicado sobre la calle Ju\u00e1rez, en la zona centro de la ciudad, donde distintas direcciones del H. Ayuntamiento de Ciudad Valles trabajaron de manera coordinada &hellip; <\/p>\n","protected":false},"author":1,"featured_media":111029,"comment_status":"open","ping_status":"open","sticky":false,"template":"","format":"standard","meta":{"footnotes":""},"categories":[13,92,91,25,89,82,14,28,29,87,86,67,7,78,62,56,15,55,81,16,4,73,44,26,74,10,12,60,30,31,59,42,53,57,43,32],"tags":[],"class_list":["post-111028","post","type-post","status-publish","format-standard","has-post-thumbnail","hentry","category-agropecuaria","category-ahualulco","category-alaquines","category-aquismon","category-armadillo","category-axtla","category-caneros","category-cnc","category-cnpr","category-cardenas","category-cedral","category-charcas","category-ciudad","category-ciudad-del-maiz","category-ciudad-fernandez","category-el-naranjo","category-ganaderos","category-guadalcazar","category-huehuetlan","category-ingenios","category-inicio","category-lagunillas","category-matehuala","category-matlapa","category-mexquitic","category-municipios","category-nacional","category-rayon","category-rioverde","category-sanluispotosi","category-santa-catarina","category-soledad","category-tamazunchale","category-tanlajas","category-villa-de-reyes","category-xilitla"],"_links":{"self":[{"href":"https:\/\/amanecerhuasteco.com\/portal\/wp-json\/wp\/v2\/posts\/111028","targetHints":{"allow":["GET"]}}],"collection":[{"href":"https:\/\/amanecerhuasteco.com\/portal\/wp-json\/wp\/v2\/posts"}],"about":[{"href":"https:\/\/amanecerhuasteco.com\/portal\/wp-json\/wp\/v2\/types\/post"}],"author":[{"embeddable":true,"href":"https:\/\/amanecerhuasteco.com\/portal\/wp-json\/wp\/v2\/users\/1"}],"replies":[{"embeddable":true,"href":"https:\/\/amanecerhuasteco.com\/portal\/wp-json\/wp\/v2\/comments?post=111028"}],"version-history":[{"count":1,"href":"https:\/\/amanecerhuasteco.com\/portal\/wp-json\/wp\/v2\/posts\/111028\/revisions"}],"predecessor-version":[{"id":111030,"href":"https:\/\/amanecerhuasteco.com\/portal\/wp-json\/wp\/v2\/posts\/111028\/revisions\/111030"}],"wp:featuredmedia":[{"embeddable":true,"href":"https:\/\/amanecerhuasteco.com\/portal\/wp-json\/wp\/v2\/media\/111029"}],"wp:attachment":[{"href":"https:\/\/amanecerhuasteco.com\/portal\/wp-json\/wp\/v2\/media?parent=111028"}],"wp:term":[{"taxonomy":"category","embeddable":true,"href":"https:\/\/amanecerhuasteco.com\/portal\/wp-json\/wp\/v2\/categories?post=111028"},{"taxonomy":"post_tag","embeddable":true,"href":"https:\/\/amanecerhuasteco.com\/portal\/wp-json\/wp\/v2\/tags?post=111028"}],"curies":[{"name":"wp","href":"https:\/\/api.w.org\/{rel}","templated":true}]}}