{"id":111044,"date":"2026-01-24T08:59:42","date_gmt":"2026-01-24T14:59:42","guid":{"rendered":"https:\/\/amanecerhuasteco.com\/portal\/?p=111044"},"modified":"2026-01-24T08:59:43","modified_gmt":"2026-01-24T14:59:43","slug":"en-2026-continua-el-programa-de-tortilla-subsidiada","status":"publish","type":"post","link":"https:\/\/amanecerhuasteco.com\/portal\/en-2026-continua-el-programa-de-tortilla-subsidiada\/","title":{"rendered":"En 2026 continua el programa de tortilla subsidiada"},"content":{"rendered":"\n<p><\/p>\n\n\n\n<p>CIUDAD VALLES, S.L.P.- Durante las primeras semanas de este 2026, el programa de Tortilla Subsidiada, contin\u00faa llegando a las diferentes sectores de la zona urbana y rural de este municipio, beneficiando a familias de la zona urbana y rural, quienes acceden al alimento de primera necesidad a bajo costo.<\/p>\n\n\n\n<p>Siguiendo las instrucciones del Presidente Municipal David Armando Medina Salazar, a trav\u00e9s de la Secretar\u00eda de Desarrollo Social y Regional Delegaci\u00f3n Ciudad Valles, y en coordinaci\u00f3n con la Direcci\u00f3n de Abasto Popular Municipal, se mantiene un trabajo en conjunto para seguir apoyando la econom\u00eda de las familias con este programa alimentario que es impulsado por el Gobernador del Estado, Ricardo Gallardo Cardona.<\/p>\n\n\n\n<p>Durante las primeras semanas del a\u00f1o, este programa ha llegado a varias colonias, comunidades y ejidos, apoyo permanente que se lleva a cabo de manera coordinada entre el Gobierno Municipal y el Gobierno del Estado. Para este a\u00f1o 2026, el costo de la tortilla present\u00f3 un ajuste, quedando actualmente en 15 pesos, lo que representa un alivio importante para el gasto diario de las familias.<\/p>\n\n\n\n<p>El Gobierno Municipal, que encabeza el Presidente Municipal David Medina, reafirma su compromiso de seguir trabajando de la mano con el Gobierno Estatal y la SEDESORE, para dar continuidad a este programa durante todo el a\u00f1o, ampliar su alcance y llevar este apoyo alimentario a un mayor n\u00famero de familias vallenses.<\/p>\n","protected":false},"excerpt":{"rendered":"<p>CIUDAD VALLES, S.L.P.- Durante las primeras semanas de este 2026, el programa de Tortilla Subsidiada, contin\u00faa llegando a las diferentes sectores de la zona urbana y rural de este municipio, beneficiando a familias de la zona urbana y rural, quienes acceden al alimento de primera &hellip; <\/p>\n","protected":false},"author":1,"featured_media":111045,"comment_status":"open","ping_status":"open","sticky":false,"template":"","format":"standard","meta":{"footnotes":""},"categories":[13,14,28,29,7,15,16,4],"tags":[],"class_list":["post-111044","post","type-post","status-publish","format-standard","has-post-thumbnail","hentry","category-agropecuaria","category-caneros","category-cnc","category-cnpr","category-ciudad","category-ganaderos","category-ingenios","category-inicio"],"_links":{"self":[{"href":"https:\/\/amanecerhuasteco.com\/portal\/wp-json\/wp\/v2\/posts\/111044","targetHints":{"allow":["GET"]}}],"collection":[{"href":"https:\/\/amanecerhuasteco.com\/portal\/wp-json\/wp\/v2\/posts"}],"about":[{"href":"https:\/\/amanecerhuasteco.com\/portal\/wp-json\/wp\/v2\/types\/post"}],"author":[{"embeddable":true,"href":"https:\/\/amanecerhuasteco.com\/portal\/wp-json\/wp\/v2\/users\/1"}],"replies":[{"embeddable":true,"href":"https:\/\/amanecerhuasteco.com\/portal\/wp-json\/wp\/v2\/comments?post=111044"}],"version-history":[{"count":1,"href":"https:\/\/amanecerhuasteco.com\/portal\/wp-json\/wp\/v2\/posts\/111044\/revisions"}],"predecessor-version":[{"id":111046,"href":"https:\/\/amanecerhuasteco.com\/portal\/wp-json\/wp\/v2\/posts\/111044\/revisions\/111046"}],"wp:featuredmedia":[{"embeddable":true,"href":"https:\/\/amanecerhuasteco.com\/portal\/wp-json\/wp\/v2\/media\/111045"}],"wp:attachment":[{"href":"https:\/\/amanecerhuasteco.com\/portal\/wp-json\/wp\/v2\/media?parent=111044"}],"wp:term":[{"taxonomy":"category","embeddable":true,"href":"https:\/\/amanecerhuasteco.com\/portal\/wp-json\/wp\/v2\/categories?post=111044"},{"taxonomy":"post_tag","embeddable":true,"href":"https:\/\/amanecerhuasteco.com\/portal\/wp-json\/wp\/v2\/tags?post=111044"}],"curies":[{"name":"wp","href":"https:\/\/api.w.org\/{rel}","templated":true}]}}