{"id":111834,"date":"2026-02-14T22:35:41","date_gmt":"2026-02-15T04:35:41","guid":{"rendered":"https:\/\/amanecerhuasteco.com\/portal\/?p=111834"},"modified":"2026-02-23T22:38:36","modified_gmt":"2026-02-24T04:38:36","slug":"gobierno-de-santa-catarina-celebra-matrimonios-colectivos","status":"publish","type":"post","link":"https:\/\/amanecerhuasteco.com\/portal\/gobierno-de-santa-catarina-celebra-matrimonios-colectivos\/","title":{"rendered":"Gobierno de Santa Catarina, celebra \u00abmatrimonios colectivos\u00bb"},"content":{"rendered":"\n<p>Santa Catarina.- El pasado viernes 13 de febrero, el Gobierno Municipal de Santa Catarina, encabezado por el Presidente Municipal Juan Carlos Ramos, y el DIF Municipal, presidido por Karen Manr\u00edquez, con el respaldo del DIF Estatal de San Luis Potos\u00ed, llevaron a cabo la jornada de Matrimonios Colectivos 2026.<\/p>\n\n\n\n<p>Esta iniciativa, impulsada por el DIF Estatal, tiene como objetivo facilitar y acercar a la ciudadan\u00eda los tr\u00e1mites que brindan certeza jur\u00eddica a las familias, promoviendo la uni\u00f3n y el bienestar de nuestra comunidad.<\/p>\n\n\n\n<p> En esta ocasi\u00f3n se cont\u00f3 con la participaci\u00f3n de 8 parejas que formalizaron su uni\u00f3n.<\/p>\n\n\n\n<p> \u00a1Muchas felicidades a las y los reci\u00e9n casados! Les deseamos una vida llena de amor, respeto y felicidad.<\/p>\n\n\n\n<p><\/p>\n","protected":false},"excerpt":{"rendered":"<p>Santa Catarina.- El pasado viernes 13 de febrero, el Gobierno Municipal de Santa Catarina, encabezado por el Presidente Municipal Juan Carlos Ramos, y el DIF Municipal, presidido por Karen Manr\u00edquez, con el respaldo del DIF Estatal de San Luis Potos\u00ed, llevaron a cabo la jornada &hellip; <\/p>\n","protected":false},"author":1,"featured_media":111836,"comment_status":"open","ping_status":"open","sticky":false,"template":"","format":"standard","meta":{"footnotes":""},"categories":[13,77,54,11,15,4,59],"tags":[],"class_list":["post-111834","post","type-post","status-publish","format-standard","has-post-thumbnail","hentry","category-agropecuaria","category-el-campo","category-el-mundo","category-estado","category-ganaderos","category-inicio","category-santa-catarina"],"_links":{"self":[{"href":"https:\/\/amanecerhuasteco.com\/portal\/wp-json\/wp\/v2\/posts\/111834","targetHints":{"allow":["GET"]}}],"collection":[{"href":"https:\/\/amanecerhuasteco.com\/portal\/wp-json\/wp\/v2\/posts"}],"about":[{"href":"https:\/\/amanecerhuasteco.com\/portal\/wp-json\/wp\/v2\/types\/post"}],"author":[{"embeddable":true,"href":"https:\/\/amanecerhuasteco.com\/portal\/wp-json\/wp\/v2\/users\/1"}],"replies":[{"embeddable":true,"href":"https:\/\/amanecerhuasteco.com\/portal\/wp-json\/wp\/v2\/comments?post=111834"}],"version-history":[{"count":1,"href":"https:\/\/amanecerhuasteco.com\/portal\/wp-json\/wp\/v2\/posts\/111834\/revisions"}],"predecessor-version":[{"id":111837,"href":"https:\/\/amanecerhuasteco.com\/portal\/wp-json\/wp\/v2\/posts\/111834\/revisions\/111837"}],"wp:featuredmedia":[{"embeddable":true,"href":"https:\/\/amanecerhuasteco.com\/portal\/wp-json\/wp\/v2\/media\/111836"}],"wp:attachment":[{"href":"https:\/\/amanecerhuasteco.com\/portal\/wp-json\/wp\/v2\/media?parent=111834"}],"wp:term":[{"taxonomy":"category","embeddable":true,"href":"https:\/\/amanecerhuasteco.com\/portal\/wp-json\/wp\/v2\/categories?post=111834"},{"taxonomy":"post_tag","embeddable":true,"href":"https:\/\/amanecerhuasteco.com\/portal\/wp-json\/wp\/v2\/tags?post=111834"}],"curies":[{"name":"wp","href":"https:\/\/api.w.org\/{rel}","templated":true}]}}