{"id":112154,"date":"2026-03-12T12:39:43","date_gmt":"2026-03-12T18:39:43","guid":{"rendered":"https:\/\/amanecerhuasteco.com\/portal\/?p=112154"},"modified":"2026-03-12T12:39:46","modified_gmt":"2026-03-12T18:39:46","slug":"marcha-para-conmemorar-dia-internacional-de-la-mujer-en-santa-catarina","status":"publish","type":"post","link":"https:\/\/amanecerhuasteco.com\/portal\/marcha-para-conmemorar-dia-internacional-de-la-mujer-en-santa-catarina\/","title":{"rendered":"Marcha para conmemorar D\u00eda Internacional de la Mujer en Santa Catarina"},"content":{"rendered":"\n<p>El presidente municipal Juan Carlos Ramos y la presidenta del DIF Karen Manr\u00edquez se llev\u00f3 a cabo una marcha en conmemoraci\u00f3n del D\u00eda Internacional de la Mujer en Santa Catarina, a la cual acudieron escuelas de distintos niveles educativos de nuestra cabecera y El Puente, personal de Presidencia, DIF, UBR y p\u00fablico en general.<\/p>\n\n\n\n<p>Esta actividad nos record\u00f3 que el 8 de marzo representa la lucha, la valent\u00eda y el camino que las mujeres han recorrido para lograr m\u00e1s igualdad y oportunidades. <\/p>\n\n\n\n<p>Sigamos caminando juntos por un futuro donde todas las mujeres sean escuchadas, respetadas y valoradas. <\/p>\n\n\n\n<h1 class=\"wp-block-heading\">&#8212;<\/h1>\n","protected":false},"excerpt":{"rendered":"<p>El presidente municipal Juan Carlos Ramos y la presidenta del DIF Karen Manr\u00edquez se llev\u00f3 a cabo una marcha en conmemoraci\u00f3n del D\u00eda Internacional de la Mujer en Santa Catarina, a la cual acudieron escuelas de distintos niveles educativos de nuestra cabecera y El Puente, &hellip; <\/p>\n","protected":false},"author":1,"featured_media":112155,"comment_status":"open","ping_status":"open","sticky":false,"template":"","format":"standard","meta":{"footnotes":""},"categories":[13,92,91,25,89,82,14,28,29,87,86,67,7,78,62,56,15,55,81,16,4,73,44,26,74,10,12,60,30,31,59,42,53,57,43,32],"tags":[],"class_list":["post-112154","post","type-post","status-publish","format-standard","has-post-thumbnail","hentry","category-agropecuaria","category-ahualulco","category-alaquines","category-aquismon","category-armadillo","category-axtla","category-caneros","category-cnc","category-cnpr","category-cardenas","category-cedral","category-charcas","category-ciudad","category-ciudad-del-maiz","category-ciudad-fernandez","category-el-naranjo","category-ganaderos","category-guadalcazar","category-huehuetlan","category-ingenios","category-inicio","category-lagunillas","category-matehuala","category-matlapa","category-mexquitic","category-municipios","category-nacional","category-rayon","category-rioverde","category-sanluispotosi","category-santa-catarina","category-soledad","category-tamazunchale","category-tanlajas","category-villa-de-reyes","category-xilitla"],"_links":{"self":[{"href":"https:\/\/amanecerhuasteco.com\/portal\/wp-json\/wp\/v2\/posts\/112154","targetHints":{"allow":["GET"]}}],"collection":[{"href":"https:\/\/amanecerhuasteco.com\/portal\/wp-json\/wp\/v2\/posts"}],"about":[{"href":"https:\/\/amanecerhuasteco.com\/portal\/wp-json\/wp\/v2\/types\/post"}],"author":[{"embeddable":true,"href":"https:\/\/amanecerhuasteco.com\/portal\/wp-json\/wp\/v2\/users\/1"}],"replies":[{"embeddable":true,"href":"https:\/\/amanecerhuasteco.com\/portal\/wp-json\/wp\/v2\/comments?post=112154"}],"version-history":[{"count":1,"href":"https:\/\/amanecerhuasteco.com\/portal\/wp-json\/wp\/v2\/posts\/112154\/revisions"}],"predecessor-version":[{"id":112156,"href":"https:\/\/amanecerhuasteco.com\/portal\/wp-json\/wp\/v2\/posts\/112154\/revisions\/112156"}],"wp:featuredmedia":[{"embeddable":true,"href":"https:\/\/amanecerhuasteco.com\/portal\/wp-json\/wp\/v2\/media\/112155"}],"wp:attachment":[{"href":"https:\/\/amanecerhuasteco.com\/portal\/wp-json\/wp\/v2\/media?parent=112154"}],"wp:term":[{"taxonomy":"category","embeddable":true,"href":"https:\/\/amanecerhuasteco.com\/portal\/wp-json\/wp\/v2\/categories?post=112154"},{"taxonomy":"post_tag","embeddable":true,"href":"https:\/\/amanecerhuasteco.com\/portal\/wp-json\/wp\/v2\/tags?post=112154"}],"curies":[{"name":"wp","href":"https:\/\/api.w.org\/{rel}","templated":true}]}}