{"id":112162,"date":"2026-03-13T07:00:34","date_gmt":"2026-03-13T13:00:34","guid":{"rendered":"https:\/\/amanecerhuasteco.com\/portal\/?p=112162"},"modified":"2026-03-13T07:00:37","modified_gmt":"2026-03-13T13:00:37","slug":"glaucoma-segunda-causa-de-ceguera-deteccion-oportuna-es-prioridad-especialistas","status":"publish","type":"post","link":"https:\/\/amanecerhuasteco.com\/portal\/glaucoma-segunda-causa-de-ceguera-deteccion-oportuna-es-prioridad-especialistas\/","title":{"rendered":"Glaucoma, segunda causa de ceguera; detecci\u00f3n oportuna es prioridad: especialistas"},"content":{"rendered":"\n<p><\/p>\n\n\n\n<p>En el marco del D\u00eda Mundial del Glaucoma, que se conmemora cada 12 de marzo, se realizar\u00e1 una campa\u00f1a gratuita de revisi\u00f3n ocular en los principales centros m\u00e9dicos de la especialidad en oftalmolog\u00eda, este s\u00e1bado 14 de marzo. As\u00ed lo informaron los doctores Cecilia Rangel Mart\u00ednez y Mart\u00edn Eloy Quijano Miramontes, egresados de la Facultad de Medicina de la Universidad Aut\u00f3noma de San Luis Potos\u00ed (UASLP) e integrantes de El Colegio de Oftalm\u00f3logos de San Luis Potos\u00ed.<\/p>\n\n\n\n<p>Los especialistas coincidieron en que el glaucoma es la segunda causa de ceguera, de acuerdo con datos de la Secretar\u00eda de Salud. Indicaron que alrededor del 90 por ciento de los pacientes no presenta s\u00edntomas, por lo que la conmemoraci\u00f3n de esta fecha busca promover la detecci\u00f3n oportuna. Durante la jornada se realizar\u00e1 a las personas interesadas la toma de presi\u00f3n ocular, as\u00ed como la revisi\u00f3n de la c\u00e1mara anterior y del nervio \u00f3ptico.<\/p>\n\n\n\n<p>La doctora Cecilia Rangel Mart\u00ednez inform\u00f3 que la atenci\u00f3n se brindar\u00e1 en diversos centros especializados en oftalmolog\u00eda: Fundaci\u00f3n Casta\u00f1\u00f3n, Hospital Central \u201cDr. Ignacio Morones Prieto\u201d, M\u00e9dica Quir\u00fargica Ambulatoria, OPA en el Hospital de Especialidades M\u00e9dicas de la Salud, Prover en el Hospital Lomas de San Luis Internacional y Visi\u00f3n L\u00e1ser San Luis.<\/p>\n\n\n\n<p>\u201cLas personas que se inscriban a esta revisi\u00f3n podr\u00e1n beneficiarse al detectar la enfermedad a tiempo y contar con un pron\u00f3stico favorable; de lo contrario podr\u00edan presentar mala visi\u00f3n, reducci\u00f3n del campo visual o ceguera irreversible\u201d, se\u00f1al\u00f3.<\/p>\n\n\n\n<p>Por su parte, el doctor Mart\u00edn Quijano Miramontes subray\u00f3 la importancia de que la poblaci\u00f3n participe en esta campa\u00f1a, en particular las personas mayores de 40 a\u00f1os con antecedentes familiares de glaucoma, as\u00ed como quienes viven con diabetes o hipertensi\u00f3n arterial.<\/p>\n\n\n\n<p>Respecto a la sintomatolog\u00eda, explic\u00f3 que depende del tipo de glaucoma; sin embargo, la mayor\u00eda de los pacientes presenta glaucoma de \u00e1ngulo abierto, que generalmente no manifiesta s\u00edntomas. Este padecimiento ocupa el segundo lugar como causa de ceguera, mientras que la retinopat\u00eda diab\u00e9tica se ubica en el primer sitio, seg\u00fan la Secretar\u00eda de Salud.<\/p>\n\n\n\n<p>Las personas interesadas deber\u00e1n registrarse en cualquiera de los centros m\u00e9dicos participantes mediante un c\u00f3digo QR. La campa\u00f1a se realizar\u00e1 el s\u00e1bado 14 de marzo en un horario de 8:00 a 14:00 horas. Despu\u00e9s de la valoraci\u00f3n, quienes presenten sospecha de glaucoma ser\u00e1n citados para estudios complementarios con el fin de confirmar el diagn\u00f3stico.<\/p>\n\n\n\n<p>Finalmente, los egresados de la UASLP e integrantes de El Colegio de Oftalm\u00f3logos de San Luis Potos\u00ed recomendaron a la poblaci\u00f3n realizarse una revisi\u00f3n oftalmol\u00f3gica al menos una vez al a\u00f1o, especialmente quienes tienen antecedentes familiares de glaucoma, diabetes o hipertensi\u00f3n.<\/p>\n","protected":false},"excerpt":{"rendered":"<p>En el marco del D\u00eda Mundial del Glaucoma, que se conmemora cada 12 de marzo, se realizar\u00e1 una campa\u00f1a gratuita de revisi\u00f3n ocular en los principales centros m\u00e9dicos de la especialidad en oftalmolog\u00eda, este s\u00e1bado 14 de marzo. As\u00ed lo informaron los doctores Cecilia Rangel &hellip; <\/p>\n","protected":false},"author":1,"featured_media":112163,"comment_status":"open","ping_status":"open","sticky":false,"template":"","format":"standard","meta":{"footnotes":""},"categories":[13,92,91,25,89,82,14,28,29,87,86,67,7,78,62,56,11,15,55,81,16,4,73,44,26,74,10,12,60,30,31,59,42,53,57,43,32],"tags":[],"class_list":["post-112162","post","type-post","status-publish","format-standard","has-post-thumbnail","hentry","category-agropecuaria","category-ahualulco","category-alaquines","category-aquismon","category-armadillo","category-axtla","category-caneros","category-cnc","category-cnpr","category-cardenas","category-cedral","category-charcas","category-ciudad","category-ciudad-del-maiz","category-ciudad-fernandez","category-el-naranjo","category-estado","category-ganaderos","category-guadalcazar","category-huehuetlan","category-ingenios","category-inicio","category-lagunillas","category-matehuala","category-matlapa","category-mexquitic","category-municipios","category-nacional","category-rayon","category-rioverde","category-sanluispotosi","category-santa-catarina","category-soledad","category-tamazunchale","category-tanlajas","category-villa-de-reyes","category-xilitla"],"_links":{"self":[{"href":"https:\/\/amanecerhuasteco.com\/portal\/wp-json\/wp\/v2\/posts\/112162","targetHints":{"allow":["GET"]}}],"collection":[{"href":"https:\/\/amanecerhuasteco.com\/portal\/wp-json\/wp\/v2\/posts"}],"about":[{"href":"https:\/\/amanecerhuasteco.com\/portal\/wp-json\/wp\/v2\/types\/post"}],"author":[{"embeddable":true,"href":"https:\/\/amanecerhuasteco.com\/portal\/wp-json\/wp\/v2\/users\/1"}],"replies":[{"embeddable":true,"href":"https:\/\/amanecerhuasteco.com\/portal\/wp-json\/wp\/v2\/comments?post=112162"}],"version-history":[{"count":1,"href":"https:\/\/amanecerhuasteco.com\/portal\/wp-json\/wp\/v2\/posts\/112162\/revisions"}],"predecessor-version":[{"id":112164,"href":"https:\/\/amanecerhuasteco.com\/portal\/wp-json\/wp\/v2\/posts\/112162\/revisions\/112164"}],"wp:featuredmedia":[{"embeddable":true,"href":"https:\/\/amanecerhuasteco.com\/portal\/wp-json\/wp\/v2\/media\/112163"}],"wp:attachment":[{"href":"https:\/\/amanecerhuasteco.com\/portal\/wp-json\/wp\/v2\/media?parent=112162"}],"wp:term":[{"taxonomy":"category","embeddable":true,"href":"https:\/\/amanecerhuasteco.com\/portal\/wp-json\/wp\/v2\/categories?post=112162"},{"taxonomy":"post_tag","embeddable":true,"href":"https:\/\/amanecerhuasteco.com\/portal\/wp-json\/wp\/v2\/tags?post=112162"}],"curies":[{"name":"wp","href":"https:\/\/api.w.org\/{rel}","templated":true}]}}