{"id":112169,"date":"2026-03-13T07:10:54","date_gmt":"2026-03-13T13:10:54","guid":{"rendered":"https:\/\/amanecerhuasteco.com\/portal\/?p=112169"},"modified":"2026-03-13T07:10:57","modified_gmt":"2026-03-13T13:10:57","slug":"gobierno-alista-estrategia-contra-incendios-forestales-en-la-zona-centro","status":"publish","type":"post","link":"https:\/\/amanecerhuasteco.com\/portal\/gobierno-alista-estrategia-contra-incendios-forestales-en-la-zona-centro\/","title":{"rendered":"Gobierno alista estrategia contra incendios forestales en la zona centro"},"content":{"rendered":"\n<p><\/p>\n\n\n\n<p>\u2022 La Coordinaci\u00f3n Estatal de Protecci\u00f3n Civil prioriza la capacitaci\u00f3n y respuesta inmediata ante el inicio de un periodo de alto riesgo en San Luis Potos\u00ed.<\/p>\n\n\n\n<p>Como parte de las acciones impulsadas por el Gobernador Ricardo Gallardo Cardona, para prevenir incendios forestales, esta ma\u00f1ana se llev\u00f3 a cabo en el Museo Laberinto una reuni\u00f3n estrat\u00e9gica presidida por la Coordinaci\u00f3n Estatal de Protecci\u00f3n Civil (CEPC), en la cual se advirti\u00f3 sobre la proximidad de un periodo cr\u00edtico de incendios forestales en la regi\u00f3n centro.<\/p>\n\n\n\n<p>Ante presidentes municipales de 11 alcald\u00edas, entre ellas San Luis Potos\u00ed, Soledad de Graciano S\u00e1nchez y Villa de Pozos, el Comandante Mauricio Ordaz Flores, titular de la CEPC, subray\u00f3 que el combate y control de estos siniestros debe ser una prioridad absoluta para salvaguardar la integridad de las familias potosinas y sus ecosistemas.<\/p>\n\n\n\n<p>El funcionario estatal anunci\u00f3 una serie de capacitaciones intensivas dise\u00f1adas para que voluntarios y personal municipal cuenten con nociones t\u00e9cnicas de actuaci\u00f3n. Esta medida busca evitar riesgos innecesarios a la integridad f\u00edsica de quienes combaten el fuego, priorizando siempre la seguridad bajo una estrategia de respuesta inmediata y coordinada.<\/p>\n\n\n\n<p>La urgencia de estas acciones se respalda en datos de la Comisi\u00f3n Nacional Forestal, que reporta 53 incendios en lo que va del a\u00f1o, de los cuales 35 han ocurrido en la regi\u00f3n centro. Dado que San Luis Potos\u00ed ocupa el primer lugar nacional en afectaciones a la vegetaci\u00f3n, el titular de la CEPC enfatiz\u00f3 la necesidad de realizar sinergias operativas y mantener reuniones permanentes para mitigar los da\u00f1os durante la temporada 2026, siguiendo las instrucciones directas del Gobernador Ricardo Gallardo Cardona.<\/p>\n\n\n\n<p>Por su parte, la Secretar\u00eda de Ecolog\u00eda y Gesti\u00f3n Ambiental (SEGAM) particip\u00f3 en el encuentro a trav\u00e9s de su titular, Sonia Mendoza D\u00edaz, quien en su calidad de presidenta del Comit\u00e9 T\u00e9cnico resalt\u00f3 la importancia de la colaboraci\u00f3n administrativa entre los tres niveles de gobierno.<\/p>\n\n\n\n<p>Finalmente, el Gobierno del Estado reafirm\u00f3 que dispone de todo el recurso humano y material necesario para enfrentar la contingencia.<\/p>\n","protected":false},"excerpt":{"rendered":"<p>\u2022 La Coordinaci\u00f3n Estatal de Protecci\u00f3n Civil prioriza la capacitaci\u00f3n y respuesta inmediata ante el inicio de un periodo de alto riesgo en San Luis Potos\u00ed. Como parte de las acciones impulsadas por el Gobernador Ricardo Gallardo Cardona, para prevenir incendios forestales, esta ma\u00f1ana se &hellip; <\/p>\n","protected":false},"author":1,"featured_media":112170,"comment_status":"open","ping_status":"open","sticky":false,"template":"","format":"standard","meta":{"footnotes":""},"categories":[13,92,91,25,89,82,14,28,29,87,86,67,7,78,56,11,15,55,16,4,73,44,26,74,10,60,30,31,59,42,53,57,43,32],"tags":[],"class_list":["post-112169","post","type-post","status-publish","format-standard","has-post-thumbnail","hentry","category-agropecuaria","category-ahualulco","category-alaquines","category-aquismon","category-armadillo","category-axtla","category-caneros","category-cnc","category-cnpr","category-cardenas","category-cedral","category-charcas","category-ciudad","category-ciudad-del-maiz","category-el-naranjo","category-estado","category-ganaderos","category-guadalcazar","category-ingenios","category-inicio","category-lagunillas","category-matehuala","category-matlapa","category-mexquitic","category-municipios","category-rayon","category-rioverde","category-sanluispotosi","category-santa-catarina","category-soledad","category-tamazunchale","category-tanlajas","category-villa-de-reyes","category-xilitla"],"_links":{"self":[{"href":"https:\/\/amanecerhuasteco.com\/portal\/wp-json\/wp\/v2\/posts\/112169","targetHints":{"allow":["GET"]}}],"collection":[{"href":"https:\/\/amanecerhuasteco.com\/portal\/wp-json\/wp\/v2\/posts"}],"about":[{"href":"https:\/\/amanecerhuasteco.com\/portal\/wp-json\/wp\/v2\/types\/post"}],"author":[{"embeddable":true,"href":"https:\/\/amanecerhuasteco.com\/portal\/wp-json\/wp\/v2\/users\/1"}],"replies":[{"embeddable":true,"href":"https:\/\/amanecerhuasteco.com\/portal\/wp-json\/wp\/v2\/comments?post=112169"}],"version-history":[{"count":1,"href":"https:\/\/amanecerhuasteco.com\/portal\/wp-json\/wp\/v2\/posts\/112169\/revisions"}],"predecessor-version":[{"id":112171,"href":"https:\/\/amanecerhuasteco.com\/portal\/wp-json\/wp\/v2\/posts\/112169\/revisions\/112171"}],"wp:featuredmedia":[{"embeddable":true,"href":"https:\/\/amanecerhuasteco.com\/portal\/wp-json\/wp\/v2\/media\/112170"}],"wp:attachment":[{"href":"https:\/\/amanecerhuasteco.com\/portal\/wp-json\/wp\/v2\/media?parent=112169"}],"wp:term":[{"taxonomy":"category","embeddable":true,"href":"https:\/\/amanecerhuasteco.com\/portal\/wp-json\/wp\/v2\/categories?post=112169"},{"taxonomy":"post_tag","embeddable":true,"href":"https:\/\/amanecerhuasteco.com\/portal\/wp-json\/wp\/v2\/tags?post=112169"}],"curies":[{"name":"wp","href":"https:\/\/api.w.org\/{rel}","templated":true}]}}