{"id":112184,"date":"2026-03-14T09:46:10","date_gmt":"2026-03-14T15:46:10","guid":{"rendered":"https:\/\/amanecerhuasteco.com\/portal\/?p=112184"},"modified":"2026-03-14T09:46:12","modified_gmt":"2026-03-14T15:46:12","slug":"ayuntamiento-de-valles-impulsa-a-emprendedores-y-artesanos","status":"publish","type":"post","link":"https:\/\/amanecerhuasteco.com\/portal\/ayuntamiento-de-valles-impulsa-a-emprendedores-y-artesanos\/","title":{"rendered":"Ayuntamiento de Valles impulsa a emprendedores y artesanos"},"content":{"rendered":"\n<p>ALCALDE DAVID MEDINA IMPULSA A EMPRENDEDORES Y ARTESANOS CON LA EXPO BAZAR EDICI\u00d3N PRIMAVERA<\/p>\n\n\n\n<p>CIUDAD VALLES, S.L.P. \u2013 Con el firme compromiso de fortalecer el comercio local y brindar espacios de impulso para el talento vallense, el Presidente Municipal David Armando Medina Salazar y la Presidenta del Sistema Municipal DIF, Ena Avenda\u00f1o Uscanga, encabezaron el inicio de la Expo Bazar 2026 edici\u00f3n primavera, evento que re\u00fane a emprendedores y artesanos del municipio para promover sus productos y creatividad.<\/p>\n\n\n\n<p>Como muestra de respaldo a esta iniciativa, el alcalde realiz\u00f3 las primeras compras del bazar, incentivando as\u00ed el consumo local, se\u00f1alando la importancia de apostar por el talento local, reconociendo la creatividad, imaginaci\u00f3n y esfuerzo de los vallenses que participan en este tipo de iniciativas.<\/p>\n\n\n\n<p>En su mensaje, destac\u00f3 que su administraci\u00f3n se mantiene ocupada en generar oportunidades para quienes buscan emprender, brindando espacios donde puedan exhibir y comercializar sus productos, con la visi\u00f3n de que estos proyectos crezcan y en un futuro se conviertan en generadores de empleo.<\/p>\n\n\n\n<p>La Expo Bazar edici\u00f3n primavera cuenta con la participaci\u00f3n de alrededor de 30 artesanos y 70 emprendedores registrados, quienes durante este viernes, s\u00e1bado y domingo estar\u00e1n ofreciendo una amplia variedad de productos, instalados en la Plaza Principal.<\/p>\n\n\n\n<p>En el arranque de este evento estuvieron presentes la directora de Desarrollo Empresarial, Dora Elda Ojeda Mercado; el director de Fomento al Empleo, Andr\u00e9s V\u00e1zquez Torres; el delegado de SEDESORE, Jes\u00fas Guadalupe Gonz\u00e1lez Vargas; el regidor Jorge Mart\u00ednez Flores; la regidora Ma. Guadalupe Mendiola Acosta; la representante de artesanos y emprendedores, Rosario Morelos V\u00e1zquez; el director de Planeaci\u00f3n, Ram\u00f3n Ortiz, as\u00ed como emprendedores, artesanos y p\u00fablico en general.<\/p>\n","protected":false},"excerpt":{"rendered":"<p>ALCALDE DAVID MEDINA IMPULSA A EMPRENDEDORES Y ARTESANOS CON LA EXPO BAZAR EDICI\u00d3N PRIMAVERA CIUDAD VALLES, S.L.P. \u2013 Con el firme compromiso de fortalecer el comercio local y brindar espacios de impulso para el talento vallense, el Presidente Municipal David Armando Medina Salazar y la &hellip; <\/p>\n","protected":false},"author":1,"featured_media":112185,"comment_status":"open","ping_status":"open","sticky":false,"template":"","format":"standard","meta":{"footnotes":""},"categories":[13,14,28,29,7,77,11,15,16,4,31],"tags":[],"class_list":["post-112184","post","type-post","status-publish","format-standard","has-post-thumbnail","hentry","category-agropecuaria","category-caneros","category-cnc","category-cnpr","category-ciudad","category-el-campo","category-estado","category-ganaderos","category-ingenios","category-inicio","category-sanluispotosi"],"_links":{"self":[{"href":"https:\/\/amanecerhuasteco.com\/portal\/wp-json\/wp\/v2\/posts\/112184","targetHints":{"allow":["GET"]}}],"collection":[{"href":"https:\/\/amanecerhuasteco.com\/portal\/wp-json\/wp\/v2\/posts"}],"about":[{"href":"https:\/\/amanecerhuasteco.com\/portal\/wp-json\/wp\/v2\/types\/post"}],"author":[{"embeddable":true,"href":"https:\/\/amanecerhuasteco.com\/portal\/wp-json\/wp\/v2\/users\/1"}],"replies":[{"embeddable":true,"href":"https:\/\/amanecerhuasteco.com\/portal\/wp-json\/wp\/v2\/comments?post=112184"}],"version-history":[{"count":1,"href":"https:\/\/amanecerhuasteco.com\/portal\/wp-json\/wp\/v2\/posts\/112184\/revisions"}],"predecessor-version":[{"id":112186,"href":"https:\/\/amanecerhuasteco.com\/portal\/wp-json\/wp\/v2\/posts\/112184\/revisions\/112186"}],"wp:featuredmedia":[{"embeddable":true,"href":"https:\/\/amanecerhuasteco.com\/portal\/wp-json\/wp\/v2\/media\/112185"}],"wp:attachment":[{"href":"https:\/\/amanecerhuasteco.com\/portal\/wp-json\/wp\/v2\/media?parent=112184"}],"wp:term":[{"taxonomy":"category","embeddable":true,"href":"https:\/\/amanecerhuasteco.com\/portal\/wp-json\/wp\/v2\/categories?post=112184"},{"taxonomy":"post_tag","embeddable":true,"href":"https:\/\/amanecerhuasteco.com\/portal\/wp-json\/wp\/v2\/tags?post=112184"}],"curies":[{"name":"wp","href":"https:\/\/api.w.org\/{rel}","templated":true}]}}