{"id":112193,"date":"2026-03-15T07:21:38","date_gmt":"2026-03-15T13:21:38","guid":{"rendered":"https:\/\/amanecerhuasteco.com\/portal\/?p=112193"},"modified":"2026-03-15T07:21:41","modified_gmt":"2026-03-15T13:21:41","slug":"arranca-la-edicion-50-de-la-feria-nacional-del-libro-de-la-uaslp-para-fortalecer-el-vinculo-de-la-sociedad-con-la-lectura","status":"publish","type":"post","link":"https:\/\/amanecerhuasteco.com\/portal\/arranca-la-edicion-50-de-la-feria-nacional-del-libro-de-la-uaslp-para-fortalecer-el-vinculo-de-la-sociedad-con-la-lectura\/","title":{"rendered":"Arranca la edici\u00f3n 50 de la Feria Nacional del Libro de la UASLP para fortalecer el v\u00ednculo de la sociedad con la lectura"},"content":{"rendered":"\n<p><\/p>\n\n\n\n<p>Con la misi\u00f3n de que ni\u00f1as, ni\u00f1os, j\u00f3venes y estudiantes tengan la oportunidad de acercarse a los libros, descubrir nuevas voces, encontrar historias que los inspiren o ideas que transformen su forma de mirar el mundo, que ha regido a la Feria Nacional del Libro de la Universidad Aut\u00f3noma de San Luis Potos\u00ed (UASLP) desde su primera edici\u00f3n, este viernes 13 de marzo comenzaron las actividades del 50 aniversario del evento, que incluyen presentaciones de libros de autores locales, nacionales e internacionales, as\u00ed como una zona dedicada los infantes, talleres y venta de ejemplares.&nbsp;<\/p>\n\n\n\n<p>Durante su discurso de inauguraci\u00f3n, en el Centro Cultural Universitario Bicentenario, el rector de la UASLP, doctor Alejandro Javier Zerme\u00f1o Guerra, destac\u00f3 en estas cinco d\u00e9cadas, la FNL ha crecido y se ha transformado junto con la universidad y la sociedad. \u201cEs un espacio donde la cultura se comparte, donde las ideas se encuentran y donde la universidad abre sus puertas para dialogar con la sociedad. Uno de los grandes compromisos es formar personas capaces de pensar con libertad, con sensibilidad y con responsabilidad frente a su tiempo\u201d, expuso.<\/p>\n\n\n\n<p>\u201cEl reto de las universidades hoy no es elegir entre lo tradicional y lo nuevo. El verdadero reto es abrir todas las puertas posibles al conocimiento, fomentar nuevas formas de acercamiento a la lectura y, al mismo tiempo, preservar ese v\u00ednculo esencial con el libro como objeto cultural\u201d, agreg\u00f3.<\/p>\n\n\n\n<p>Por su parte, la licenciada Cynthia Valle Meade, secretaria de Difusi\u00f3n Cultural, se\u00f1al\u00f3 que celebrar la edici\u00f3n 50 de la FNL significa conmemorar medio siglo de encuentros entre lectores, autores y estudiantes que creen en el poder de la palabra. Record\u00f3 que el proyecto inici\u00f3 como una venta de libros en la Plaza de Fundadores y con el tiempo creci\u00f3 hasta consolidarse como uno de los encuentros editoriales m\u00e1s importantes del pa\u00eds. \u201cCincuenta a\u00f1os despu\u00e9s, la feria contin\u00faa cumpliendo su misi\u00f3n de acercar los libros a la gente, abrir espacios para la reflexi\u00f3n y recordarnos que la cultura es uno de los caminos m\u00e1s generosos para construir comunidad\u201d, expres\u00f3.&nbsp;<\/p>\n\n\n\n<p>La licenciada Patricia Flores Blavier, directora de Fomento Editorial y Publicaciones, destac\u00f3 que este evento es motivo de orgullo para la universidad y reconoci\u00f3 el trabajo del personal de la librer\u00eda universitaria, de los talleres gr\u00e1ficos y de quienes durante a\u00f1os han contribuido a consolidar este encuentro con los libros.<\/p>\n\n\n\n<p>Posteriormente, se entregaron reconocimientos a trabajadores que han laborado durante 20 a\u00f1os en la librer\u00eda de la UASLP, en reconocimiento a su trayectoria y al trabajo que han realizado para fortalecer las actividades de la instituci\u00f3n. Para concluir el evento de inauguraci\u00f3n, el Mariachi Universitario interpret\u00f3 un repertorio de temas de m\u00fasica mexicana.&nbsp;<\/p>\n\n\n\n<p>La Feria Nacional del Libro de la UASLP se lleva a cabo del 13 al 22 de marzo y reunir\u00e1 a autoras y autores nacionales e internacionales como Laura Restrepo, invitada en colaboraci\u00f3n con la Universidad Aut\u00f3noma de Yucat\u00e1n; Xavier Velasco, BEF, Aura Garc\u00eda Junco, Jos\u00e9 Gordon, Jaime Alfonso Sandoval, Rodrigo \u00cdmaz, Valentina Luj\u00e1n, Nora de la Cruz, Isabel Revueltas, Andr\u00e9s Cota Hiriart, as\u00ed como Benito Taibo quien, junto a Alejandro Rosas, participar\u00e1 en el encuentro titulado \u201cSue\u00f1os de papel\u201d. Adem\u00e1s de la entrega del Doctor Honoris Causa a Juan Villoro y Cristina Rivera Garza el jueves 19 de marzo.&nbsp;<\/p>\n\n\n\n<p>La programaci\u00f3n completa puede consultarse en las redes sociales de la Feria Nacional del Libro UASLP y en el sitio oficial&nbsp;<a rel=\"noreferrer noopener\" target=\"_blank\" href=\"https:\/\/feriadelibro.uaslp.mx\/\">https:\/\/feriadelibro.uaslp.mx\/.<\/a><\/p>\n","protected":false},"excerpt":{"rendered":"<p>Con la misi\u00f3n de que ni\u00f1as, ni\u00f1os, j\u00f3venes y estudiantes tengan la oportunidad de acercarse a los libros, descubrir nuevas voces, encontrar historias que los inspiren o ideas que transformen su forma de mirar el mundo, que ha regido a la Feria Nacional del Libro &hellip; <\/p>\n","protected":false},"author":1,"featured_media":112194,"comment_status":"open","ping_status":"open","sticky":false,"template":"","format":"standard","meta":{"footnotes":""},"categories":[13,92,91,89,82,14,28,29,86,67,7,62,15,81,16,4,73,44,26,60,30,31,59,42,53,57,43,32],"tags":[],"class_list":["post-112193","post","type-post","status-publish","format-standard","has-post-thumbnail","hentry","category-agropecuaria","category-ahualulco","category-alaquines","category-armadillo","category-axtla","category-caneros","category-cnc","category-cnpr","category-cedral","category-charcas","category-ciudad","category-ciudad-fernandez","category-ganaderos","category-huehuetlan","category-ingenios","category-inicio","category-lagunillas","category-matehuala","category-matlapa","category-rayon","category-rioverde","category-sanluispotosi","category-santa-catarina","category-soledad","category-tamazunchale","category-tanlajas","category-villa-de-reyes","category-xilitla"],"_links":{"self":[{"href":"https:\/\/amanecerhuasteco.com\/portal\/wp-json\/wp\/v2\/posts\/112193","targetHints":{"allow":["GET"]}}],"collection":[{"href":"https:\/\/amanecerhuasteco.com\/portal\/wp-json\/wp\/v2\/posts"}],"about":[{"href":"https:\/\/amanecerhuasteco.com\/portal\/wp-json\/wp\/v2\/types\/post"}],"author":[{"embeddable":true,"href":"https:\/\/amanecerhuasteco.com\/portal\/wp-json\/wp\/v2\/users\/1"}],"replies":[{"embeddable":true,"href":"https:\/\/amanecerhuasteco.com\/portal\/wp-json\/wp\/v2\/comments?post=112193"}],"version-history":[{"count":1,"href":"https:\/\/amanecerhuasteco.com\/portal\/wp-json\/wp\/v2\/posts\/112193\/revisions"}],"predecessor-version":[{"id":112195,"href":"https:\/\/amanecerhuasteco.com\/portal\/wp-json\/wp\/v2\/posts\/112193\/revisions\/112195"}],"wp:featuredmedia":[{"embeddable":true,"href":"https:\/\/amanecerhuasteco.com\/portal\/wp-json\/wp\/v2\/media\/112194"}],"wp:attachment":[{"href":"https:\/\/amanecerhuasteco.com\/portal\/wp-json\/wp\/v2\/media?parent=112193"}],"wp:term":[{"taxonomy":"category","embeddable":true,"href":"https:\/\/amanecerhuasteco.com\/portal\/wp-json\/wp\/v2\/categories?post=112193"},{"taxonomy":"post_tag","embeddable":true,"href":"https:\/\/amanecerhuasteco.com\/portal\/wp-json\/wp\/v2\/tags?post=112193"}],"curies":[{"name":"wp","href":"https:\/\/api.w.org\/{rel}","templated":true}]}}