{"id":112199,"date":"2026-03-15T07:27:10","date_gmt":"2026-03-15T13:27:10","guid":{"rendered":"https:\/\/amanecerhuasteco.com\/portal\/?p=112199"},"modified":"2026-03-15T07:27:13","modified_gmt":"2026-03-15T13:27:13","slug":"gobierno-estatal-lleva-feria-de-seguridad-a-mexquitic-de-carmona","status":"publish","type":"post","link":"https:\/\/amanecerhuasteco.com\/portal\/gobierno-estatal-lleva-feria-de-seguridad-a-mexquitic-de-carmona\/","title":{"rendered":"Gobierno estatal lleva feria de seguridad a Mexquitic de Carmona"},"content":{"rendered":"\n<p><\/p>\n\n\n\n<p><strong>&nbsp;&nbsp;&nbsp; \u2022 Resultado del trabajo coordinado entre instituciones, m\u00e1s de 720 personas del municipio fueron beneficiadas incluyendo estudiantes de diferentes niveles educativos.<\/strong><\/p>\n\n\n\n<p>Como parte del trabajo de proximidad social que promueve el Gobernador Ricardo Gallardo Cardona, la Secretar\u00eda de Seguridad y Protecci\u00f3n Ciudadana (SSPC) particip\u00f3 en la Feria de Seguridad y Servicios en Mexquitic de Carmona, en coordinaci\u00f3n con autoridades municipales, acercando servicios y programas a m\u00e1s de 720 personas.<\/p>\n\n\n\n<p>Durante las actividades se cont\u00f3 con la participaci\u00f3n de diversas \u00e1reas de la corporaci\u00f3n, entre ellas los departamentos de Prevenci\u00f3n del Delito y la Unidad para la Igualdad Sustantiva, quienes brindaron informaci\u00f3n, orientaci\u00f3n y pl\u00e1ticas a la poblaci\u00f3n sobre los programas, servicios y acciones que se realizan para la protecci\u00f3n de las familias. Por parte de la Guardia Civil Estatal (GCE) tambi\u00e9n acudieron las Unidades de G\u00e9nero y Prevenci\u00f3n del Delito, as\u00ed como el Gabinete M\u00e9dico, impulsando actividades de proximidad social y acercamiento con la ciudadan\u00eda, a fin de fomentar la cultura de la denuncia, la prevenci\u00f3n y el respeto a los derechos.<\/p>\n\n\n\n<p>El titular de la Secretar\u00eda, Jes\u00fas Ju\u00e1rez Hern\u00e1ndez, destac\u00f3 que tambi\u00e9n participaron \u00e1reas de Derechos Humanos, Deportes, Tecnolog\u00edas, Prevenci\u00f3n y Reinserci\u00f3n Social, adem\u00e1s de otras dependencias municipales que se sumaron a esta jornada para fortalecer las estrategias institucionales y la coordinaci\u00f3n, adem\u00e1s de acercar los servicios de seguridad a la poblaci\u00f3n, reflejo del cambio que se vive y se siente en la protecci\u00f3n y el bienestar de la ciudadan\u00eda.<\/p>\n","protected":false},"excerpt":{"rendered":"<p>&nbsp;&nbsp;&nbsp; \u2022 Resultado del trabajo coordinado entre instituciones, m\u00e1s de 720 personas del municipio fueron beneficiadas incluyendo estudiantes de diferentes niveles educativos. Como parte del trabajo de proximidad social que promueve el Gobernador Ricardo Gallardo Cardona, la Secretar\u00eda de Seguridad y Protecci\u00f3n Ciudadana (SSPC) particip\u00f3 &hellip; <\/p>\n","protected":false},"author":1,"featured_media":112200,"comment_status":"open","ping_status":"open","sticky":false,"template":"","format":"standard","meta":{"footnotes":""},"categories":[13,92,91,25,89,82,14,28,29,87,86,67,7,78,15,16,4,73,26,74,10,12,59,42,53,57,43,32],"tags":[],"class_list":["post-112199","post","type-post","status-publish","format-standard","has-post-thumbnail","hentry","category-agropecuaria","category-ahualulco","category-alaquines","category-aquismon","category-armadillo","category-axtla","category-caneros","category-cnc","category-cnpr","category-cardenas","category-cedral","category-charcas","category-ciudad","category-ciudad-del-maiz","category-ganaderos","category-ingenios","category-inicio","category-lagunillas","category-matlapa","category-mexquitic","category-municipios","category-nacional","category-santa-catarina","category-soledad","category-tamazunchale","category-tanlajas","category-villa-de-reyes","category-xilitla"],"_links":{"self":[{"href":"https:\/\/amanecerhuasteco.com\/portal\/wp-json\/wp\/v2\/posts\/112199","targetHints":{"allow":["GET"]}}],"collection":[{"href":"https:\/\/amanecerhuasteco.com\/portal\/wp-json\/wp\/v2\/posts"}],"about":[{"href":"https:\/\/amanecerhuasteco.com\/portal\/wp-json\/wp\/v2\/types\/post"}],"author":[{"embeddable":true,"href":"https:\/\/amanecerhuasteco.com\/portal\/wp-json\/wp\/v2\/users\/1"}],"replies":[{"embeddable":true,"href":"https:\/\/amanecerhuasteco.com\/portal\/wp-json\/wp\/v2\/comments?post=112199"}],"version-history":[{"count":1,"href":"https:\/\/amanecerhuasteco.com\/portal\/wp-json\/wp\/v2\/posts\/112199\/revisions"}],"predecessor-version":[{"id":112201,"href":"https:\/\/amanecerhuasteco.com\/portal\/wp-json\/wp\/v2\/posts\/112199\/revisions\/112201"}],"wp:featuredmedia":[{"embeddable":true,"href":"https:\/\/amanecerhuasteco.com\/portal\/wp-json\/wp\/v2\/media\/112200"}],"wp:attachment":[{"href":"https:\/\/amanecerhuasteco.com\/portal\/wp-json\/wp\/v2\/media?parent=112199"}],"wp:term":[{"taxonomy":"category","embeddable":true,"href":"https:\/\/amanecerhuasteco.com\/portal\/wp-json\/wp\/v2\/categories?post=112199"},{"taxonomy":"post_tag","embeddable":true,"href":"https:\/\/amanecerhuasteco.com\/portal\/wp-json\/wp\/v2\/tags?post=112199"}],"curies":[{"name":"wp","href":"https:\/\/api.w.org\/{rel}","templated":true}]}}