{"id":112214,"date":"2026-03-16T06:55:33","date_gmt":"2026-03-16T12:55:33","guid":{"rendered":"https:\/\/amanecerhuasteco.com\/portal\/?p=112214"},"modified":"2026-03-16T06:55:35","modified_gmt":"2026-03-16T12:55:35","slug":"gobierno-estatal-refuerza-compromiso-con-la-reinsercion-social","status":"publish","type":"post","link":"https:\/\/amanecerhuasteco.com\/portal\/gobierno-estatal-refuerza-compromiso-con-la-reinsercion-social\/","title":{"rendered":"Gobierno estatal refuerza compromiso con la reinserci\u00f3n social"},"content":{"rendered":"\n<p><\/p>\n\n\n\n<p><strong>&nbsp;&nbsp; \u2022 Coordina acciones interinstitucionales para impulsar oportunidades laborales, educativas y sociales para personas privadas de la libertad.<\/strong><\/p>\n\n\n\n<p>Siguiendo la instrucci\u00f3n del Gobernador Ricardo Gallardo Cardona, la Secretar\u00eda General de Gobierno (SGG) fortalece las acciones para consolidar una reinserci\u00f3n social efectiva en la entidad. A trav\u00e9s de la Subsecretar\u00eda de Enlace Interinstitucional mantiene la coordinaci\u00f3n con las 16 dependencias estatales que integran la Comisi\u00f3n Intersecretarial de Reinserci\u00f3n Social, mediante estrategias orientadas a ampliar oportunidades para las personas privadas de la libertad.<\/p>\n\n\n\n<p>Como parte de estos trabajos, el secretario General de Gobierno, J. Guadalupe Torres S\u00e1nchez, encabez\u00f3 una reuni\u00f3n con el titular de la Secretar\u00eda del Trabajo y Previsi\u00f3n Social del Estado (STPS) y directores de \u00e1rea, con el prop\u00f3sito de dar seguimiento a las acciones que la administraci\u00f3n impulsa en materia laboral. Durante el encuentro se revisaron mecanismos para fortalecer los procesos de capacitaci\u00f3n y preparaci\u00f3n para el trabajo, facilitando as\u00ed la reintegraci\u00f3n social y productiva de quienes se encuentran en proceso de cumplir una sanci\u00f3n.<\/p>\n\n\n\n<p>La subsecretaria Ana Sof\u00eda Aguilar Rodr\u00edguez destac\u00f3 que la reinserci\u00f3n social se mantiene como un eje fundamental para la construcci\u00f3n de comunidades m\u00e1s seguras y con mayores oportunidades, promoviendo programas en materia de educaci\u00f3n, salud, capacitaci\u00f3n laboral, as\u00ed como actividades culturales y deportivas. Con este esfuerzo institucional coordinado, San Luis Potos\u00ed contin\u00faa impulsando el cambio que se vive y se siente para que las personas puedan reconstruir su proyecto de vida con dignidad, responsabilidad y apego a la ley.<\/p>\n","protected":false},"excerpt":{"rendered":"<p>&nbsp;&nbsp; \u2022 Coordina acciones interinstitucionales para impulsar oportunidades laborales, educativas y sociales para personas privadas de la libertad. Siguiendo la instrucci\u00f3n del Gobernador Ricardo Gallardo Cardona, la Secretar\u00eda General de Gobierno (SGG) fortalece las acciones para consolidar una reinserci\u00f3n social efectiva en la entidad. A &hellip; <\/p>\n","protected":false},"author":1,"featured_media":112215,"comment_status":"open","ping_status":"open","sticky":false,"template":"","format":"standard","meta":{"footnotes":""},"categories":[13,92,91,25,89,82,14,29,87,86,67,7,78,15,55,81,16,4,73,44,26,74,10,60,30,31,59,42,53,57,43,32],"tags":[],"class_list":["post-112214","post","type-post","status-publish","format-standard","has-post-thumbnail","hentry","category-agropecuaria","category-ahualulco","category-alaquines","category-aquismon","category-armadillo","category-axtla","category-caneros","category-cnpr","category-cardenas","category-cedral","category-charcas","category-ciudad","category-ciudad-del-maiz","category-ganaderos","category-guadalcazar","category-huehuetlan","category-ingenios","category-inicio","category-lagunillas","category-matehuala","category-matlapa","category-mexquitic","category-municipios","category-rayon","category-rioverde","category-sanluispotosi","category-santa-catarina","category-soledad","category-tamazunchale","category-tanlajas","category-villa-de-reyes","category-xilitla"],"_links":{"self":[{"href":"https:\/\/amanecerhuasteco.com\/portal\/wp-json\/wp\/v2\/posts\/112214","targetHints":{"allow":["GET"]}}],"collection":[{"href":"https:\/\/amanecerhuasteco.com\/portal\/wp-json\/wp\/v2\/posts"}],"about":[{"href":"https:\/\/amanecerhuasteco.com\/portal\/wp-json\/wp\/v2\/types\/post"}],"author":[{"embeddable":true,"href":"https:\/\/amanecerhuasteco.com\/portal\/wp-json\/wp\/v2\/users\/1"}],"replies":[{"embeddable":true,"href":"https:\/\/amanecerhuasteco.com\/portal\/wp-json\/wp\/v2\/comments?post=112214"}],"version-history":[{"count":1,"href":"https:\/\/amanecerhuasteco.com\/portal\/wp-json\/wp\/v2\/posts\/112214\/revisions"}],"predecessor-version":[{"id":112216,"href":"https:\/\/amanecerhuasteco.com\/portal\/wp-json\/wp\/v2\/posts\/112214\/revisions\/112216"}],"wp:featuredmedia":[{"embeddable":true,"href":"https:\/\/amanecerhuasteco.com\/portal\/wp-json\/wp\/v2\/media\/112215"}],"wp:attachment":[{"href":"https:\/\/amanecerhuasteco.com\/portal\/wp-json\/wp\/v2\/media?parent=112214"}],"wp:term":[{"taxonomy":"category","embeddable":true,"href":"https:\/\/amanecerhuasteco.com\/portal\/wp-json\/wp\/v2\/categories?post=112214"},{"taxonomy":"post_tag","embeddable":true,"href":"https:\/\/amanecerhuasteco.com\/portal\/wp-json\/wp\/v2\/tags?post=112214"}],"curies":[{"name":"wp","href":"https:\/\/api.w.org\/{rel}","templated":true}]}}