{"id":112225,"date":"2026-03-16T09:24:43","date_gmt":"2026-03-16T15:24:43","guid":{"rendered":"https:\/\/amanecerhuasteco.com\/portal\/?p=112225"},"modified":"2026-03-16T09:24:45","modified_gmt":"2026-03-16T15:24:45","slug":"entre-columnas-703","status":"publish","type":"post","link":"https:\/\/amanecerhuasteco.com\/portal\/entre-columnas-703\/","title":{"rendered":"ENTRE COLUMNAS"},"content":{"rendered":"\n<h1 class=\"wp-block-heading\">&nbsp;<\/h1>\n\n\n\n<p>NO&nbsp; PASO INICIATIVA DE REFORMA ELECTORAL PROPUESTA POR LA PRESIDENTA.<\/p>\n\n\n\n<p>&#8211; Suertudos&nbsp; los&nbsp; remoras pol\u00edticos de&nbsp; Partidos .<\/p>\n\n\n\n<p>&#8211;&nbsp; Ahora sigue el Plan B<\/p>\n\n\n\n<p>Estaba&nbsp; anticipado por&nbsp; la propia Presidenta de&nbsp; M\u00e9xico&nbsp; una&nbsp; semana antes&nbsp; hab\u00eda advertido &nbsp;que&nbsp; ante la postura de&nbsp; partidos aliados, la iniciativa de Reforma Electoral que&nbsp; propuso&nbsp; seria rechazada&nbsp; en el pleno de la C\u00e1mara de Diputados, as\u00ed ocurri\u00f3, al no alcanzar la mayor\u00eda calificada requerida para modificar la Constituci\u00f3n. La iniciativa obtuvo 259 votos a favor y 234 en contra, adem\u00e1s de una abstenci\u00f3n.<\/p>\n\n\n\n<p>La negativa se debi\u00f3 al voto en contra del Partido del Trabajo (PT) y de parte del Partido Verde Ecologista de M\u00e9xico (PVEM), aliados tradicionales de Morena, lo que marc\u00f3 el primer desacuerdo legislativo relevante dentro de la coalici\u00f3n gobernante<\/p>\n\n\n\n<p>Legisladores de Morena anunciaron que impulsar\u00e1n un \u00abPlan B\u00bb para retomar los cambios electorales. El coordinador morenista, Ricardo Monreal, se\u00f1al\u00f3 que el rechazo representa un desacuerdo moment\u00e1neo y confi\u00f3 en reconstruir mayor\u00edas en el futuro.. El PVEM vot\u00f3 dividido, mientras que en Morena se registraron tres votos en contra y dos ausencias.<\/p>\n\n\n\n<p>++++++++++++++<\/p>\n\n\n\n<p>&nbsp;PERSONAJES&nbsp; EN EL ESCENARIO POR LA SUCESION AL GOBIERNO DEL ESTADO.<\/p>\n\n\n\n<p>-Adem\u00e1s de&nbsp;&nbsp; dos &nbsp;damas; una con mucho eso pol\u00edtico y la&nbsp;&nbsp; otra con votos cautivos.<\/p>\n\n\n\n<p>Conforme avanzan las semanas aumentaran aspirantes&nbsp; a la sucesi\u00f3n en el Gobierno del Estado, por el sector masculino al igual que con las f\u00e9minas , en el primer caso&nbsp; son tres&nbsp; los que&nbsp; aparecen p\u00fablicamente en la palestra pol\u00edtica potosina y&nbsp; las dos damas, existen otros&nbsp; nombres&nbsp; que&nbsp; a juicio popular son relleno para \u201cdar sabor al caldo\u201d&nbsp; para&nbsp; que este ejercicio no resulte&nbsp; tan aburrido. No es&nbsp; como en los&nbsp; ayuntamientos&nbsp; que hay para todos (si se aprueba la Reforma electoral&nbsp; ser\u00e1n menos)<\/p>\n\n\n\n<p>Primero las&nbsp; f\u00e9minas, si el llamado \u201cvoto cautivo\u201d fuera&nbsp; respetado el compromiso desde&nbsp; ahora&nbsp; y que los&nbsp; acuerdos recientes&nbsp;&nbsp; en la capital del&nbsp; Smog sean&nbsp; favorables a la&nbsp; Senadora&nbsp; Ruth Gonz\u00e1lez habr\u00eda la posibilidad de triunfo en las urnas de no ser&nbsp; AS\u00cd, la aun &nbsp;&nbsp;&nbsp;&nbsp;&nbsp;&nbsp;&nbsp;&nbsp; Secretaria de Gobernaci\u00f3n Rosa&nbsp; Icela&nbsp; Rodr\u00edguez llegar\u00eda con todo&nbsp; el respaldo del poder Morena y las huestes&nbsp;&nbsp; que se han organizado&nbsp; en varias partes del estado, principalmente e la&nbsp; Huasteca donde comparte&nbsp; con el empresario Tanquianero de Tanquian.<\/p>\n\n\n\n<p>Por&nbsp; cuanto a los&nbsp; caballeros, ac\u00e1&nbsp; en la&nbsp; Huasteca como es&nbsp; obvio, va&nbsp; a la cabeza&nbsp; en preferencias el&nbsp; empresario Tanquianero de&nbsp; Tanqui\u00e1n Gerardo S\u00e1nchez Zumaya por&nbsp; Morena. En la&nbsp; capital&nbsp; Tunera&nbsp; se manejan nombres del alcalde E rique Galindo y del diputado Carlos Valladares \u00e9ste&nbsp; en fechas recientes&nbsp; aparece en eventos del gobernador&nbsp; pero&nbsp; corresponde al sector empresarial potosino.<\/p>\n\n\n\n<p>++++++++<\/p>\n\n\n\n<p>USTED&nbsp; CONOCE A LA DIPUTADA LOCAL POR VALLES\u00bf<\/p>\n\n\n\n<p>&#8211;&nbsp; Estuvo en el festejo del Dia de la Mujer organizo un<\/p>\n\n\n\n<p>&nbsp;mini tianguis<\/p>\n\n\n\n<p>Pocos&nbsp; conocemos en persona a la diputada por Morena&nbsp; del distrito local XIII&nbsp; por Valles quienes&nbsp; la contactaron dijeron que su incursi\u00f3n por su distrito (Ella es vecina de El Naranjo, en Valles ning\u00fan ciudadano tuvo capacidad pol\u00edtica para ser candidato&nbsp; por ning\u00fan otro partido por la&nbsp; diputaci\u00f3n local) fue para asistir a un evento con motivo&nbsp; del d\u00eda de la&nbsp; Mujer.<\/p>\n\n\n\n<p>&nbsp; Por cierto el mercadito reuni\u00f3 a no m\u00e1s de una decena de oferentes eran<\/p>\n\n\n\n<p>beneficiarios del programa federal &nbsp;Sembrando Vida fueron instalados en la plaza principal.<\/p>\n\n\n\n<p>La representante popular es la diputada ante el Congreso del Estado Nancy Jeanine Garc\u00eda Mart\u00ednez,<\/p>\n\n\n\n<p>Ah y por si no hubiera gente capaz&nbsp; para contender&nbsp; por La&nbsp; sucesi\u00f3n municipal de Valles, la&nbsp; legisladora&nbsp; ha&nbsp; declarado&nbsp; estar dispuesta&nbsp; a&nbsp; entrar&nbsp; al quite.<\/p>\n\n\n\n<p>+++++++++++++++<\/p>\n\n\n\n<p>PR\u00c9STAMOS\u2026.<\/p>\n\n\n\n<p>de&nbsp; dinero inmediatos a pensionados<\/p>\n\n\n\n<h2 class=\"wp-block-heading\">CFE, ISSSTE.FFCC, SCT, PEMEX,<\/h2>\n\n\n\n<h2 class=\"wp-block-heading\">ACTIVOS Y JUBILADOS&nbsp; IMSS<\/h2>\n\n\n\n<p>SIN AFECTAR TARJETON Ll\u00e1menos las 24 hrs del d\u00eda<\/p>\n\n\n\n<p>LLAMENOS 481106 5098<\/p>\n\n\n\n<p>CREDITO INMEDIATO<\/p>\n\n\n\n<p>++++++++++++++<\/p>\n\n\n\n<p>CARROCERIAS&nbsp; BUSTOS<\/p>\n\n\n\n<h2 class=\"wp-block-heading\">Reforma y Lerdo de tejada Col. Altavista. Cd Valles SLP&nbsp; Tel. 3824777.En carrocer\u00edas para camiones y camionetas nadie nos compite.<\/h2>\n\n\n\n<p>++++++++++++++<\/p>\n\n\n\n<p>ZACAHUIL\u2026..<\/p>\n\n\n\n<p>Por Voy E. Charles.<\/p>\n\n\n\n<p>DE PLACEMES&nbsp; los&nbsp; r\u00e9moras&nbsp; pol\u00edticos&nbsp; que&nbsp; sobreviven como diputados o Senadores&nbsp; plurinominales&nbsp; saltando de un cargo a otro, estuvieron en un tris&nbsp; de los partidos&nbsp; que se distinguen por tener en sus filas&nbsp; esta clase de bichos celebran su aparente triunfo, pero la Presidenta&nbsp; ya&nbsp; afina el PLAN B.<\/p>\n\n\n\n<p>Lo prometido es deuda, aqu\u00ed&nbsp; algo de la Ley&nbsp; chapulin potosina.&nbsp; La Comisi\u00f3n de Normatividad Legislativa y Pr\u00e1cticas Parlamentarias aprobaron el dictamen que reforma el art\u00edculo 44 de la Ley Org\u00e1nica del Poder Legislativo del Estado de San Luis Potos\u00ed, relacionado a la incorporaci\u00f3n de&nbsp; los legisladores en los diferentes Grupos Parlamentarios, propuesta por el diputado Marco Antonio Gama.&nbsp; La Ley Chapul\u00edn; establece que los diputados podr\u00e1n cambiar de bancada, o&nbsp; sea podr\u00e1n separarse del partido que los postul\u00f3 para la legislatura y sumarse a otra fuerza pol\u00edtica. VIL CHAPULIN.<\/p>\n\n\n\n<p>Comentario;&nbsp; Se acabo&nbsp; aquella frase&nbsp; muy trillada entre los&nbsp;&nbsp; priistas&nbsp; que&nbsp; dec\u00edan \u201csoy priista por convicci\u00f3n\u201d&nbsp;<\/p>\n\n\n\n<p>SE&nbsp; ACABO LA CONVICCION, SI&nbsp; SE\u00d1OR\u2026..Ahora todo es por conveniencia pol\u00edtica\u2026\u2026\u2026\u2026..<\/p>\n\n\n\n<p>Muy cierto; lo vi y escuche.<\/p>\n\n\n\n<p>QUE&nbsp; DIJO EL&nbsp; GOBERNADOR&nbsp; ROCHA CORDERO A LOS PRIISTAS VALLENSES aquel aciago d\u00eda&nbsp; que&nbsp; el Jefe priista&nbsp; se&nbsp; dign\u00f3 recibir a los Huastequitos.<\/p>\n\n\n\n<p>&nbsp;Ah&nbsp; primero, el candidato tricolor a la alcald\u00eda de Valles &nbsp;era&nbsp; el estimado ingeniero HECTOR GONZALEZ LARRAGA ca\u00f1ero y pilar fundador de la Asociaci\u00f3n de ca\u00f1eros del Ingenio&nbsp; naciente Plan de Ayala, mientras el adversario apoyado por otro grupo ca\u00f1ero era el millonario tambi\u00e9n ca\u00f1ero y pol\u00edtico&nbsp; Javier Gallegos Hern\u00e1ndez, como candidato Independiente despert\u00f3 a la ciudadan\u00eda, como su registro no cubr\u00eda los requisitos ante las autoridades electorales, los priistas&nbsp; detectaron el pronunciamiento del gobierno del estado de ese entonces&nbsp; hacia&nbsp; el Independiente,,, pr\u00f3xima semana finalizamos.<\/p>\n\n\n\n<p>CANCELAN FERIA DE VILLA DE REYES&nbsp; POR&nbsp; FALTA DE AGUA \u2026.. (falta de confianza, inviten a los \u201cexpositores\u201d de la&nbsp; cerveza de la feria de Valles, problema solucionado)<\/p>\n\n\n\n<p>&nbsp; El alcalde de V de Reyes afirm\u00f3 que se perforar\u00e1 un nuevo pozo s\u00f3lo hasta que se garantice el acceso al vital l\u00edquido, se reanudar\u00e1n las festividades municipales, la suspensi\u00f3n de la Feria del Queso debido a la falta de agua potable en la cabecera municipal.<\/p>\n\n\n\n<p>+++++++++++++<\/p>\n\n\n\n<p>CIUDADANIA TEME MAS A LA POLICIA QUE A DELINCUENTES.<\/p>\n\n\n\n<p>&#8211;&nbsp; Janeth M\u00e1rquez, madre de uno de los j\u00f3venes lament\u00f3&nbsp; \u201cYa no vamos a salir tranquilos\u201d<\/p>\n\n\n\n<p>Mientras la&nbsp; vocer\u00eda oficial del Estado presume la calificaci\u00f3n un lugar preferencial en Seguridad p\u00fablica, la ciudadan\u00eda&nbsp; acusa a los elementos de&nbsp; la&nbsp; Guardia civil de abusos de autoridad&nbsp; y otros hechos&nbsp; que&nbsp; son callados bajo amenazas&nbsp; seg\u00fan las denuncias de&nbsp; las v\u00edctimas, si es justo reconocer&nbsp; que&nbsp; la delincuencia&nbsp; ha&nbsp; bajado su \u00edndice de criminalidad pero otros datos echan por la borda&nbsp; el trabajo bien realizado.<\/p>\n\n\n\n<p>La Ciudadana &nbsp;Janeth M\u00e1rquez&nbsp; madre&nbsp; de&nbsp; uno d los j\u00f3venes agredidos por policias&nbsp; estatales&nbsp; de&nbsp; la Guardia Civil denunci\u00f3 que su hijo de&nbsp; 15 a\u00f1os &nbsp;sali\u00f3 a dejar a su novia y cuando retornaba a su hogar fue interceptado junto a un amigo por al menos cinco elementos de la corporaci\u00f3n estatal. Declaro ante la<\/p>\n\n\n\n<p>Fiscal\u00eda por las agresiones contra dos menores de 15 a\u00f1os,&nbsp; cometidas por elementos de la Guardia Civil Estatal en Ciudad Valles ambos adolescentes fueron sometidos y golpeados durante m\u00e1s de media hora, mientras se encontraban tirados en el piso. Eso no fue todo, el mimo testimonio de la familiar; &nbsp;\u201cLes dijeron que los iban a entregar a la ma\u00f1a y les pidieron sus direcciones, amenazando con matar a sus pap\u00e1s si denunciaban la brutal agresi\u00f3n\u201d,<\/p>\n\n\n\n<p>\u201cFINCA&nbsp; SAN ISIDRO\u201d<\/p>\n\n\n\n<h2 class=\"wp-block-heading\">Sal\u00f3n para fiestas de todo tipo.<\/h2>\n\n\n\n<p>Carretera Valles \u2013 R\u00edo Verde Km. 8&nbsp;&nbsp; Contrataciones al Tel. 01 481<\/p>\n\n\n\n<p>++++++++++++<\/p>\n\n\n\n<p>TRASCIENDE LA FIESTA&nbsp; ANUAL DE VALLES.<\/p>\n\n\n\n<p>La publicaci\u00f3n con sede en la capital Tunera sube a redes sociales lo siguiente;<\/p>\n\n\n\n<p>De pesito en pesito se llena el puerquito<\/p>\n\n\n\n<p><a href=\"https:\/\/www.facebook.com\/profile.php?id=100063732772817&amp;__cft__%5b0%5d=AZbV0oZtVI_HNmSXK7w_SIx5rKvAmUHFXUvUwVMIlwcFa_NCSw1XvM4cAlJ7OJf-1yP1gJNO-8rDBEaXd4RWRzalwp2SY2zHJzUZH5JANwSqEq-aJS0IBov-O1KY91bzeITaAYHnnbkMD8k4MS8IYPactCMCY6EMeBPjbmu4ZYgTooWAPETMyiYChBU7UVgC33-F7OS5g8V-OgT9ygGp6zKbhZK9a0XR_UdM_PUdpnisnQ&amp;__tn__=-UC%2CP-y-R\">SAN LUIS Informa<\/a>&nbsp;&nbsp;\u00b7&nbsp;<\/p>\n\n\n\n<p>\ud835\uddd6\ud835\uddee\ud835\uddff\ud835\ude01\ud835\uddf2\ud835\uddf9\ud835\uddf2\ud835\uddff\ud835\uddee \ud835\uddf1\ud835\uddf2 \ud835\uddf9\ud835\uddee \ud835\uddf3\ud835\uddf2\ud835\uddff\ud835\uddf6\ud835\uddee \ud835\uddf1\ud835\uddf2 \ud835\uddd6\ud835\uddf6\ud835\ude02\ud835\uddf1\ud835\uddee\ud835\uddf1 \ud835\udde9\ud835\uddee\ud835\uddf9\ud835\uddf9\ud835\uddf2\ud835\ude00, \ud835\uddf2\ud835\uddf9 \ud835\uddfb\ud835\uddf2\ud835\uddf4\ud835\uddfc\ud835\uddf0\ud835\uddf6\ud835\uddfc \ud835\uddfa\ud835\uddf6\ud835\uddf9\ud835\uddf9\ud835\uddfc\ud835\uddfb\ud835\uddee\ud835\uddff\ud835\uddf6\ud835\uddfc \ud835\uddee \ud835\uddf9\ud835\uddfc\ud835\ude00 \ud835\uddef\ud835\uddfc\ud835\uddf9\ud835\ude00\ud835\uddf6\ud835\uddf9\ud835\uddf9\ud835\uddfc \ud835\uddf1\ud835\uddf2 \u2026\u2026..<\/p>\n\n\n\n<p>Un desfalco m\u00e1s \u2026..&nbsp; que genera controversia debido a la discrepancia entre el costo anunciado y el costo real.<\/p>\n\n\n\n<p>Seg\u00fan informes, el Municipio de Ciudad Valles gastar\u00e1 30 millones de pesos en artistas, cuando en realidad el costo total es de 12 millones de pesos.<\/p>\n\n\n\n<p>Esto representa una ganancia de 18 millones de pesos para el presidente municipal y su familia, quienes est\u00e1n utilizando una triangulaci\u00f3n de facturas para obtener este beneficio.<\/p>\n\n\n\n<p>El fraude ser\u00e1 a trav\u00e9s de un tercero quien fungir\u00e1 como promotor de la feria, se encargar\u00e1 de pagar a los artistas el costo real con dinero del Municipio le pagara el resto que finalmente llegara a sus bolsillos.<\/p>\n\n\n\n<p>La calidad de los artistas seleccionados es cuestionada por la ciudadan\u00eda, considera que la cartelera no justifica el costo anunciado\u2026\u2026etc&nbsp; etc<\/p>\n\n\n\n<p>&nbsp; PAGINA DE&nbsp; LUIS JUAREZ<\/p>\n\n\n\n<p>++++++++++++++<\/p>\n\n\n\n<p>NO SON LOS TIEMPOS POLITICOS, PERO ANDAN EN CAMPA\u00d1A SIMULADA.<\/p>\n\n\n\n<p>A&nbsp; nivel nacional se&nbsp; dice&nbsp; que no habr\u00e1 nepotismo&nbsp; en la sucesi\u00f3n gubernamental potosina pero al&nbsp; estilo de la Chimostrufia,&nbsp; conforme&nbsp; digo una cosa, digo&nbsp; otra,&nbsp; as\u00ed est\u00e1n los dirigentes, se&nbsp; mueven&nbsp; seg\u00fan soplan los&nbsp; vaivenes&nbsp; de la pol\u00edtica all\u00e1 donde se deciden quien va&nbsp; y quienes se quedaran con las gana, esperar&nbsp; otros seis a\u00f1os u olvidar por sus&nbsp; antecedentes su sue\u00f1o&nbsp; guajiro de amasar fortuna al amparo de&nbsp; una gubernatura.<\/p>\n\n\n\n<p>En la alta nomenclatura el Partido del P\u00e1jaro&nbsp; ya habr\u00eda pactado acuerdos con Morena&nbsp; para que en SLP el nepotismo fuera&nbsp; enterrado&nbsp;&nbsp; y dar lugar a&nbsp; otro procedimiento,&nbsp; sin embargo la Senadora&nbsp; sigue firme entre militantes&nbsp; Verdes&nbsp; que ya hasta la proclaman eventos p\u00fablicos como GOBERNADORA,&nbsp; esto ocurri\u00f3 la semana pasada en Axtla durante el festejo (que nunca se festejaba) en Dia de la Mujer .<\/p>\n\n\n\n<p>+++++++++++<\/p>\n\n\n\n<p>\u201cCAF\u00c9 Y RESTAURANT&nbsp;<\/p>\n\n\n\n<p>EL FAROLITO<\/p>\n\n\n\n<p>Lo mejor de la cocina Huasteca;<\/p>\n\n\n\n<p>el tradicional zacahuil y cazueladas .Atendemos toda clase de&nbsp; festejos. Pedidos al Tel&nbsp; 3821017 Ciudad Valles SLP<\/p>\n\n\n\n<p>Prestamos urgentes&nbsp; llamar&nbsp; cel&nbsp; 4811065098<\/p>\n\n\n\n<p>+++++++++++++<\/p>\n\n\n\n<p>D E&nbsp; V O L A D A .<\/p>\n\n\n\n<p>\u00bfPor qu\u00e9 sucede la par\u00e1lisis facial?<\/p>\n\n\n\n<p>* Esta condici\u00f3n ocurre por una interrupci\u00f3n en el funcionamiento del nervio facial<\/p>\n\n\n\n<p>&nbsp; La par\u00e1lisis facial es una condici\u00f3n que puede afectar profundamente la vida de una persona, ya que altera el movimiento de los m\u00fasculos de la cara y, en consecuencia, la expresi\u00f3n facial, el habla e incluso la capacidad de cerrar un ojo o sonre\u00edr. Aunque muchas veces aparece de forma repentina y sin causa aparente, la par\u00e1lisis facial tiene or\u00edgenes bien definidos desde el punto de vista m\u00e9dico.<\/p>\n\n\n\n<p>\u00bfQu\u00e9 es la par\u00e1lisis facial?<\/p>\n\n\n\n<p>La par\u00e1lisis facial ocurre cuando hay una interrupci\u00f3n en el funcionamiento del&nbsp;nervio facial&nbsp;(tambi\u00e9n llamado s\u00e9ptimo par craneal), que es el responsable de controlar los m\u00fasculos del rostro. Este nervio tambi\u00e9n participa en funciones como la producci\u00f3n de l\u00e1grimas, saliva y la percepci\u00f3n del gusto en parte de la lengua. Cuando este nervio se inflama, se comprime o se da\u00f1a, se pierde el control voluntario de los m\u00fasculos faciales, lo que provoca par\u00e1lisis parcial o total de un lado de la cara, aunque en casos raros puede afectar ambos lados.<\/p>\n\n\n\n<p>Causas comunes de la par\u00e1lisis facial<\/p>\n\n\n\n<p>Una de las causas m\u00e1s frecuentes es la&nbsp;par\u00e1lisis de Bell, una condici\u00f3n de origen desconocido, aunque se cree que puede estar relacionada con una reactivaci\u00f3n del virus del herpes simple, que afecta el nervio facial y lo inflama. Este tipo de par\u00e1lisis suele aparecer de manera repentina y, en la mayor\u00eda de los casos, mejora con tratamiento y tiempo.<\/p>\n\n\n\n<p>Otras causas pueden incluir:<\/p>\n\n\n\n<ul class=\"wp-block-list\">\n<li>Infecciones virales\u00a0como el herpes z\u00f3ster (que causa el s\u00edndrome de Ramsay Hunt), mononucleosis o citomegalovirus.<\/li>\n\n\n\n<li>Traumatismos craneales\u00a0o lesiones en el rostro que da\u00f1an directamente el nervio facial.<\/li>\n\n\n\n<li>Tumores, especialmente aquellos que crecen cerca del o\u00eddo o en la base del cr\u00e1neo, pueden presionar el nervio facial.<\/li>\n\n\n\n<li>Accidentes cerebrovasculares (ACV), aunque en este caso suelen acompa\u00f1arse de otros s\u00edntomas neurol\u00f3gicos.<\/li>\n\n\n\n<li>Cirug\u00edas otorrinolaringol\u00f3gicas\u00a0o dentales que afecten accidentalmente el nervio.<\/li>\n\n\n\n<li>Enfermedades autoinmunes\u00a0como el s\u00edndrome de Guillain-Barr\u00e9, que atacan los nervios perif\u00e9ricos.<\/li>\n<\/ul>\n\n\n\n<p>Factores de riesgo y poblaci\u00f3n vulnerable<\/p>\n\n\n\n<p>Aunque la par\u00e1lisis facial puede afectar a cualquier persona, ciertos factores aumentan el riesgo: infecciones previas por virus, diabetes, hipertensi\u00f3n, embarazo (especialmente en el tercer trimestre), y antecedentes familiares. Adem\u00e1s, el estr\u00e9s y la baja en las defensas del sistema inmunol\u00f3gico pueden facilitar la reactivaci\u00f3n de ciertos virus que afectan el nervio facial.<\/p>\n\n\n\n<p>Importancia del diagn\u00f3stico y tratamiento<\/p>\n\n\n\n<p>El tratamiento depende de la causa. En casos de par\u00e1lisis de Bell, se utilizan corticosteroides para reducir la inflamaci\u00f3n, antivirales si se sospecha de origen viral, y terapia f\u00edsica para mantener la movilidad de los m\u00fasculos. Si la causa es un tumor o un accidente cerebrovascular, el abordaje ser\u00e1 diferente y m\u00e1s complejo. Es crucial acudir al m\u00e9dico ante los primeros s\u00edntomas para evitar complicaciones como da\u00f1o permanente al nervio o p\u00e9rdida de movimiento facial.<\/p>\n\n\n\n<p>&#8212;<\/p>\n","protected":false},"excerpt":{"rendered":"<p>&nbsp; NO&nbsp; PASO INICIATIVA DE REFORMA ELECTORAL PROPUESTA POR LA PRESIDENTA. &#8211; Suertudos&nbsp; los&nbsp; remoras pol\u00edticos de&nbsp; Partidos . &#8211;&nbsp; Ahora sigue el Plan B Estaba&nbsp; anticipado por&nbsp; la propia Presidenta de&nbsp; M\u00e9xico&nbsp; una&nbsp; semana antes&nbsp; hab\u00eda advertido &nbsp;que&nbsp; ante la postura de&nbsp; partidos aliados, &hellip; <\/p>\n","protected":false},"author":1,"featured_media":110919,"comment_status":"open","ping_status":"open","sticky":false,"template":"","format":"standard","meta":{"footnotes":""},"categories":[17],"tags":[],"class_list":["post-112225","post","type-post","status-publish","format-standard","has-post-thumbnail","hentry","category-colaboraciones"],"_links":{"self":[{"href":"https:\/\/amanecerhuasteco.com\/portal\/wp-json\/wp\/v2\/posts\/112225","targetHints":{"allow":["GET"]}}],"collection":[{"href":"https:\/\/amanecerhuasteco.com\/portal\/wp-json\/wp\/v2\/posts"}],"about":[{"href":"https:\/\/amanecerhuasteco.com\/portal\/wp-json\/wp\/v2\/types\/post"}],"author":[{"embeddable":true,"href":"https:\/\/amanecerhuasteco.com\/portal\/wp-json\/wp\/v2\/users\/1"}],"replies":[{"embeddable":true,"href":"https:\/\/amanecerhuasteco.com\/portal\/wp-json\/wp\/v2\/comments?post=112225"}],"version-history":[{"count":1,"href":"https:\/\/amanecerhuasteco.com\/portal\/wp-json\/wp\/v2\/posts\/112225\/revisions"}],"predecessor-version":[{"id":112226,"href":"https:\/\/amanecerhuasteco.com\/portal\/wp-json\/wp\/v2\/posts\/112225\/revisions\/112226"}],"wp:featuredmedia":[{"embeddable":true,"href":"https:\/\/amanecerhuasteco.com\/portal\/wp-json\/wp\/v2\/media\/110919"}],"wp:attachment":[{"href":"https:\/\/amanecerhuasteco.com\/portal\/wp-json\/wp\/v2\/media?parent=112225"}],"wp:term":[{"taxonomy":"category","embeddable":true,"href":"https:\/\/amanecerhuasteco.com\/portal\/wp-json\/wp\/v2\/categories?post=112225"},{"taxonomy":"post_tag","embeddable":true,"href":"https:\/\/amanecerhuasteco.com\/portal\/wp-json\/wp\/v2\/tags?post=112225"}],"curies":[{"name":"wp","href":"https:\/\/api.w.org\/{rel}","templated":true}]}}