{"id":112227,"date":"2026-03-17T08:11:00","date_gmt":"2026-03-17T14:11:00","guid":{"rendered":"https:\/\/amanecerhuasteco.com\/portal\/?p=112227"},"modified":"2026-03-17T08:11:02","modified_gmt":"2026-03-17T14:11:02","slug":"estado-impulsa-coordinacion-para-fortalecer-el-aeropuerto-de-tamuin","status":"publish","type":"post","link":"https:\/\/amanecerhuasteco.com\/portal\/estado-impulsa-coordinacion-para-fortalecer-el-aeropuerto-de-tamuin\/","title":{"rendered":"Estado impulsa coordinaci\u00f3n para fortalecer el aeropuerto de Tamu\u00edn"},"content":{"rendered":"\n<p><\/p>\n\n\n\n<p><strong>&nbsp;&nbsp;&nbsp; \u2022 La reuni\u00f3n consultiva permiti\u00f3 revisar avances y sumar esfuerzos entre autoridades y sectores productivos para fortalecer la conectividad a\u00e9rea en la Huasteca Potosina.<\/strong><\/p>\n\n\n\n<p>Con el respaldo sin l\u00edmites del Gobernador Ricardo Gallardo Cardona para fortalecer la conectividad a\u00e9rea en San Luis Potos\u00ed, la titular de la Secretar\u00eda de Turismo (Sectur), Yolanda Josefina Cepeda Echavarr\u00eda, encabez\u00f3 la Tercera Reuni\u00f3n Consultiva del Aeropuerto Nacional de Tamu\u00edn, realizada en esta terminal a\u00e9rea. El encuentro permiti\u00f3 dar seguimiento a diversos trabajos orientados a ratificar el cambio que se vive y se siente con el crecimiento tur\u00edstico y econ\u00f3mico de la Huasteca.<\/p>\n\n\n\n<p>En la sesi\u00f3n participaron autoridades municipales y del aeropuerto, as\u00ed como representantes de c\u00e1maras empresariales, comerciales, del Ej\u00e9rcito Mexicano y de la Guardia Nacional (GN). Durante el di\u00e1logo revisaron avances y reforzaron la coordinaci\u00f3n para mejorar la operaci\u00f3n, seguridad y promoci\u00f3n de esta infraestructura estrat\u00e9gica.<\/p>\n\n\n\n<p>Tambi\u00e9n se presentaron los avances del proyecto de ampliaci\u00f3n que en breve iniciar\u00e1 la federaci\u00f3n en el Aeropuerto Nacional de Tamu\u00edn. La obra cuenta con seguimiento del Gobierno del Estado y busca ampliar las oportunidades de conectividad, turismo y actividad econ\u00f3mica para la Huasteca.<\/p>\n","protected":false},"excerpt":{"rendered":"<p>&nbsp;&nbsp;&nbsp; \u2022 La reuni\u00f3n consultiva permiti\u00f3 revisar avances y sumar esfuerzos entre autoridades y sectores productivos para fortalecer la conectividad a\u00e9rea en la Huasteca Potosina. Con el respaldo sin l\u00edmites del Gobernador Ricardo Gallardo Cardona para fortalecer la conectividad a\u00e9rea en San Luis Potos\u00ed, la &hellip; <\/p>\n","protected":false},"author":1,"featured_media":112228,"comment_status":"open","ping_status":"open","sticky":false,"template":"","format":"standard","meta":{"footnotes":""},"categories":[13,14,28,7,15,16,4,10,12,31,20],"tags":[],"class_list":["post-112227","post","type-post","status-publish","format-standard","has-post-thumbnail","hentry","category-agropecuaria","category-caneros","category-cnc","category-ciudad","category-ganaderos","category-ingenios","category-inicio","category-municipios","category-nacional","category-sanluispotosi","category-tamuin"],"_links":{"self":[{"href":"https:\/\/amanecerhuasteco.com\/portal\/wp-json\/wp\/v2\/posts\/112227","targetHints":{"allow":["GET"]}}],"collection":[{"href":"https:\/\/amanecerhuasteco.com\/portal\/wp-json\/wp\/v2\/posts"}],"about":[{"href":"https:\/\/amanecerhuasteco.com\/portal\/wp-json\/wp\/v2\/types\/post"}],"author":[{"embeddable":true,"href":"https:\/\/amanecerhuasteco.com\/portal\/wp-json\/wp\/v2\/users\/1"}],"replies":[{"embeddable":true,"href":"https:\/\/amanecerhuasteco.com\/portal\/wp-json\/wp\/v2\/comments?post=112227"}],"version-history":[{"count":1,"href":"https:\/\/amanecerhuasteco.com\/portal\/wp-json\/wp\/v2\/posts\/112227\/revisions"}],"predecessor-version":[{"id":112229,"href":"https:\/\/amanecerhuasteco.com\/portal\/wp-json\/wp\/v2\/posts\/112227\/revisions\/112229"}],"wp:featuredmedia":[{"embeddable":true,"href":"https:\/\/amanecerhuasteco.com\/portal\/wp-json\/wp\/v2\/media\/112228"}],"wp:attachment":[{"href":"https:\/\/amanecerhuasteco.com\/portal\/wp-json\/wp\/v2\/media?parent=112227"}],"wp:term":[{"taxonomy":"category","embeddable":true,"href":"https:\/\/amanecerhuasteco.com\/portal\/wp-json\/wp\/v2\/categories?post=112227"},{"taxonomy":"post_tag","embeddable":true,"href":"https:\/\/amanecerhuasteco.com\/portal\/wp-json\/wp\/v2\/tags?post=112227"}],"curies":[{"name":"wp","href":"https:\/\/api.w.org\/{rel}","templated":true}]}}