{"id":112236,"date":"2026-03-17T08:23:19","date_gmt":"2026-03-17T14:23:19","guid":{"rendered":"https:\/\/amanecerhuasteco.com\/portal\/?p=112236"},"modified":"2026-03-17T08:23:21","modified_gmt":"2026-03-17T14:23:21","slug":"coordinacion-eficaz-entre-gobierno-estatal-y-municipios-con-poblacion-indigena","status":"publish","type":"post","link":"https:\/\/amanecerhuasteco.com\/portal\/coordinacion-eficaz-entre-gobierno-estatal-y-municipios-con-poblacion-indigena\/","title":{"rendered":"Coordinaci\u00f3n eficaz entre gobierno estatal y municipios con poblaci\u00f3n ind\u00edgena"},"content":{"rendered":"\n<p><\/p>\n\n\n\n<p><strong>&nbsp;&nbsp;&nbsp; \u2022 El fortalecimiento de las Direcciones de Asuntos Ind\u00edgenas refleja el compromiso del Estado con la atenci\u00f3n integral de las comunidades originarias.<\/strong><\/p>\n\n\n\n<p>Bajo el liderazgo del Gobernador Ricardo Gallardo Cardona, el Instituto de Desarrollo Humano y Social de los Pueblos y Comunidades Ind\u00edgenas (Indepi) consolid\u00f3 la coordinaci\u00f3n entre el Estado y los municipios con poblaci\u00f3n ind\u00edgena, mediante una reuni\u00f3n de trabajo en Ciudad del Ma\u00edz. Durante este encuentro, se reforzaron las capacidades de gesti\u00f3n y operatividad de las Direcciones de Asuntos Ind\u00edgenas, asegurando un trabajo m\u00e1s efectivo y cercano a la poblaci\u00f3n que representan.<\/p>\n\n\n\n<p>La jornada incluy\u00f3 la revisi\u00f3n de programas culturales y una capacitaci\u00f3n en materia de Derechos Laborales de las Mujeres, con la participaci\u00f3n de la Secretar\u00eda del Trabajo y Previsi\u00f3n Social (STPS). La titular de la dependencia, Bernarda Reyes Hern\u00e1ndez, destac\u00f3 que estas acciones permiten establecer alianzas s\u00f3lidas y fomentar el cambio que se vive y se siente, promoviendo entornos de equidad y respeto en beneficio de las comunidades ind\u00edgenas.<\/p>\n\n\n\n<p>Con estas estrategias, las direcciones fortalecen su labor transversal e integral, garantizando atenci\u00f3n coordinada, oportuna y pertinente, siempre en el marco de pol\u00edticas sin l\u00edmites que buscan impactar positivamente la vida de quienes m\u00e1s lo necesitan.<\/p>\n","protected":false},"excerpt":{"rendered":"<p>&nbsp;&nbsp;&nbsp; \u2022 El fortalecimiento de las Direcciones de Asuntos Ind\u00edgenas refleja el compromiso del Estado con la atenci\u00f3n integral de las comunidades originarias. Bajo el liderazgo del Gobernador Ricardo Gallardo Cardona, el Instituto de Desarrollo Humano y Social de los Pueblos y Comunidades Ind\u00edgenas (Indepi) &hellip; <\/p>\n","protected":false},"author":1,"featured_media":112237,"comment_status":"open","ping_status":"open","sticky":false,"template":"","format":"standard","meta":{"footnotes":""},"categories":[13,14,11,15,81,4,10,12,31,59,53,57,32],"tags":[],"class_list":["post-112236","post","type-post","status-publish","format-standard","has-post-thumbnail","hentry","category-agropecuaria","category-caneros","category-estado","category-ganaderos","category-huehuetlan","category-inicio","category-municipios","category-nacional","category-sanluispotosi","category-santa-catarina","category-tamazunchale","category-tanlajas","category-xilitla"],"_links":{"self":[{"href":"https:\/\/amanecerhuasteco.com\/portal\/wp-json\/wp\/v2\/posts\/112236","targetHints":{"allow":["GET"]}}],"collection":[{"href":"https:\/\/amanecerhuasteco.com\/portal\/wp-json\/wp\/v2\/posts"}],"about":[{"href":"https:\/\/amanecerhuasteco.com\/portal\/wp-json\/wp\/v2\/types\/post"}],"author":[{"embeddable":true,"href":"https:\/\/amanecerhuasteco.com\/portal\/wp-json\/wp\/v2\/users\/1"}],"replies":[{"embeddable":true,"href":"https:\/\/amanecerhuasteco.com\/portal\/wp-json\/wp\/v2\/comments?post=112236"}],"version-history":[{"count":1,"href":"https:\/\/amanecerhuasteco.com\/portal\/wp-json\/wp\/v2\/posts\/112236\/revisions"}],"predecessor-version":[{"id":112238,"href":"https:\/\/amanecerhuasteco.com\/portal\/wp-json\/wp\/v2\/posts\/112236\/revisions\/112238"}],"wp:featuredmedia":[{"embeddable":true,"href":"https:\/\/amanecerhuasteco.com\/portal\/wp-json\/wp\/v2\/media\/112237"}],"wp:attachment":[{"href":"https:\/\/amanecerhuasteco.com\/portal\/wp-json\/wp\/v2\/media?parent=112236"}],"wp:term":[{"taxonomy":"category","embeddable":true,"href":"https:\/\/amanecerhuasteco.com\/portal\/wp-json\/wp\/v2\/categories?post=112236"},{"taxonomy":"post_tag","embeddable":true,"href":"https:\/\/amanecerhuasteco.com\/portal\/wp-json\/wp\/v2\/tags?post=112236"}],"curies":[{"name":"wp","href":"https:\/\/api.w.org\/{rel}","templated":true}]}}