{"id":113183,"date":"2026-04-27T08:38:36","date_gmt":"2026-04-27T14:38:36","guid":{"rendered":"https:\/\/amanecerhuasteco.com\/portal\/?p=113183"},"modified":"2026-04-27T08:38:38","modified_gmt":"2026-04-27T14:38:38","slug":"alcalde-de-santa-catarina-reconoce-la-participacion-del-equipo-de-futbol-de-primarias","status":"publish","type":"post","link":"https:\/\/amanecerhuasteco.com\/portal\/alcalde-de-santa-catarina-reconoce-la-participacion-del-equipo-de-futbol-de-primarias\/","title":{"rendered":"Alcalde de Santa Catarina, reconoce la participaci\u00f3n del equipo de futbol de primarias"},"content":{"rendered":"\n<p>Santa Catarina.- Por su destacada participaci\u00f3n y gran desempe\u00f1o, el Presidente Municipal Juan Carlos Ramos y el Gobierno Municipal de Santa Catarina felicitan a los ni\u00f1os integrantes del equipo de f\u00fatbol de la Escuela Primaria Ind\u00edgena Emiliano Zapata, de la comunidad de La Encantada.<\/p>\n\n\n\n<p>Lo anterior por obtener el primer lugar en la categor\u00eda varonil del torneo deportivo de la zona 101 de primarias de nuestro municipio.<\/p>\n\n\n\n<p>Reconocemos su esfuerzo, disciplina y entusiasmo, que hoy se reflejan en este importante logro. <\/p>\n\n\n\n<p>El deporte fortalece la sana convivencia y motiva a nuestras ni\u00f1as y ni\u00f1os a seguir prepar\u00e1ndose y luchando por sus metas<\/p>\n","protected":false},"excerpt":{"rendered":"<p>Santa Catarina.- Por su destacada participaci\u00f3n y gran desempe\u00f1o, el Presidente Municipal Juan Carlos Ramos y el Gobierno Municipal de Santa Catarina felicitan a los ni\u00f1os integrantes del equipo de f\u00fatbol de la Escuela Primaria Ind\u00edgena Emiliano Zapata, de la comunidad de La Encantada. Lo &hellip; <\/p>\n","protected":false},"author":1,"featured_media":113184,"comment_status":"open","ping_status":"open","sticky":false,"template":"","format":"standard","meta":{"footnotes":""},"categories":[13,11,15,4,10,12,59],"tags":[],"class_list":["post-113183","post","type-post","status-publish","format-standard","has-post-thumbnail","hentry","category-agropecuaria","category-estado","category-ganaderos","category-inicio","category-municipios","category-nacional","category-santa-catarina"],"_links":{"self":[{"href":"https:\/\/amanecerhuasteco.com\/portal\/wp-json\/wp\/v2\/posts\/113183","targetHints":{"allow":["GET"]}}],"collection":[{"href":"https:\/\/amanecerhuasteco.com\/portal\/wp-json\/wp\/v2\/posts"}],"about":[{"href":"https:\/\/amanecerhuasteco.com\/portal\/wp-json\/wp\/v2\/types\/post"}],"author":[{"embeddable":true,"href":"https:\/\/amanecerhuasteco.com\/portal\/wp-json\/wp\/v2\/users\/1"}],"replies":[{"embeddable":true,"href":"https:\/\/amanecerhuasteco.com\/portal\/wp-json\/wp\/v2\/comments?post=113183"}],"version-history":[{"count":1,"href":"https:\/\/amanecerhuasteco.com\/portal\/wp-json\/wp\/v2\/posts\/113183\/revisions"}],"predecessor-version":[{"id":113185,"href":"https:\/\/amanecerhuasteco.com\/portal\/wp-json\/wp\/v2\/posts\/113183\/revisions\/113185"}],"wp:featuredmedia":[{"embeddable":true,"href":"https:\/\/amanecerhuasteco.com\/portal\/wp-json\/wp\/v2\/media\/113184"}],"wp:attachment":[{"href":"https:\/\/amanecerhuasteco.com\/portal\/wp-json\/wp\/v2\/media?parent=113183"}],"wp:term":[{"taxonomy":"category","embeddable":true,"href":"https:\/\/amanecerhuasteco.com\/portal\/wp-json\/wp\/v2\/categories?post=113183"},{"taxonomy":"post_tag","embeddable":true,"href":"https:\/\/amanecerhuasteco.com\/portal\/wp-json\/wp\/v2\/tags?post=113183"}],"curies":[{"name":"wp","href":"https:\/\/api.w.org\/{rel}","templated":true}]}}