{"id":113199,"date":"2026-04-27T08:56:00","date_gmt":"2026-04-27T14:56:00","guid":{"rendered":"https:\/\/amanecerhuasteco.com\/portal\/?p=113199"},"modified":"2026-04-27T08:56:02","modified_gmt":"2026-04-27T14:56:02","slug":"estado-realiza-acciones-de-prevencion-en-comunidades-xiuy","status":"publish","type":"post","link":"https:\/\/amanecerhuasteco.com\/portal\/estado-realiza-acciones-de-prevencion-en-comunidades-xiuy\/","title":{"rendered":"Estado realiza acciones de prevenci\u00f3n en comunidades Xi&#8217;uy"},"content":{"rendered":"\n<p>En el marco del mes del activismo por infancias y adolescencias y siguiendo la instrucci\u00f3n del Gobernador Ricardo Gallardo Cardona, el Instituto de Desarrollo Humano y Social de los Pueblos y Comunidades Ind\u00edgenas (Indepi) conmemor\u00f3 el D\u00eda Mundial contra la Esclavitud Infantil en 2 escuelas primarias de las comunidades de Lagunita de la Guacamaya y San Juan del Llano, en Ciudad del Ma\u00edz.<br>La titular del Instituto, Bernarda Reyes Hern\u00e1ndez, inform\u00f3 que, durante las actividades, ni\u00f1as, ni\u00f1os y adolescentes Xi\u2019iuy, as\u00ed como madres y padres de familia, participaron en una obra de teatro con t\u00edteres y material did\u00e1ctico, mediante la cual se abordaron temas de prevenci\u00f3n de la esclavitud infantil, promoviendo la reflexi\u00f3n sobre la libertad, la dignidad y la protecci\u00f3n sin l\u00edmites de las infancias y juventudes ind\u00edgenas.<br>Asimismo, reconoci\u00f3 la disposici\u00f3n de las autoridades comunitarias y municipales para sumarse a estas acciones, fortaleciendo el trabajo conjunto que permite avanzar en la protecci\u00f3n de ni\u00f1as, ni\u00f1os y adolescentes, consolidando el cambio que se vive y se siente con entornos m\u00e1s seguros y con mayores oportunidades para las infancias ind\u00edgenas.<\/p>\n","protected":false},"excerpt":{"rendered":"<p>En el marco del mes del activismo por infancias y adolescencias y siguiendo la instrucci\u00f3n del Gobernador Ricardo Gallardo Cardona, el Instituto de Desarrollo Humano y Social de los Pueblos y Comunidades Ind\u00edgenas (Indepi) conmemor\u00f3 el D\u00eda Mundial contra la Esclavitud Infantil en 2 escuelas &hellip; <\/p>\n","protected":false},"author":1,"featured_media":113200,"comment_status":"open","ping_status":"open","sticky":false,"template":"","format":"standard","meta":{"footnotes":""},"categories":[13,14,28,29,87,78,11,15,4,73,10,12,60,66,30,31,59,21],"tags":[],"class_list":["post-113199","post","type-post","status-publish","format-standard","has-post-thumbnail","hentry","category-agropecuaria","category-caneros","category-cnc","category-cnpr","category-cardenas","category-ciudad-del-maiz","category-estado","category-ganaderos","category-inicio","category-lagunillas","category-municipios","category-nacional","category-rayon","category-rayon-2","category-rioverde","category-sanluispotosi","category-santa-catarina","category-tamasopo"],"_links":{"self":[{"href":"https:\/\/amanecerhuasteco.com\/portal\/wp-json\/wp\/v2\/posts\/113199","targetHints":{"allow":["GET"]}}],"collection":[{"href":"https:\/\/amanecerhuasteco.com\/portal\/wp-json\/wp\/v2\/posts"}],"about":[{"href":"https:\/\/amanecerhuasteco.com\/portal\/wp-json\/wp\/v2\/types\/post"}],"author":[{"embeddable":true,"href":"https:\/\/amanecerhuasteco.com\/portal\/wp-json\/wp\/v2\/users\/1"}],"replies":[{"embeddable":true,"href":"https:\/\/amanecerhuasteco.com\/portal\/wp-json\/wp\/v2\/comments?post=113199"}],"version-history":[{"count":1,"href":"https:\/\/amanecerhuasteco.com\/portal\/wp-json\/wp\/v2\/posts\/113199\/revisions"}],"predecessor-version":[{"id":113201,"href":"https:\/\/amanecerhuasteco.com\/portal\/wp-json\/wp\/v2\/posts\/113199\/revisions\/113201"}],"wp:featuredmedia":[{"embeddable":true,"href":"https:\/\/amanecerhuasteco.com\/portal\/wp-json\/wp\/v2\/media\/113200"}],"wp:attachment":[{"href":"https:\/\/amanecerhuasteco.com\/portal\/wp-json\/wp\/v2\/media?parent=113199"}],"wp:term":[{"taxonomy":"category","embeddable":true,"href":"https:\/\/amanecerhuasteco.com\/portal\/wp-json\/wp\/v2\/categories?post=113199"},{"taxonomy":"post_tag","embeddable":true,"href":"https:\/\/amanecerhuasteco.com\/portal\/wp-json\/wp\/v2\/tags?post=113199"}],"curies":[{"name":"wp","href":"https:\/\/api.w.org\/{rel}","templated":true}]}}