{"id":113207,"date":"2026-04-28T06:48:00","date_gmt":"2026-04-28T12:48:00","guid":{"rendered":"https:\/\/amanecerhuasteco.com\/portal\/?p=113207"},"modified":"2026-04-28T06:48:02","modified_gmt":"2026-04-28T12:48:02","slug":"senadora-y-alcalde-de-valles-celebran-a-la-ninez","status":"publish","type":"post","link":"https:\/\/amanecerhuasteco.com\/portal\/senadora-y-alcalde-de-valles-celebran-a-la-ninez\/","title":{"rendered":"Senadora y Alcalde de Valles celebran a la ni\u00f1ez."},"content":{"rendered":"\n<p>DAVID MEDINA Y RUTH GONZ\u00c1LEZ CELEBRAN A LA NI\u00d1EZ VALLENSE CON ALEGR\u00cdA Y COMPROMISO<\/p>\n\n\n\n<p>CIUDAD VALLES, S.L.P.\u2013 En el marco del D\u00eda del Ni\u00f1o y la Ni\u00f1a, el Presidente Municipal David Armando Medina Salazar, con la asistencia especial de la Senadora Ruth Gonz\u00e1lez Silva, y acompa\u00f1ado de la Presidenta del Sistema Municipal DIF, Ena Avenda\u00f1o Uscanga, encabez\u00f3 el festejo dedicado a la ni\u00f1ez vallense, reafirmando el compromiso de su gobierno con el bienestar y desarrollo de las nuevas generaciones.<\/p>\n\n\n\n<p>Cientos de familias se dieron cita en el Lienzo Charro \u00abEl Caporal\u00bb para celebrar a las ni\u00f1as y ni\u00f1os de Ciudad Valles, quienes disfrutaron con alegr\u00eda de las din\u00e1micas, sorpresas y del show de botargas, adem\u00e1s de recibir juguetes, bolsas de dulces y un aperitivo.<\/p>\n\n\n\n<p>Durante su mensaje, el Alcalde David Medina destac\u00f3 que la ni\u00f1ez representa el motor que impulsa el trabajo diario de su administraci\u00f3n, destacando que su gobierno mantiene como prioridad generar condiciones que permitan a las y los menores crecer en un entorno seguro, con oportunidades y bienestar.<\/p>\n\n\n\n<p>Agradeci\u00f3 la presencia y el respaldo de la Senadora Ruth Gonz\u00e1lez y del Gobierno del Estado, que dirige el Gobernador Ricardo Gallardo Cardona, por sumar esfuerzos en favor de las familias vallenses.<\/p>\n\n\n\n<p>Por su parte, la Senadora Ruth Gonz\u00e1lez Silva resalt\u00f3 la importancia del trabajo en equipo entre los distintos niveles de gobierno para llevar beneficios reales a la poblaci\u00f3n, especialmente a la ni\u00f1ez, que hoy en d\u00eda las ni\u00f1as y ni\u00f1os cuentan con mayores apoyos, como acceso a programas sociales, servicios de salud y mejores condiciones de movilidad, resultado del trabajo coordinado con el Gobierno del Estado.<\/p>\n\n\n\n<p>Durante el desarrollo del evento se contaron con diversos m\u00f3dulos de hidrataci\u00f3n y de corporaciones de auxilio. En la celebraci\u00f3n a las ni\u00f1as y ni\u00f1os estuvieron presentes la Secretaria de Desarrollo Social y Regional en el Estado, Rosario Mart\u00ednez Galarza; David Medina Avenda\u00f1o, hijo de las autoridades municipales, y cientos de familias vallenses.<\/p>\n","protected":false},"excerpt":{"rendered":"<p>DAVID MEDINA Y RUTH GONZ\u00c1LEZ CELEBRAN A LA NI\u00d1EZ VALLENSE CON ALEGR\u00cdA Y COMPROMISO CIUDAD VALLES, S.L.P.\u2013 En el marco del D\u00eda del Ni\u00f1o y la Ni\u00f1a, el Presidente Municipal David Armando Medina Salazar, con la asistencia especial de la Senadora Ruth Gonz\u00e1lez Silva, y &hellip; <\/p>\n","protected":false},"author":1,"featured_media":113208,"comment_status":"open","ping_status":"open","sticky":false,"template":"","format":"standard","meta":{"footnotes":""},"categories":[13,14,28,29,7,11,15,16,4,10,12,6],"tags":[],"class_list":["post-113207","post","type-post","status-publish","format-standard","has-post-thumbnail","hentry","category-agropecuaria","category-caneros","category-cnc","category-cnpr","category-ciudad","category-estado","category-ganaderos","category-ingenios","category-inicio","category-municipios","category-nacional","category-noticias"],"_links":{"self":[{"href":"https:\/\/amanecerhuasteco.com\/portal\/wp-json\/wp\/v2\/posts\/113207","targetHints":{"allow":["GET"]}}],"collection":[{"href":"https:\/\/amanecerhuasteco.com\/portal\/wp-json\/wp\/v2\/posts"}],"about":[{"href":"https:\/\/amanecerhuasteco.com\/portal\/wp-json\/wp\/v2\/types\/post"}],"author":[{"embeddable":true,"href":"https:\/\/amanecerhuasteco.com\/portal\/wp-json\/wp\/v2\/users\/1"}],"replies":[{"embeddable":true,"href":"https:\/\/amanecerhuasteco.com\/portal\/wp-json\/wp\/v2\/comments?post=113207"}],"version-history":[{"count":1,"href":"https:\/\/amanecerhuasteco.com\/portal\/wp-json\/wp\/v2\/posts\/113207\/revisions"}],"predecessor-version":[{"id":113209,"href":"https:\/\/amanecerhuasteco.com\/portal\/wp-json\/wp\/v2\/posts\/113207\/revisions\/113209"}],"wp:featuredmedia":[{"embeddable":true,"href":"https:\/\/amanecerhuasteco.com\/portal\/wp-json\/wp\/v2\/media\/113208"}],"wp:attachment":[{"href":"https:\/\/amanecerhuasteco.com\/portal\/wp-json\/wp\/v2\/media?parent=113207"}],"wp:term":[{"taxonomy":"category","embeddable":true,"href":"https:\/\/amanecerhuasteco.com\/portal\/wp-json\/wp\/v2\/categories?post=113207"},{"taxonomy":"post_tag","embeddable":true,"href":"https:\/\/amanecerhuasteco.com\/portal\/wp-json\/wp\/v2\/tags?post=113207"}],"curies":[{"name":"wp","href":"https:\/\/api.w.org\/{rel}","templated":true}]}}