{"id":113216,"date":"2026-04-28T08:28:07","date_gmt":"2026-04-28T14:28:07","guid":{"rendered":"https:\/\/amanecerhuasteco.com\/portal\/?p=113216"},"modified":"2026-04-28T08:28:10","modified_gmt":"2026-04-28T14:28:10","slug":"estado-refuerza-respuesta-ante-incendios-forestales","status":"publish","type":"post","link":"https:\/\/amanecerhuasteco.com\/portal\/estado-refuerza-respuesta-ante-incendios-forestales\/","title":{"rendered":"Estado refuerza respuesta ante incendios forestales"},"content":{"rendered":"\n<p><\/p>\n\n\n\n<p><strong>&nbsp;&nbsp; \u2022 Mantiene coordinaci\u00f3n permanente con autoridades y brigadistas para atender siniestros, proteger a la poblaci\u00f3n y reducir afectaciones al medio ambiente.<\/strong><\/p>\n\n\n\n<p>Bajo la encomienda del Gobernador Ricardo Gallardo Cardona de responder con oportunidad durante la temporada de calor, la Coordinaci\u00f3n Estatal de Protecci\u00f3n Civil inform\u00f3 que en lo que va del a\u00f1o se han registrado 70 incendios forestales con afectaciones en alrededor de 22 mil hect\u00e1reas, por lo que se mantiene un trabajo sin l\u00edmites para atender emergencias y salvaguardar a las familias potosinas.<\/p>\n\n\n\n<p>El titular de la dependencia, Mauricio Ordaz Flores, se\u00f1al\u00f3 que la intensa ola de calor, que se extender\u00e1 hasta el 30 de abril, ha favorecido la presencia de nuevos siniestros, como los reportados en Ciudad del Ma\u00edz y Guadalc\u00e1zar. El primero ya fue liquidado, mientras que en la comunidad de N\u00fa\u00f1ez contin\u00faan las labores con avance importante en su control, gracias al esfuerzo conjunto entre brigadistas, corporaciones de auxilio y autoridades de los tres niveles de Gobierno.<\/p>\n\n\n\n<p>Protecci\u00f3n Civil trabaja de manera coordinada con la Comisi\u00f3n Nacional Forestal (CONAFOR), Secretar\u00eda de Ecolog\u00eda y Gesti\u00f3n Ambiental (Segam), cuerpos de bomberos y ayuntamientos, adem\u00e1s de impulsar acciones preventivas dentro del Sistema de Alerta Temprana por Incendios Forestales. Con respuesta oportuna y vigilancia permanente, se fortalece el cambio que se vive y se siente, priorizando la seguridad de las personas y el cuidado del entorno natural.<\/p>\n","protected":false},"excerpt":{"rendered":"<p>&nbsp;&nbsp; \u2022 Mantiene coordinaci\u00f3n permanente con autoridades y brigadistas para atender siniestros, proteger a la poblaci\u00f3n y reducir afectaciones al medio ambiente. Bajo la encomienda del Gobernador Ricardo Gallardo Cardona de responder con oportunidad durante la temporada de calor, la Coordinaci\u00f3n Estatal de Protecci\u00f3n Civil &hellip; <\/p>\n","protected":false},"author":1,"featured_media":113218,"comment_status":"open","ping_status":"open","sticky":false,"template":"","format":"standard","meta":{"footnotes":""},"categories":[13,92,91,25,89,82,14,28,29,87,86,67,7,78,62,56,15,55,81,4,73,44,26,74,10,12,60,30,31,59,42,53,57,43,32],"tags":[],"class_list":["post-113216","post","type-post","status-publish","format-standard","has-post-thumbnail","hentry","category-agropecuaria","category-ahualulco","category-alaquines","category-aquismon","category-armadillo","category-axtla","category-caneros","category-cnc","category-cnpr","category-cardenas","category-cedral","category-charcas","category-ciudad","category-ciudad-del-maiz","category-ciudad-fernandez","category-el-naranjo","category-ganaderos","category-guadalcazar","category-huehuetlan","category-inicio","category-lagunillas","category-matehuala","category-matlapa","category-mexquitic","category-municipios","category-nacional","category-rayon","category-rioverde","category-sanluispotosi","category-santa-catarina","category-soledad","category-tamazunchale","category-tanlajas","category-villa-de-reyes","category-xilitla"],"_links":{"self":[{"href":"https:\/\/amanecerhuasteco.com\/portal\/wp-json\/wp\/v2\/posts\/113216","targetHints":{"allow":["GET"]}}],"collection":[{"href":"https:\/\/amanecerhuasteco.com\/portal\/wp-json\/wp\/v2\/posts"}],"about":[{"href":"https:\/\/amanecerhuasteco.com\/portal\/wp-json\/wp\/v2\/types\/post"}],"author":[{"embeddable":true,"href":"https:\/\/amanecerhuasteco.com\/portal\/wp-json\/wp\/v2\/users\/1"}],"replies":[{"embeddable":true,"href":"https:\/\/amanecerhuasteco.com\/portal\/wp-json\/wp\/v2\/comments?post=113216"}],"version-history":[{"count":1,"href":"https:\/\/amanecerhuasteco.com\/portal\/wp-json\/wp\/v2\/posts\/113216\/revisions"}],"predecessor-version":[{"id":113219,"href":"https:\/\/amanecerhuasteco.com\/portal\/wp-json\/wp\/v2\/posts\/113216\/revisions\/113219"}],"wp:featuredmedia":[{"embeddable":true,"href":"https:\/\/amanecerhuasteco.com\/portal\/wp-json\/wp\/v2\/media\/113218"}],"wp:attachment":[{"href":"https:\/\/amanecerhuasteco.com\/portal\/wp-json\/wp\/v2\/media?parent=113216"}],"wp:term":[{"taxonomy":"category","embeddable":true,"href":"https:\/\/amanecerhuasteco.com\/portal\/wp-json\/wp\/v2\/categories?post=113216"},{"taxonomy":"post_tag","embeddable":true,"href":"https:\/\/amanecerhuasteco.com\/portal\/wp-json\/wp\/v2\/tags?post=113216"}],"curies":[{"name":"wp","href":"https:\/\/api.w.org\/{rel}","templated":true}]}}