{"id":113220,"date":"2026-04-28T08:32:28","date_gmt":"2026-04-28T14:32:28","guid":{"rendered":"https:\/\/amanecerhuasteco.com\/portal\/?p=113220"},"modified":"2026-04-28T08:32:30","modified_gmt":"2026-04-28T14:32:30","slug":"sege-aclara-que-no-habra-mega-puente","status":"publish","type":"post","link":"https:\/\/amanecerhuasteco.com\/portal\/sege-aclara-que-no-habra-mega-puente\/","title":{"rendered":"SEGE aclara que no habr\u00e1 mega puente"},"content":{"rendered":"\n<p><\/p>\n\n\n\n<ul class=\"wp-block-list\">\n<li><strong>Confirm\u00f3 que \u00fanicamente ser\u00e1n inh\u00e1biles el 1 y 5 de mayo, conforme a lo establecido en el calendario oficial 2025-2026.<\/strong><\/li>\n<\/ul>\n\n\n\n<p>La Secretar\u00eda de Educaci\u00f3n de Gobierno del Estado (SEGE) aclar\u00f3 que no habr\u00e1 mega puente durante los pr\u00f3ximos d\u00edas. Conforme al calendario escolar vigente, solo ser\u00e1n de descanso obligatorio el 1 y 5 de mayo, descartando la posibilidad de un mega puente.<\/p>\n\n\n\n<p>La dependencia detall\u00f3 que, ante los rumores, las actividades escolares se desarrollar\u00e1n con normalidad hasta el 30 de abril. Posteriormente, el viernes 1 de mayo no habr\u00e1 clases por conmemoraci\u00f3n oficial, mientras que el lunes 4 de mayo las y los estudiantes deber\u00e1n presentarse en las aulas de manera regular.<\/p>\n\n\n\n<p>Asimismo, el martes 5 de mayo ser\u00e1 d\u00eda inh\u00e1bil y el mi\u00e9rcoles 6 de mayo se retomar\u00e1n labores acad\u00e9micas en todos los planteles de educaci\u00f3n b\u00e1sica. Con informaci\u00f3n oportuna y orden en el sistema educativo, se privilegia el aprendizaje y la certeza para las familias potosinas.<\/p>\n","protected":false},"excerpt":{"rendered":"<p>La Secretar\u00eda de Educaci\u00f3n de Gobierno del Estado (SEGE) aclar\u00f3 que no habr\u00e1 mega puente durante los pr\u00f3ximos d\u00edas. Conforme al calendario escolar vigente, solo ser\u00e1n de descanso obligatorio el 1 y 5 de mayo, descartando la posibilidad de un mega puente. La dependencia detall\u00f3 &hellip; <\/p>\n","protected":false},"author":1,"featured_media":113221,"comment_status":"open","ping_status":"open","sticky":false,"template":"","format":"standard","meta":{"footnotes":""},"categories":[13,92,91,25,89,82,14,28,87,86,67,7,78,62,15,55,81,4,73,44,26,74,10,12,60,30,31,59,42,53,57,43,32],"tags":[],"class_list":["post-113220","post","type-post","status-publish","format-standard","has-post-thumbnail","hentry","category-agropecuaria","category-ahualulco","category-alaquines","category-aquismon","category-armadillo","category-axtla","category-caneros","category-cnc","category-cardenas","category-cedral","category-charcas","category-ciudad","category-ciudad-del-maiz","category-ciudad-fernandez","category-ganaderos","category-guadalcazar","category-huehuetlan","category-inicio","category-lagunillas","category-matehuala","category-matlapa","category-mexquitic","category-municipios","category-nacional","category-rayon","category-rioverde","category-sanluispotosi","category-santa-catarina","category-soledad","category-tamazunchale","category-tanlajas","category-villa-de-reyes","category-xilitla"],"_links":{"self":[{"href":"https:\/\/amanecerhuasteco.com\/portal\/wp-json\/wp\/v2\/posts\/113220","targetHints":{"allow":["GET"]}}],"collection":[{"href":"https:\/\/amanecerhuasteco.com\/portal\/wp-json\/wp\/v2\/posts"}],"about":[{"href":"https:\/\/amanecerhuasteco.com\/portal\/wp-json\/wp\/v2\/types\/post"}],"author":[{"embeddable":true,"href":"https:\/\/amanecerhuasteco.com\/portal\/wp-json\/wp\/v2\/users\/1"}],"replies":[{"embeddable":true,"href":"https:\/\/amanecerhuasteco.com\/portal\/wp-json\/wp\/v2\/comments?post=113220"}],"version-history":[{"count":1,"href":"https:\/\/amanecerhuasteco.com\/portal\/wp-json\/wp\/v2\/posts\/113220\/revisions"}],"predecessor-version":[{"id":113222,"href":"https:\/\/amanecerhuasteco.com\/portal\/wp-json\/wp\/v2\/posts\/113220\/revisions\/113222"}],"wp:featuredmedia":[{"embeddable":true,"href":"https:\/\/amanecerhuasteco.com\/portal\/wp-json\/wp\/v2\/media\/113221"}],"wp:attachment":[{"href":"https:\/\/amanecerhuasteco.com\/portal\/wp-json\/wp\/v2\/media?parent=113220"}],"wp:term":[{"taxonomy":"category","embeddable":true,"href":"https:\/\/amanecerhuasteco.com\/portal\/wp-json\/wp\/v2\/categories?post=113220"},{"taxonomy":"post_tag","embeddable":true,"href":"https:\/\/amanecerhuasteco.com\/portal\/wp-json\/wp\/v2\/tags?post=113220"}],"curies":[{"name":"wp","href":"https:\/\/api.w.org\/{rel}","templated":true}]}}