{"id":113223,"date":"2026-04-28T08:52:29","date_gmt":"2026-04-28T14:52:29","guid":{"rendered":"https:\/\/amanecerhuasteco.com\/portal\/?p=113223"},"modified":"2026-04-28T08:52:31","modified_gmt":"2026-04-28T14:52:31","slug":"movilidad-estudiantil-de-la-uaslp-abre-horizontes-academicos-y-culturales-en-el-extranjero","status":"publish","type":"post","link":"https:\/\/amanecerhuasteco.com\/portal\/movilidad-estudiantil-de-la-uaslp-abre-horizontes-academicos-y-culturales-en-el-extranjero\/","title":{"rendered":"Movilidad estudiantil de la UASLP abre horizontes acad\u00e9micos y culturales en el extranjero"},"content":{"rendered":"\n<p><\/p>\n\n\n\n<p>La experiencia de movilidad internacional representa una oportunidad clave para ampliar la formaci\u00f3n acad\u00e9mica y personal de las y los estudiantes. En este sentido, la Universidad Aut\u00f3noma de San Luis Potos\u00ed (UASLP) genera oportunidades que permiten a su comunidad integrarse a entornos educativos globales, como es el caso de Rodrigo Betancourt, alumno de Ingenier\u00eda Mec\u00e1nica Administrativa de la Facultad de Ingenier\u00eda, quien actualmente realiza una estancia en Florencia, Italia.<\/p>\n\n\n\n<p>El universitario comparti\u00f3 que su inter\u00e9s por participar en un programa de movilidad surgi\u00f3 a partir del aprendizaje del idioma italiano, el cual comenz\u00f3 como un pasatiempo. \u201cEmpec\u00e9 a estudiar italiano hace dos a\u00f1os como hobby, pero al explorar la p\u00e1gina de movilidad de la Universidad vi que exist\u00eda un convenio con la Universidad de Florencia y decid\u00ed intentarlo\u201d, explic\u00f3.<\/p>\n\n\n\n<p>Tras cumplir con los requisitos y completar el proceso, Rodrigo fue aceptado para cursar un periodo acad\u00e9mico en el extranjero, donde actualmente toma asignaturas vinculadas a \u00e1reas como arquitectura, dise\u00f1o y evaluaci\u00f3n de proyectos. \u201cEstoy cursando materias que no son exactamente de ingenier\u00eda, pero que se relacionan con costos y evaluaci\u00f3n de proyectos, lo que me ha permitido ampliar mi panorama acad\u00e9mico\u201d, se\u00f1al\u00f3.<\/p>\n\n\n\n<p>Adem\u00e1s del aprendizaje en el aula, destac\u00f3 que la experiencia le ha brindado la oportunidad de convivir con estudiantes de distintos contextos y disciplinas. \u201cHe podido conocer personas de diferentes trasfondos acad\u00e9micos y ver c\u00f3mo abordan problem\u00e1ticas desde otras perspectivas y desde una cultura completamente distinta\u201d, coment\u00f3.<\/p>\n\n\n\n<p>Rodrigo permanecer\u00e1 en Italia hasta finales de julio, con la intenci\u00f3n de reincorporarse a sus actividades acad\u00e9micas en la UASLP a inicios de agosto. Para \u00e9l, uno de los aspectos m\u00e1s significativos de esta experiencia ha sido el proceso de adaptaci\u00f3n a una nueva cultura. \u201cNo ha sido sencillo; al principio fue dif\u00edcil estar lejos de mi familia y empezar de cero, pero tambi\u00e9n ha sido muy enriquecedor aprender a relacionarme con personas que tienen formas distintas de convivir\u201d, expres\u00f3.<\/p>\n\n\n\n<p>Finalmente, subray\u00f3 que la movilidad internacional no solo contribuye al desarrollo acad\u00e9mico, sino tambi\u00e9n al crecimiento personal. \u201cLo m\u00e1s valioso ha sido conocer otra cultura y conectar con personas diferentes; eso te abre la mente y te permite crecer en todos los sentidos\u201d, concluy\u00f3.<\/p>\n","protected":false},"excerpt":{"rendered":"<p>La experiencia de movilidad internacional representa una oportunidad clave para ampliar la formaci\u00f3n acad\u00e9mica y personal de las y los estudiantes. En este sentido, la Universidad Aut\u00f3noma de San Luis Potos\u00ed (UASLP) genera oportunidades que permiten a su comunidad integrarse a entornos educativos globales, como &hellip; <\/p>\n","protected":false},"author":1,"featured_media":113224,"comment_status":"open","ping_status":"open","sticky":false,"template":"","format":"standard","meta":{"footnotes":""},"categories":[13,92,91,25,89,82,14,28,29,87,86,67,7,78,62,56,11,15,55,81,4,73,44,26,74,60,30,31,59,42,53,57,43,32],"tags":[],"class_list":["post-113223","post","type-post","status-publish","format-standard","has-post-thumbnail","hentry","category-agropecuaria","category-ahualulco","category-alaquines","category-aquismon","category-armadillo","category-axtla","category-caneros","category-cnc","category-cnpr","category-cardenas","category-cedral","category-charcas","category-ciudad","category-ciudad-del-maiz","category-ciudad-fernandez","category-el-naranjo","category-estado","category-ganaderos","category-guadalcazar","category-huehuetlan","category-inicio","category-lagunillas","category-matehuala","category-matlapa","category-mexquitic","category-rayon","category-rioverde","category-sanluispotosi","category-santa-catarina","category-soledad","category-tamazunchale","category-tanlajas","category-villa-de-reyes","category-xilitla"],"_links":{"self":[{"href":"https:\/\/amanecerhuasteco.com\/portal\/wp-json\/wp\/v2\/posts\/113223","targetHints":{"allow":["GET"]}}],"collection":[{"href":"https:\/\/amanecerhuasteco.com\/portal\/wp-json\/wp\/v2\/posts"}],"about":[{"href":"https:\/\/amanecerhuasteco.com\/portal\/wp-json\/wp\/v2\/types\/post"}],"author":[{"embeddable":true,"href":"https:\/\/amanecerhuasteco.com\/portal\/wp-json\/wp\/v2\/users\/1"}],"replies":[{"embeddable":true,"href":"https:\/\/amanecerhuasteco.com\/portal\/wp-json\/wp\/v2\/comments?post=113223"}],"version-history":[{"count":1,"href":"https:\/\/amanecerhuasteco.com\/portal\/wp-json\/wp\/v2\/posts\/113223\/revisions"}],"predecessor-version":[{"id":113225,"href":"https:\/\/amanecerhuasteco.com\/portal\/wp-json\/wp\/v2\/posts\/113223\/revisions\/113225"}],"wp:featuredmedia":[{"embeddable":true,"href":"https:\/\/amanecerhuasteco.com\/portal\/wp-json\/wp\/v2\/media\/113224"}],"wp:attachment":[{"href":"https:\/\/amanecerhuasteco.com\/portal\/wp-json\/wp\/v2\/media?parent=113223"}],"wp:term":[{"taxonomy":"category","embeddable":true,"href":"https:\/\/amanecerhuasteco.com\/portal\/wp-json\/wp\/v2\/categories?post=113223"},{"taxonomy":"post_tag","embeddable":true,"href":"https:\/\/amanecerhuasteco.com\/portal\/wp-json\/wp\/v2\/tags?post=113223"}],"curies":[{"name":"wp","href":"https:\/\/api.w.org\/{rel}","templated":true}]}}