{"id":113238,"date":"2026-04-29T07:16:59","date_gmt":"2026-04-29T13:16:59","guid":{"rendered":"https:\/\/amanecerhuasteco.com\/portal\/?p=113238"},"modified":"2026-04-29T07:17:02","modified_gmt":"2026-04-29T13:17:02","slug":"continuidad-en-el-plan-de-trabajo-de-la-coordinacion-estatal-de-proteccion-civil","status":"publish","type":"post","link":"https:\/\/amanecerhuasteco.com\/portal\/continuidad-en-el-plan-de-trabajo-de-la-coordinacion-estatal-de-proteccion-civil\/","title":{"rendered":"Continuidad en el plan de trabajo de la coordinaci\u00f3n estatal de protecci\u00f3n civil"},"content":{"rendered":"\n<p><\/p>\n\n\n\n<p><strong>&nbsp;&nbsp;&nbsp; \u2022 El comandante Mauricio Ordaz Flores, presenta su renuncia por motivos de salud; su lugar ser\u00e1 ocupado por el Subdirector Operativo, C\u00e9sar Manuel Rocha Moreno<\/strong><\/p>\n\n\n\n<p>El Gobierno del Estado, confirma la continuidad en los planes y programas que actualmente se mantienen en la Coordinaci\u00f3n Estatal de Protecci\u00f3n Civil, luego de la salida del comandante Mauricio Ordaz Flores, quien present\u00f3 su renuncia por motivos de salud.<\/p>\n\n\n\n<p>Por lo anterior, a partir de este d\u00eda queda como encargado de despacho, C\u00e9sar Manuel Rocha Moreno, quien se ven\u00eda desempe\u00f1ando como Subdirector operativo de la dependencia estatal con una amplia trayectoria en el \u00e1mbito de protecci\u00f3n civil.<\/p>\n\n\n\n<p>El comandante Ordaz Flores, imprimi\u00f3 un trabajo din\u00e1mico y muy operativo desde que asumi\u00f3 el cargo el pasado 23 de febrero del a\u00f1o 2022 con resultados que fueron reconocidos por autoridades de los tres \u00f3rdenes de Gobierno.<\/p>\n\n\n\n<p>Este d\u00eda, agradeci\u00f3 al personal que estuvo a su cargo, la entrega, el profesionalismo y el profundo amor a la instituci\u00f3n que se tradujo en el cumplimiento a las metas y objetivos trazados.<\/p>\n","protected":false},"excerpt":{"rendered":"<p>&nbsp;&nbsp;&nbsp; \u2022 El comandante Mauricio Ordaz Flores, presenta su renuncia por motivos de salud; su lugar ser\u00e1 ocupado por el Subdirector Operativo, C\u00e9sar Manuel Rocha Moreno El Gobierno del Estado, confirma la continuidad en los planes y programas que actualmente se mantienen en la Coordinaci\u00f3n &hellip; <\/p>\n","protected":false},"author":1,"featured_media":113239,"comment_status":"open","ping_status":"open","sticky":false,"template":"","format":"standard","meta":{"footnotes":""},"categories":[13,92,91,82,14,28,29,87,86,67,7,78,62,56,11,55,81,4,73,44,26,74,10,12,60,30,31,59,42,53,57,43,32],"tags":[],"class_list":["post-113238","post","type-post","status-publish","format-standard","has-post-thumbnail","hentry","category-agropecuaria","category-ahualulco","category-alaquines","category-axtla","category-caneros","category-cnc","category-cnpr","category-cardenas","category-cedral","category-charcas","category-ciudad","category-ciudad-del-maiz","category-ciudad-fernandez","category-el-naranjo","category-estado","category-guadalcazar","category-huehuetlan","category-inicio","category-lagunillas","category-matehuala","category-matlapa","category-mexquitic","category-municipios","category-nacional","category-rayon","category-rioverde","category-sanluispotosi","category-santa-catarina","category-soledad","category-tamazunchale","category-tanlajas","category-villa-de-reyes","category-xilitla"],"_links":{"self":[{"href":"https:\/\/amanecerhuasteco.com\/portal\/wp-json\/wp\/v2\/posts\/113238","targetHints":{"allow":["GET"]}}],"collection":[{"href":"https:\/\/amanecerhuasteco.com\/portal\/wp-json\/wp\/v2\/posts"}],"about":[{"href":"https:\/\/amanecerhuasteco.com\/portal\/wp-json\/wp\/v2\/types\/post"}],"author":[{"embeddable":true,"href":"https:\/\/amanecerhuasteco.com\/portal\/wp-json\/wp\/v2\/users\/1"}],"replies":[{"embeddable":true,"href":"https:\/\/amanecerhuasteco.com\/portal\/wp-json\/wp\/v2\/comments?post=113238"}],"version-history":[{"count":1,"href":"https:\/\/amanecerhuasteco.com\/portal\/wp-json\/wp\/v2\/posts\/113238\/revisions"}],"predecessor-version":[{"id":113240,"href":"https:\/\/amanecerhuasteco.com\/portal\/wp-json\/wp\/v2\/posts\/113238\/revisions\/113240"}],"wp:featuredmedia":[{"embeddable":true,"href":"https:\/\/amanecerhuasteco.com\/portal\/wp-json\/wp\/v2\/media\/113239"}],"wp:attachment":[{"href":"https:\/\/amanecerhuasteco.com\/portal\/wp-json\/wp\/v2\/media?parent=113238"}],"wp:term":[{"taxonomy":"category","embeddable":true,"href":"https:\/\/amanecerhuasteco.com\/portal\/wp-json\/wp\/v2\/categories?post=113238"},{"taxonomy":"post_tag","embeddable":true,"href":"https:\/\/amanecerhuasteco.com\/portal\/wp-json\/wp\/v2\/tags?post=113238"}],"curies":[{"name":"wp","href":"https:\/\/api.w.org\/{rel}","templated":true}]}}