{"id":113242,"date":"2026-04-29T07:23:33","date_gmt":"2026-04-29T13:23:33","guid":{"rendered":"https:\/\/amanecerhuasteco.com\/portal\/?p=113242"},"modified":"2026-04-29T07:23:35","modified_gmt":"2026-04-29T13:23:35","slug":"convocan-a-comunicadores-potosinos-a-participar-en-el-premio-estatal-de-periodismo-2026","status":"publish","type":"post","link":"https:\/\/amanecerhuasteco.com\/portal\/convocan-a-comunicadores-potosinos-a-participar-en-el-premio-estatal-de-periodismo-2026\/","title":{"rendered":"Convocan a comunicadores potosinos a participar en el premio estatal de periodismo 2026"},"content":{"rendered":"\n<p><\/p>\n\n\n\n<ul class=\"wp-block-list\">\n<li><strong>Gracias a la actualizaci\u00f3n del decreto impulsada por el Gobierno de Ricardo Gallardo, que increment\u00f3 las categor\u00edas y los est\u00edmulos econ\u00f3micos, el Comit\u00e9 Organizador prev\u00e9 una edici\u00f3n r\u00e9cord en registros.<\/strong><\/li>\n<\/ul>\n\n\n\n<p>El Comit\u00e9 Organizador del Premio Estatal de Periodismo extiende una cordial invitaci\u00f3n a las y los profesionales de la comunicaci\u00f3n en San Luis Potos\u00ed para integrarse a la edici\u00f3n 2026 de este certamen, el cual busca reconocer lo mejor del ejercicio informativo realizado en las cuatro regiones del Estado.<\/p>\n\n\n\n<p>El Comit\u00e9 destac\u00f3 que, derivado de la actualizaci\u00f3n que el Gobierno de Ricardo Gallardo Cardona realiz\u00f3 al decreto de creaci\u00f3n de estos premios, se aument\u00f3 el n\u00famero de categor\u00edas y el monto econ\u00f3mico a los ganadores, por lo que las \u00faltimas ediciones han registrado un incremento constante en la participaci\u00f3n y para este 2026 se proyecta romper el r\u00e9cord hist\u00f3rico de registros.<\/p>\n\n\n\n<p>Para facilitar el registro de trabajos participantes se han habilitado tres v\u00edas de recepci\u00f3n durante los d\u00edas mi\u00e9rcoles 29 y jueves 30 de abril de 2026: el registro en l\u00ednea a trav\u00e9s de la plataforma oficial del certamen, la entrega presencial en el Centro Potosino de Tecnolog\u00eda Educativa ubicado en la calle Ismael Salas n\u00famero 215 en un horario de 9:00 a 14:00 horas, y el env\u00edo por mensajer\u00eda especializada, el cual ser\u00e1 validado siempre que el matasellos cumpla con la fecha l\u00edmite.<\/p>\n\n\n\n<p>En el caso del registro en l\u00ednea a trav\u00e9s de http:\/\/cpte.gob.mx\/premioestataldeperiodismo2026\/registro.php, se recomienda a las y los periodistas copiar o escribir el enlace directamente en su navegador. Si intentan acceder al sitio haciendo clic desde WhatsApp, es posible que se produzca un error debido a restricciones de seguridad.<\/p>\n\n\n\n<p>Podr\u00e1n participar trabajos publicados en medios impresos, radio, televisi\u00f3n y plataformas digitales que hayan sido difundidos entre el 5 de mayo de 2025 y el 30 de abril de 2026. Se otorgar\u00e1n premios de 70 mil pesos para los primeros lugares, 50 mil para los segundos y 30 mil para los terceros de cada categor\u00eda, mientras que el ganador \u00fanico al M\u00e9rito Period\u00edstico por trayectoria recibir\u00e1 la cantidad de 100 mil pesos.<\/p>\n","protected":false},"excerpt":{"rendered":"<p>El Comit\u00e9 Organizador del Premio Estatal de Periodismo extiende una cordial invitaci\u00f3n a las y los profesionales de la comunicaci\u00f3n en San Luis Potos\u00ed para integrarse a la edici\u00f3n 2026 de este certamen, el cual busca reconocer lo mejor del ejercicio informativo realizado en las &hellip; <\/p>\n","protected":false},"author":1,"featured_media":113084,"comment_status":"open","ping_status":"open","sticky":false,"template":"","format":"standard","meta":{"footnotes":""},"categories":[13,92,91,25,89,82,14,86,67,7,78,62,56,55,81,4,73,44,26,74,10,12,60,30,31,59,42,53,57,43,32],"tags":[],"class_list":["post-113242","post","type-post","status-publish","format-standard","has-post-thumbnail","hentry","category-agropecuaria","category-ahualulco","category-alaquines","category-aquismon","category-armadillo","category-axtla","category-caneros","category-cedral","category-charcas","category-ciudad","category-ciudad-del-maiz","category-ciudad-fernandez","category-el-naranjo","category-guadalcazar","category-huehuetlan","category-inicio","category-lagunillas","category-matehuala","category-matlapa","category-mexquitic","category-municipios","category-nacional","category-rayon","category-rioverde","category-sanluispotosi","category-santa-catarina","category-soledad","category-tamazunchale","category-tanlajas","category-villa-de-reyes","category-xilitla"],"_links":{"self":[{"href":"https:\/\/amanecerhuasteco.com\/portal\/wp-json\/wp\/v2\/posts\/113242","targetHints":{"allow":["GET"]}}],"collection":[{"href":"https:\/\/amanecerhuasteco.com\/portal\/wp-json\/wp\/v2\/posts"}],"about":[{"href":"https:\/\/amanecerhuasteco.com\/portal\/wp-json\/wp\/v2\/types\/post"}],"author":[{"embeddable":true,"href":"https:\/\/amanecerhuasteco.com\/portal\/wp-json\/wp\/v2\/users\/1"}],"replies":[{"embeddable":true,"href":"https:\/\/amanecerhuasteco.com\/portal\/wp-json\/wp\/v2\/comments?post=113242"}],"version-history":[{"count":1,"href":"https:\/\/amanecerhuasteco.com\/portal\/wp-json\/wp\/v2\/posts\/113242\/revisions"}],"predecessor-version":[{"id":113243,"href":"https:\/\/amanecerhuasteco.com\/portal\/wp-json\/wp\/v2\/posts\/113242\/revisions\/113243"}],"wp:featuredmedia":[{"embeddable":true,"href":"https:\/\/amanecerhuasteco.com\/portal\/wp-json\/wp\/v2\/media\/113084"}],"wp:attachment":[{"href":"https:\/\/amanecerhuasteco.com\/portal\/wp-json\/wp\/v2\/media?parent=113242"}],"wp:term":[{"taxonomy":"category","embeddable":true,"href":"https:\/\/amanecerhuasteco.com\/portal\/wp-json\/wp\/v2\/categories?post=113242"},{"taxonomy":"post_tag","embeddable":true,"href":"https:\/\/amanecerhuasteco.com\/portal\/wp-json\/wp\/v2\/tags?post=113242"}],"curies":[{"name":"wp","href":"https:\/\/api.w.org\/{rel}","templated":true}]}}