{"id":113268,"date":"2026-04-29T21:46:05","date_gmt":"2026-04-30T03:46:05","guid":{"rendered":"https:\/\/amanecerhuasteco.com\/portal\/?p=113268"},"modified":"2026-04-29T21:46:08","modified_gmt":"2026-04-30T03:46:08","slug":"se-realizo-asamblea-ordinaria-de-la-union-local-de-productores-de-cana-cnc-abastecedores-del-ingenio-alianza-popular","status":"publish","type":"post","link":"https:\/\/amanecerhuasteco.com\/portal\/se-realizo-asamblea-ordinaria-de-la-union-local-de-productores-de-cana-cnc-abastecedores-del-ingenio-alianza-popular\/","title":{"rendered":"Se realiz\u00f3 \u00a0\u201cAsamblea ordinaria\u201d de la Uni\u00f3n Local de Productores de ca\u00f1a CNC abastecedores del Ingenio Alianza Popular."},"content":{"rendered":"\n<p><\/p>\n\n\n\n<p>Tamasopo.- Este mi\u00e9rcoles 29 de abril, en el edificio oficial de la Uni\u00f3n Local de Productores de ca\u00f1a CNC del Ingenio Alianza Popular se llev\u00f3 a cabo la asamblea ordinaria, en la que los integrantes de la directiva rindi\u00f3 un informe de avance de la zafra 2025-2026 a sus representados.<\/p>\n\n\n\n<p>Por segunda convocatoria, se dio inicio a la asamblea con los productores presentes, donde se inform\u00f3 en forma detallada de los acuerdos logrados a la fecha en el desarrollo de la Zafra 2025-2026, se aclararon dudas.<\/p>\n\n\n\n<p>Presidieron la asamblea, Tito Fortanelli, el Secretario General Alfredo Rodr\u00edguez y el Secretario de Organizaci\u00f3n Ricardo Mej\u00eda Arredondo, informando los acuerdos logrados con la industria en el desarrollo de la zafra 2025-2026.<\/p>\n\n\n\n<p>Entre esos acuerdos con la industria el m\u00e1s importantes es el \u201cPago al corriente a productores\u201d, y este jueves 30 de abril el Ingenio Alianza Popular, pagar\u00e1n la novena preliquidaci\u00f3n de ca\u00f1eros y pendientes de la octava y la pr\u00f3xima semana se pagar\u00e1 la 10 preliquidaci\u00f3n.<\/p>\n\n\n\n<p>&#8212;<\/p>\n","protected":false},"excerpt":{"rendered":"<p>Tamasopo.- Este mi\u00e9rcoles 29 de abril, en el edificio oficial de la Uni\u00f3n Local de Productores de ca\u00f1a CNC del Ingenio Alianza Popular se llev\u00f3 a cabo la asamblea ordinaria, en la que los integrantes de la directiva rindi\u00f3 un informe de avance de la &hellip; <\/p>\n","protected":false},"author":1,"featured_media":113269,"comment_status":"open","ping_status":"open","sticky":false,"template":"","format":"standard","meta":{"footnotes":""},"categories":[13,14,28,29,7,77,56,11,16,4,10,21],"tags":[],"class_list":["post-113268","post","type-post","status-publish","format-standard","has-post-thumbnail","hentry","category-agropecuaria","category-caneros","category-cnc","category-cnpr","category-ciudad","category-el-campo","category-el-naranjo","category-estado","category-ingenios","category-inicio","category-municipios","category-tamasopo"],"_links":{"self":[{"href":"https:\/\/amanecerhuasteco.com\/portal\/wp-json\/wp\/v2\/posts\/113268","targetHints":{"allow":["GET"]}}],"collection":[{"href":"https:\/\/amanecerhuasteco.com\/portal\/wp-json\/wp\/v2\/posts"}],"about":[{"href":"https:\/\/amanecerhuasteco.com\/portal\/wp-json\/wp\/v2\/types\/post"}],"author":[{"embeddable":true,"href":"https:\/\/amanecerhuasteco.com\/portal\/wp-json\/wp\/v2\/users\/1"}],"replies":[{"embeddable":true,"href":"https:\/\/amanecerhuasteco.com\/portal\/wp-json\/wp\/v2\/comments?post=113268"}],"version-history":[{"count":1,"href":"https:\/\/amanecerhuasteco.com\/portal\/wp-json\/wp\/v2\/posts\/113268\/revisions"}],"predecessor-version":[{"id":113270,"href":"https:\/\/amanecerhuasteco.com\/portal\/wp-json\/wp\/v2\/posts\/113268\/revisions\/113270"}],"wp:featuredmedia":[{"embeddable":true,"href":"https:\/\/amanecerhuasteco.com\/portal\/wp-json\/wp\/v2\/media\/113269"}],"wp:attachment":[{"href":"https:\/\/amanecerhuasteco.com\/portal\/wp-json\/wp\/v2\/media?parent=113268"}],"wp:term":[{"taxonomy":"category","embeddable":true,"href":"https:\/\/amanecerhuasteco.com\/portal\/wp-json\/wp\/v2\/categories?post=113268"},{"taxonomy":"post_tag","embeddable":true,"href":"https:\/\/amanecerhuasteco.com\/portal\/wp-json\/wp\/v2\/tags?post=113268"}],"curies":[{"name":"wp","href":"https:\/\/api.w.org\/{rel}","templated":true}]}}