{"id":113279,"date":"2026-04-20T22:46:53","date_gmt":"2026-04-21T04:46:53","guid":{"rendered":"https:\/\/amanecerhuasteco.com\/portal\/?p=113279"},"modified":"2026-04-29T22:49:56","modified_gmt":"2026-04-30T04:49:56","slug":"alcalde-inaugura-cancha-publica-en-la-localidad-de-el-saucillo","status":"publish","type":"post","link":"https:\/\/amanecerhuasteco.com\/portal\/alcalde-inaugura-cancha-publica-en-la-localidad-de-el-saucillo\/","title":{"rendered":"Alcalde inaugura cancha p\u00fablica en la localidad de El Saucillo"},"content":{"rendered":"\n<p><\/p>\n\n\n\n<p>El Presidente Municipal, <a href=\"https:\/\/www.facebook.com\/profile.php?id=100080627962994&amp;__cft__[0]=AZYM2dTXNw0rD0ZboX2XzLBw4lhkJW79i2zAb1ap_vKaD2L0dD-T7XhlNSFa65HrmbdK7XbN4bK_db8noAK7xI3L7GIp3BIuS3u6-BXEbC1UH5enC8mzu-wHDm6y_FabZhXHkMjc7VQtawriCIcrAVDk&amp;__tn__=-]K-R\">Mauricio Andrade<\/a>, realiz\u00f3 la entrega de una cancha p\u00fablica en la comunidad de El Saucillo. <\/p>\n\n\n\n<p>Este nuevo espacio est\u00e1 pensado para el disfrute de toda la ciudadan\u00eda, especialmente de nuestras y nuestros j\u00f3venes, quienes ahora podr\u00e1n realizar actividades deportivas en un entorno m\u00e1s digno y adecuado.<\/p>\n\n\n\n<p>Con acciones como esta, seguimos fortaleciendo el tejido social y promoviendo estilos de vida saludables <\/p>\n\n\n\n<p>&#8212;<\/p>\n","protected":false},"excerpt":{"rendered":"<p>El Presidente Municipal, Mauricio Andrade, realiz\u00f3 la entrega de una cancha p\u00fablica en la comunidad de El Saucillo. Este nuevo espacio est\u00e1 pensado para el disfrute de toda la ciudadan\u00eda, especialmente de nuestras y nuestros j\u00f3venes, quienes ahora podr\u00e1n realizar actividades deportivas en un entorno &hellip; <\/p>\n","protected":false},"author":1,"featured_media":113280,"comment_status":"open","ping_status":"open","sticky":false,"template":"","format":"standard","meta":{"footnotes":""},"categories":[13,28,29,15,4,21],"tags":[],"class_list":["post-113279","post","type-post","status-publish","format-standard","has-post-thumbnail","hentry","category-agropecuaria","category-cnc","category-cnpr","category-ganaderos","category-inicio","category-tamasopo"],"_links":{"self":[{"href":"https:\/\/amanecerhuasteco.com\/portal\/wp-json\/wp\/v2\/posts\/113279","targetHints":{"allow":["GET"]}}],"collection":[{"href":"https:\/\/amanecerhuasteco.com\/portal\/wp-json\/wp\/v2\/posts"}],"about":[{"href":"https:\/\/amanecerhuasteco.com\/portal\/wp-json\/wp\/v2\/types\/post"}],"author":[{"embeddable":true,"href":"https:\/\/amanecerhuasteco.com\/portal\/wp-json\/wp\/v2\/users\/1"}],"replies":[{"embeddable":true,"href":"https:\/\/amanecerhuasteco.com\/portal\/wp-json\/wp\/v2\/comments?post=113279"}],"version-history":[{"count":1,"href":"https:\/\/amanecerhuasteco.com\/portal\/wp-json\/wp\/v2\/posts\/113279\/revisions"}],"predecessor-version":[{"id":113281,"href":"https:\/\/amanecerhuasteco.com\/portal\/wp-json\/wp\/v2\/posts\/113279\/revisions\/113281"}],"wp:featuredmedia":[{"embeddable":true,"href":"https:\/\/amanecerhuasteco.com\/portal\/wp-json\/wp\/v2\/media\/113280"}],"wp:attachment":[{"href":"https:\/\/amanecerhuasteco.com\/portal\/wp-json\/wp\/v2\/media?parent=113279"}],"wp:term":[{"taxonomy":"category","embeddable":true,"href":"https:\/\/amanecerhuasteco.com\/portal\/wp-json\/wp\/v2\/categories?post=113279"},{"taxonomy":"post_tag","embeddable":true,"href":"https:\/\/amanecerhuasteco.com\/portal\/wp-json\/wp\/v2\/tags?post=113279"}],"curies":[{"name":"wp","href":"https:\/\/api.w.org\/{rel}","templated":true}]}}