{"id":113282,"date":"2026-04-17T22:53:59","date_gmt":"2026-04-18T04:53:59","guid":{"rendered":"https:\/\/amanecerhuasteco.com\/portal\/?p=113282"},"modified":"2026-04-29T22:56:36","modified_gmt":"2026-04-30T04:56:36","slug":"inicia-la-entrega-del-programa-de-alimentacion-escolar-en-la-manzanilla","status":"publish","type":"post","link":"https:\/\/amanecerhuasteco.com\/portal\/inicia-la-entrega-del-programa-de-alimentacion-escolar-en-la-manzanilla\/","title":{"rendered":"Inicia la entrega del Programa de Alimentaci\u00f3n Escolar en La Manzanilla"},"content":{"rendered":"\n<p><\/p>\n\n\n\n<p>El Presidente Municipal <a href=\"https:\/\/www.facebook.com\/profile.php?id=100080627962994&amp;__cft__[0]=AZYWxjgjwJ9J_rnm25bh0fB8xKArlcKcA-7z1JO8_LciWg0fybEM0thyxmQz0OXx1HuCuX5TZlOtdojZnxyjFI8G2YcqpxfnuWBy5RcUi_J5T9nVtnIFEnbz6jECAhc-S4MRmnk8kbrVZtiRk_Y2_XXu&amp;__tn__=-]K-R\">Mauricio Andrade<\/a> realiz\u00f3 un recorrido por la comunidad de La Manzanilla, donde llev\u00f3 a cabo la entrega del Programa de Alimentaci\u00f3n Escolar en las instituciones educativas de la localidad. <\/p>\n\n\n\n<p>Este importante apoyo fortalece la nutrici\u00f3n y el bienestar de nuestras ni\u00f1as y ni\u00f1os, contribuyendo a su desarrollo y aprendizaje. <\/p>\n\n\n\n<p>Agradecemos el respaldo del gobernador del estado, Ricardo Gallardo Cardona, as\u00ed como de nuestra senadora Ruth Gonz\u00e1lez, por todos los apoyos que brindan a la ciudadan\u00eda. <\/p>\n\n\n\n<p>Seguimos trabajando por un mejor Tamasopo<\/p>\n","protected":false},"excerpt":{"rendered":"<p>El Presidente Municipal Mauricio Andrade realiz\u00f3 un recorrido por la comunidad de La Manzanilla, donde llev\u00f3 a cabo la entrega del Programa de Alimentaci\u00f3n Escolar en las instituciones educativas de la localidad. Este importante apoyo fortalece la nutrici\u00f3n y el bienestar de nuestras ni\u00f1as y &hellip; <\/p>\n","protected":false},"author":1,"featured_media":113283,"comment_status":"open","ping_status":"open","sticky":false,"template":"","format":"standard","meta":{"footnotes":""},"categories":[13,14,28,29,11,15,16,4,21],"tags":[],"class_list":["post-113282","post","type-post","status-publish","format-standard","has-post-thumbnail","hentry","category-agropecuaria","category-caneros","category-cnc","category-cnpr","category-estado","category-ganaderos","category-ingenios","category-inicio","category-tamasopo"],"_links":{"self":[{"href":"https:\/\/amanecerhuasteco.com\/portal\/wp-json\/wp\/v2\/posts\/113282","targetHints":{"allow":["GET"]}}],"collection":[{"href":"https:\/\/amanecerhuasteco.com\/portal\/wp-json\/wp\/v2\/posts"}],"about":[{"href":"https:\/\/amanecerhuasteco.com\/portal\/wp-json\/wp\/v2\/types\/post"}],"author":[{"embeddable":true,"href":"https:\/\/amanecerhuasteco.com\/portal\/wp-json\/wp\/v2\/users\/1"}],"replies":[{"embeddable":true,"href":"https:\/\/amanecerhuasteco.com\/portal\/wp-json\/wp\/v2\/comments?post=113282"}],"version-history":[{"count":1,"href":"https:\/\/amanecerhuasteco.com\/portal\/wp-json\/wp\/v2\/posts\/113282\/revisions"}],"predecessor-version":[{"id":113284,"href":"https:\/\/amanecerhuasteco.com\/portal\/wp-json\/wp\/v2\/posts\/113282\/revisions\/113284"}],"wp:featuredmedia":[{"embeddable":true,"href":"https:\/\/amanecerhuasteco.com\/portal\/wp-json\/wp\/v2\/media\/113283"}],"wp:attachment":[{"href":"https:\/\/amanecerhuasteco.com\/portal\/wp-json\/wp\/v2\/media?parent=113282"}],"wp:term":[{"taxonomy":"category","embeddable":true,"href":"https:\/\/amanecerhuasteco.com\/portal\/wp-json\/wp\/v2\/categories?post=113282"},{"taxonomy":"post_tag","embeddable":true,"href":"https:\/\/amanecerhuasteco.com\/portal\/wp-json\/wp\/v2\/tags?post=113282"}],"curies":[{"name":"wp","href":"https:\/\/api.w.org\/{rel}","templated":true}]}}