{"id":113312,"date":"2026-04-30T08:22:28","date_gmt":"2026-04-30T14:22:28","guid":{"rendered":"https:\/\/amanecerhuasteco.com\/portal\/?p=113312"},"modified":"2026-04-30T08:22:30","modified_gmt":"2026-04-30T14:22:30","slug":"valles-lleva-acabo-el-congreso-infantil-2026","status":"publish","type":"post","link":"https:\/\/amanecerhuasteco.com\/portal\/valles-lleva-acabo-el-congreso-infantil-2026\/","title":{"rendered":"Valles lleva acabo el Congreso Infantil 2026"},"content":{"rendered":"\n<p>CIUDAD VALLES, S.L.P.\u2013 En el marco de la celebraci\u00f3n del D\u00eda del Ni\u00f1o, el Gobierno Municipal, a trav\u00e9s de la Direcci\u00f3n de Educaci\u00f3n, llev\u00f3 a cabo el Congreso Infantil 2026, un espacio de participaci\u00f3n donde once ni\u00f1as y ni\u00f1os destacaron por su talento, compromiso y capacidad de expresi\u00f3n.<\/p>\n\n\n\n<p>Tras la evaluaci\u00f3n del jurado calificador, se determin\u00f3 que el cargo de Ni\u00f1o Presidente Municipal por un D\u00eda ser\u00e1 desempe\u00f1ado por Lionel Rangel Medina, estudiante de sexto grado de la Escuela Primaria \u00abBenito Ju\u00e1rez\u00bb, ubicada en el ejido Tantobal. Como S\u00edndicos Municipales fueron electos Julia Bautista God\u00ednez, de la Escuela Primaria \u00abIgnacio Zaragoza\u00bb del ejido La Subida, y H\u00e9ctor Raymundo Santana Medina, de la Escuela Primaria \u00abJes\u00fas Romero Flores\u00bb, en la colonia Vista Hermosa.<\/p>\n\n\n\n<p>Como regidores estar\u00e1n: Pablo Ernesto Villarreal, de la Escuela Primaria Javier Calvillo Morales; Kimberly Tototzintle Cuellar, de la Escuela Primaria Francisco Villa; Valentina Acu\u00f1a Gonz\u00e1lez, de la Escuela Primaria Nuevos Horizontes; Romina Ibarra Bola\u00f1os, de la Escuela Primaria Salvador Varela Res\u00e9ndiz; Sebastian Ortega Mireles, de la Escuela Primaria Francisco Zarco; Santino Mateo P\u00e9rez Mart\u00ednez, de la Escuela Primaria Himno Nacional; Karla Elizabeth Espinoza Mart\u00ednez, de la Escuela Primaria Benito Ju\u00e1rez; y, Carlos Daniel P\u00e9rez Loera, de la Escuela Primaria Jos\u00e9 Mariano Jim\u00e9nez.<\/p>\n\n\n\n<p>En su mensaje el Presidente Municipal David Armando Medina Salazar expres\u00f3 su reconocimiento a las ni\u00f1as y ni\u00f1os por su valent\u00eda al participar y hablar en p\u00fablico, resaltando que este tipo de ejercicios fortalece su formaci\u00f3n como futuros l\u00edderes. Se\u00f1al\u00f3 que su administraci\u00f3n trabaja de manera responsable para generar mejores condiciones en la ciudad, impulsando el desarrollo econ\u00f3mico, educativo y social, en coordinaci\u00f3n con el Gobierno del Estado.<\/p>\n\n\n\n<p>El Director de Educaci\u00f3n Municipal, Romeo Aguilar Colunga, felicit\u00f3 a las y los participantes, destacando que todos son ganadores por el esfuerzo y la dedicaci\u00f3n demostrados.<\/p>\n\n\n\n<p>El jurado calificador estuvo integrado por los maestros Raymundo \u00c1valos P\u00e9rez, Daniel Cruz Laureano y la maestra Elia Edith G\u00f3mez Flores, quienes tuvieron la responsabilidad de evaluar a cada uno de los participantes.<\/p>\n\n\n\n<p>En el evento estuvieron presentes la regidora Blanca Rosaura Enr\u00edquez Martell; el regidor Jorge Mart\u00ednez Flores; el Secretario General del Ayuntamiento, Luis \u00c1ngel Contreras Malibr\u00e1n; el Director General de Gesti\u00f3n P\u00fablica y Participaci\u00f3n Ciudadana, \u00c1ngel Iv\u00e1n Ortega Herrera; as\u00ed como autoridades educativas, entre ellas el profesor V\u00edctor Manuel Estrada Guerra, Supervisor de la Zona Escolar 164, en representaci\u00f3n de la Jefatura del Sector 13 de Educaci\u00f3n Primaria.<\/p>\n","protected":false},"excerpt":{"rendered":"<p>CIUDAD VALLES, S.L.P.\u2013 En el marco de la celebraci\u00f3n del D\u00eda del Ni\u00f1o, el Gobierno Municipal, a trav\u00e9s de la Direcci\u00f3n de Educaci\u00f3n, llev\u00f3 a cabo el Congreso Infantil 2026, un espacio de participaci\u00f3n donde once ni\u00f1as y ni\u00f1os destacaron por su talento, compromiso y &hellip; <\/p>\n","protected":false},"author":1,"featured_media":113313,"comment_status":"open","ping_status":"open","sticky":false,"template":"","format":"standard","meta":{"footnotes":""},"categories":[13,14,28,29,7,11,15,16,4],"tags":[],"class_list":["post-113312","post","type-post","status-publish","format-standard","has-post-thumbnail","hentry","category-agropecuaria","category-caneros","category-cnc","category-cnpr","category-ciudad","category-estado","category-ganaderos","category-ingenios","category-inicio"],"_links":{"self":[{"href":"https:\/\/amanecerhuasteco.com\/portal\/wp-json\/wp\/v2\/posts\/113312","targetHints":{"allow":["GET"]}}],"collection":[{"href":"https:\/\/amanecerhuasteco.com\/portal\/wp-json\/wp\/v2\/posts"}],"about":[{"href":"https:\/\/amanecerhuasteco.com\/portal\/wp-json\/wp\/v2\/types\/post"}],"author":[{"embeddable":true,"href":"https:\/\/amanecerhuasteco.com\/portal\/wp-json\/wp\/v2\/users\/1"}],"replies":[{"embeddable":true,"href":"https:\/\/amanecerhuasteco.com\/portal\/wp-json\/wp\/v2\/comments?post=113312"}],"version-history":[{"count":1,"href":"https:\/\/amanecerhuasteco.com\/portal\/wp-json\/wp\/v2\/posts\/113312\/revisions"}],"predecessor-version":[{"id":113314,"href":"https:\/\/amanecerhuasteco.com\/portal\/wp-json\/wp\/v2\/posts\/113312\/revisions\/113314"}],"wp:featuredmedia":[{"embeddable":true,"href":"https:\/\/amanecerhuasteco.com\/portal\/wp-json\/wp\/v2\/media\/113313"}],"wp:attachment":[{"href":"https:\/\/amanecerhuasteco.com\/portal\/wp-json\/wp\/v2\/media?parent=113312"}],"wp:term":[{"taxonomy":"category","embeddable":true,"href":"https:\/\/amanecerhuasteco.com\/portal\/wp-json\/wp\/v2\/categories?post=113312"},{"taxonomy":"post_tag","embeddable":true,"href":"https:\/\/amanecerhuasteco.com\/portal\/wp-json\/wp\/v2\/tags?post=113312"}],"curies":[{"name":"wp","href":"https:\/\/api.w.org\/{rel}","templated":true}]}}