{"id":113316,"date":"2026-04-30T08:32:09","date_gmt":"2026-04-30T14:32:09","guid":{"rendered":"https:\/\/amanecerhuasteco.com\/portal\/?p=113316"},"modified":"2026-04-30T08:32:12","modified_gmt":"2026-04-30T14:32:12","slug":"suma-esfuerzos-con-la-universidad-intercultural-de-san-luis-potosi-para-brindar-atencion-mas-humana-incluyente-y-accesible","status":"publish","type":"post","link":"https:\/\/amanecerhuasteco.com\/portal\/suma-esfuerzos-con-la-universidad-intercultural-de-san-luis-potosi-para-brindar-atencion-mas-humana-incluyente-y-accesible\/","title":{"rendered":"Suma esfuerzos con la Universidad Intercultural de San Luis Potos\u00ed para brindar atenci\u00f3n m\u00e1s humana, incluyente y accesible."},"content":{"rendered":"\n<p>ESTADO CONSOLIDA ATENCI\u00d3N INCLUYENTE Y CERCANA<\/p>\n\n\n\n<ul class=\"wp-block-list\">\n<li><\/li>\n<\/ul>\n\n\n\n<p>Cumpliendo con el compromiso del Gobernador Ricardo Gallardo Cardona de fortalecer la atenci\u00f3n a sectores vulnerables, la Comisi\u00f3n Ejecutiva Estatal de Atenci\u00f3n a V\u00edctimas (CEEAV) firm\u00f3 un convenio de colaboraci\u00f3n con la Universidad Intercultural de San Luis Potos\u00ed (UICSLP), con el objetivo de consolidar un modelo de atenci\u00f3n integral m\u00e1s cercano, humano y accesible.<br>Este acuerdo permitir\u00e1 desarrollar actividades en materia de capacitaci\u00f3n, investigaci\u00f3n, servicio social, pr\u00e1cticas profesionales, difusi\u00f3n y promoci\u00f3n, fortaleciendo la atenci\u00f3n con un enfoque intercultural que garantice servicios incluyentes para las v\u00edctimas y sus familias, incorporando el respeto a la diversidad ling\u00fc\u00edstica y la equidad como ejes fundamentales.<br>El titular Juan Gerardo Castillo Mata destac\u00f3 que esta alianza representa una vinculaci\u00f3n estrat\u00e9gica entre el sector gubernamental y acad\u00e9mico para formar capital humano con alto sentido social y perfiles especializados. Estas acciones forman parte del cambio que se vive y se siente con instituciones m\u00e1s sensibles, preparadas y comprometidas con brindar atenci\u00f3n de calidad y fortalecer la confianza de la ciudadan\u00eda.<\/p>\n","protected":false},"excerpt":{"rendered":"<p>ESTADO CONSOLIDA ATENCI\u00d3N INCLUYENTE Y CERCANA Cumpliendo con el compromiso del Gobernador Ricardo Gallardo Cardona de fortalecer la atenci\u00f3n a sectores vulnerables, la Comisi\u00f3n Ejecutiva Estatal de Atenci\u00f3n a V\u00edctimas (CEEAV) firm\u00f3 un convenio de colaboraci\u00f3n con la Universidad Intercultural de San Luis Potos\u00ed (UICSLP), &hellip; <\/p>\n","protected":false},"author":1,"featured_media":113317,"comment_status":"open","ping_status":"open","sticky":false,"template":"","format":"standard","meta":{"footnotes":""},"categories":[13,92,91,25,89,82,14,28,29,87,86,67,7,78,62,56,11,15,55,81,16,4,73,44,26,74,10,12,60,30,31,59,42,53,57,43,32],"tags":[],"class_list":["post-113316","post","type-post","status-publish","format-standard","has-post-thumbnail","hentry","category-agropecuaria","category-ahualulco","category-alaquines","category-aquismon","category-armadillo","category-axtla","category-caneros","category-cnc","category-cnpr","category-cardenas","category-cedral","category-charcas","category-ciudad","category-ciudad-del-maiz","category-ciudad-fernandez","category-el-naranjo","category-estado","category-ganaderos","category-guadalcazar","category-huehuetlan","category-ingenios","category-inicio","category-lagunillas","category-matehuala","category-matlapa","category-mexquitic","category-municipios","category-nacional","category-rayon","category-rioverde","category-sanluispotosi","category-santa-catarina","category-soledad","category-tamazunchale","category-tanlajas","category-villa-de-reyes","category-xilitla"],"_links":{"self":[{"href":"https:\/\/amanecerhuasteco.com\/portal\/wp-json\/wp\/v2\/posts\/113316","targetHints":{"allow":["GET"]}}],"collection":[{"href":"https:\/\/amanecerhuasteco.com\/portal\/wp-json\/wp\/v2\/posts"}],"about":[{"href":"https:\/\/amanecerhuasteco.com\/portal\/wp-json\/wp\/v2\/types\/post"}],"author":[{"embeddable":true,"href":"https:\/\/amanecerhuasteco.com\/portal\/wp-json\/wp\/v2\/users\/1"}],"replies":[{"embeddable":true,"href":"https:\/\/amanecerhuasteco.com\/portal\/wp-json\/wp\/v2\/comments?post=113316"}],"version-history":[{"count":1,"href":"https:\/\/amanecerhuasteco.com\/portal\/wp-json\/wp\/v2\/posts\/113316\/revisions"}],"predecessor-version":[{"id":113318,"href":"https:\/\/amanecerhuasteco.com\/portal\/wp-json\/wp\/v2\/posts\/113316\/revisions\/113318"}],"wp:featuredmedia":[{"embeddable":true,"href":"https:\/\/amanecerhuasteco.com\/portal\/wp-json\/wp\/v2\/media\/113317"}],"wp:attachment":[{"href":"https:\/\/amanecerhuasteco.com\/portal\/wp-json\/wp\/v2\/media?parent=113316"}],"wp:term":[{"taxonomy":"category","embeddable":true,"href":"https:\/\/amanecerhuasteco.com\/portal\/wp-json\/wp\/v2\/categories?post=113316"},{"taxonomy":"post_tag","embeddable":true,"href":"https:\/\/amanecerhuasteco.com\/portal\/wp-json\/wp\/v2\/tags?post=113316"}],"curies":[{"name":"wp","href":"https:\/\/api.w.org\/{rel}","templated":true}]}}