{"id":113323,"date":"2026-04-30T08:43:46","date_gmt":"2026-04-30T14:43:46","guid":{"rendered":"https:\/\/amanecerhuasteco.com\/portal\/?p=113323"},"modified":"2026-04-30T08:43:48","modified_gmt":"2026-04-30T14:43:48","slug":"gobierno-estatal-anuncia-cambio-de-dia-de-descanso-en-beneficio-de-la-comunidad-educativa","status":"publish","type":"post","link":"https:\/\/amanecerhuasteco.com\/portal\/gobierno-estatal-anuncia-cambio-de-dia-de-descanso-en-beneficio-de-la-comunidad-educativa\/","title":{"rendered":"Gobierno estatal anuncia cambio de d\u00eda de descanso en beneficio de la comunidad educativa"},"content":{"rendered":"\n<p><\/p>\n\n\n\n<ul class=\"wp-block-list\">\n<li><strong>El lunes 4 de mayo ser\u00e1 d\u00eda de descanso, reanudando actividades el martes 5, con el objetivo de mejorar la organizaci\u00f3n y asistencia en las escuelas.<\/strong><\/li>\n<\/ul>\n\n\n\n<p>Siguiendo la instrucci\u00f3n del Gobernador Ricardo Gallardo Cardona de priorizar el bienestar de la comunidad escolar, la Secretar\u00eda de Educaci\u00f3n de Gobierno del Estado (SEGE) inform\u00f3 el ajuste al calendario, mediante el cual se establece como d\u00eda de descanso el lunes 4 de mayo, retomando actividades acad\u00e9micas el martes 5 en todos los niveles educativos.<\/p>\n\n\n\n<p>La modificaci\u00f3n permite a estudiantes, docentes y personal administrativo organizar de mejor manera sus actividades, favoreciendo la asistencia y el desarrollo de las jornadas escolares con mayor orden. Esta disposici\u00f3n forma parte de un trabajo sin l\u00edmites orientado a generar mejores condiciones dentro de los planteles.<\/p>\n\n\n\n<p>A trav\u00e9s de estas medidas, la dependencia refuerza el acompa\u00f1amiento a la comunidad escolar y contribuye a un entorno m\u00e1s eficiente para el aprendizaje, lo que consolida el cambio que se vive y se siente en el sistema educativo.<\/p>\n","protected":false},"excerpt":{"rendered":"<p>Siguiendo la instrucci\u00f3n del Gobernador Ricardo Gallardo Cardona de priorizar el bienestar de la comunidad escolar, la Secretar\u00eda de Educaci\u00f3n de Gobierno del Estado (SEGE) inform\u00f3 el ajuste al calendario, mediante el cual se establece como d\u00eda de descanso el lunes 4 de mayo, retomando &hellip; <\/p>\n","protected":false},"author":1,"featured_media":113324,"comment_status":"open","ping_status":"open","sticky":false,"template":"","format":"standard","meta":{"footnotes":""},"categories":[92,91,89,82,14,67,7,78,62,56,11,55,81,4,73,44,26,74,10,12,60,30,31,59,42,53,57,43,32],"tags":[],"class_list":["post-113323","post","type-post","status-publish","format-standard","has-post-thumbnail","hentry","category-ahualulco","category-alaquines","category-armadillo","category-axtla","category-caneros","category-charcas","category-ciudad","category-ciudad-del-maiz","category-ciudad-fernandez","category-el-naranjo","category-estado","category-guadalcazar","category-huehuetlan","category-inicio","category-lagunillas","category-matehuala","category-matlapa","category-mexquitic","category-municipios","category-nacional","category-rayon","category-rioverde","category-sanluispotosi","category-santa-catarina","category-soledad","category-tamazunchale","category-tanlajas","category-villa-de-reyes","category-xilitla"],"_links":{"self":[{"href":"https:\/\/amanecerhuasteco.com\/portal\/wp-json\/wp\/v2\/posts\/113323","targetHints":{"allow":["GET"]}}],"collection":[{"href":"https:\/\/amanecerhuasteco.com\/portal\/wp-json\/wp\/v2\/posts"}],"about":[{"href":"https:\/\/amanecerhuasteco.com\/portal\/wp-json\/wp\/v2\/types\/post"}],"author":[{"embeddable":true,"href":"https:\/\/amanecerhuasteco.com\/portal\/wp-json\/wp\/v2\/users\/1"}],"replies":[{"embeddable":true,"href":"https:\/\/amanecerhuasteco.com\/portal\/wp-json\/wp\/v2\/comments?post=113323"}],"version-history":[{"count":1,"href":"https:\/\/amanecerhuasteco.com\/portal\/wp-json\/wp\/v2\/posts\/113323\/revisions"}],"predecessor-version":[{"id":113325,"href":"https:\/\/amanecerhuasteco.com\/portal\/wp-json\/wp\/v2\/posts\/113323\/revisions\/113325"}],"wp:featuredmedia":[{"embeddable":true,"href":"https:\/\/amanecerhuasteco.com\/portal\/wp-json\/wp\/v2\/media\/113324"}],"wp:attachment":[{"href":"https:\/\/amanecerhuasteco.com\/portal\/wp-json\/wp\/v2\/media?parent=113323"}],"wp:term":[{"taxonomy":"category","embeddable":true,"href":"https:\/\/amanecerhuasteco.com\/portal\/wp-json\/wp\/v2\/categories?post=113323"},{"taxonomy":"post_tag","embeddable":true,"href":"https:\/\/amanecerhuasteco.com\/portal\/wp-json\/wp\/v2\/tags?post=113323"}],"curies":[{"name":"wp","href":"https:\/\/api.w.org\/{rel}","templated":true}]}}