{"id":113334,"date":"2026-04-29T11:16:37","date_gmt":"2026-04-29T17:16:37","guid":{"rendered":"https:\/\/amanecerhuasteco.com\/portal\/?p=113334"},"modified":"2026-04-30T11:25:05","modified_gmt":"2026-04-30T17:25:05","slug":"el-gobierno-municipal-de-santa-catarina-llevo-acabo-el-concurso-de-la-nino-presidente-por-un-dia","status":"publish","type":"post","link":"https:\/\/amanecerhuasteco.com\/portal\/el-gobierno-municipal-de-santa-catarina-llevo-acabo-el-concurso-de-la-nino-presidente-por-un-dia\/","title":{"rendered":"El Gobierno Municipal de Santa Catarina, llevo acabo el concurso de la \u00abNi\u00f1o Presidente por un d\u00eda\u00bb"},"content":{"rendered":"\n<p>Los valores c\u00edvicos y la participaci\u00f3n ciudadana se construyen desde la ni\u00f1ez; es ah\u00ed donde nacen las decisiones que dar\u00e1n rumbo al futuro de nuestra comunidad. <\/p>\n\n\n\n<p>El Gobierno Municipal de Santa Catarina, que encabeza Juan Carlos Ramos, llev\u00f3 a cabo el concurso \u201cNi\u00f1o (a) Presidente (a) por un d\u00eda\u201d, realizado en el Cabildo Municipal, con la participaci\u00f3n de alumnas y alumnos de distintas comunidades de nuestro municipio. <\/p>\n\n\n\n<p>Reconocemos y felicitamos a quienes asumieron este importante ejercicio:<\/p>\n\n\n\n<p><img decoding=\"async\" height=\"16\" width=\"16\" alt=\"\ud83d\udc51\" src=\"https:\/\/static.xx.fbcdn.net\/images\/emoji.php\/v9\/te8\/1\/16\/1f451.png\"> Romina Crist\u00f3bal Nava, de El Puente, como Presidenta<\/p>\n\n\n\n<p><img decoding=\"async\" height=\"16\" width=\"16\" alt=\"\ud83d\udcdd\" src=\"https:\/\/static.xx.fbcdn.net\/images\/emoji.php\/v9\/tcc\/1\/16\/1f4dd.png\"> Jennifer Bueno S\u00e1nchez, de Anteojos, como Secretaria<\/p>\n\n\n\n<p><img decoding=\"async\" height=\"16\" width=\"16\" alt=\"\u2696\ufe0f\" src=\"https:\/\/static.xx.fbcdn.net\/images\/emoji.php\/v9\/ta\/1\/16\/2696.png\"> Luis Ignacio Santiago Bautista, de Santa Mar\u00eda Acapulco, como S\u00edndico<\/p>\n\n\n\n<p><img decoding=\"async\" height=\"16\" width=\"16\" alt=\"\ud83d\udccc\" src=\"https:\/\/static.xx.fbcdn.net\/images\/emoji.php\/v9\/tac\/1\/16\/1f4cc.png\"> Iker Mart\u00ednez Cervantes, de Calabazas, como Primer Regidor<\/p>\n\n\n\n<p><img decoding=\"async\" height=\"16\" width=\"16\" alt=\"\ud83d\udccc\" src=\"https:\/\/static.xx.fbcdn.net\/images\/emoji.php\/v9\/tac\/1\/16\/1f4cc.png\"> Nancy Aide Castillo Dur\u00e1n, de Las Lagunitas, como Segunda Regidora<\/p>\n\n\n\n<p><img decoding=\"async\" height=\"16\" width=\"16\" alt=\"\ud83d\udccc\" src=\"https:\/\/static.xx.fbcdn.net\/images\/emoji.php\/v9\/tac\/1\/16\/1f4cc.png\"> Karina Mart\u00ednez Montero, de San Pedro, como Tercera Regidora<\/p>\n\n\n\n<p>Extendemos tambi\u00e9n nuestro reconocimiento a madres, padres y docentes por acompa\u00f1ar y fortalecer la formaci\u00f3n de estas ni\u00f1as y ni\u00f1os, sembrando en ellos los valores que construir\u00e1n el Santa Catarina del ma\u00f1ana<\/p>\n","protected":false},"excerpt":{"rendered":"<p>Los valores c\u00edvicos y la participaci\u00f3n ciudadana se construyen desde la ni\u00f1ez; es ah\u00ed donde nacen las decisiones que dar\u00e1n rumbo al futuro de nuestra comunidad. El Gobierno Municipal de Santa Catarina, que encabeza Juan Carlos Ramos, llev\u00f3 a cabo el concurso \u201cNi\u00f1o (a) Presidente &hellip; <\/p>\n","protected":false},"author":1,"featured_media":113335,"comment_status":"open","ping_status":"open","sticky":false,"template":"","format":"standard","meta":{"footnotes":""},"categories":[13,76,11,15,4,59],"tags":[],"class_list":["post-113334","post","type-post","status-publish","format-standard","has-post-thumbnail","hentry","category-agropecuaria","category-educacion","category-estado","category-ganaderos","category-inicio","category-santa-catarina"],"_links":{"self":[{"href":"https:\/\/amanecerhuasteco.com\/portal\/wp-json\/wp\/v2\/posts\/113334","targetHints":{"allow":["GET"]}}],"collection":[{"href":"https:\/\/amanecerhuasteco.com\/portal\/wp-json\/wp\/v2\/posts"}],"about":[{"href":"https:\/\/amanecerhuasteco.com\/portal\/wp-json\/wp\/v2\/types\/post"}],"author":[{"embeddable":true,"href":"https:\/\/amanecerhuasteco.com\/portal\/wp-json\/wp\/v2\/users\/1"}],"replies":[{"embeddable":true,"href":"https:\/\/amanecerhuasteco.com\/portal\/wp-json\/wp\/v2\/comments?post=113334"}],"version-history":[{"count":1,"href":"https:\/\/amanecerhuasteco.com\/portal\/wp-json\/wp\/v2\/posts\/113334\/revisions"}],"predecessor-version":[{"id":113336,"href":"https:\/\/amanecerhuasteco.com\/portal\/wp-json\/wp\/v2\/posts\/113334\/revisions\/113336"}],"wp:featuredmedia":[{"embeddable":true,"href":"https:\/\/amanecerhuasteco.com\/portal\/wp-json\/wp\/v2\/media\/113335"}],"wp:attachment":[{"href":"https:\/\/amanecerhuasteco.com\/portal\/wp-json\/wp\/v2\/media?parent=113334"}],"wp:term":[{"taxonomy":"category","embeddable":true,"href":"https:\/\/amanecerhuasteco.com\/portal\/wp-json\/wp\/v2\/categories?post=113334"},{"taxonomy":"post_tag","embeddable":true,"href":"https:\/\/amanecerhuasteco.com\/portal\/wp-json\/wp\/v2\/tags?post=113334"}],"curies":[{"name":"wp","href":"https:\/\/api.w.org\/{rel}","templated":true}]}}