{"id":113338,"date":"2026-04-29T11:25:55","date_gmt":"2026-04-29T17:25:55","guid":{"rendered":"https:\/\/amanecerhuasteco.com\/portal\/?p=113338"},"modified":"2026-04-30T11:28:24","modified_gmt":"2026-04-30T17:28:24","slug":"alex-ivan-garcia-gutierrez-nino-presidente-por-un-dia-en-santa-catarina","status":"publish","type":"post","link":"https:\/\/amanecerhuasteco.com\/portal\/alex-ivan-garcia-gutierrez-nino-presidente-por-un-dia-en-santa-catarina\/","title":{"rendered":"Alex Iv\u00e1n Garc\u00eda Guti\u00e9rrez, Ni\u00f1o Presidente por un d\u00eda en Santa Catarina"},"content":{"rendered":"\n<p>El Gobierno Municipal de Santa Catarina, encabezado por Juan Carlos Ramos, expresa su m\u00e1s sincera felicitaci\u00f3n a \u00c1lex Iv\u00e1n Garc\u00eda Guti\u00e9rrez , alumno de la Escuela Primaria \u201cLic. Benito Ju\u00e1rez Garc\u00eda\u201d de la comunidad de Santa Mar\u00eda Acapulco, por su destacada participaci\u00f3n en el Parlamento de las Ni\u00f1as y los Ni\u00f1os 2026 del Congreso del Estado de San Luis Potos\u00ed .<\/p>\n\n\n\n<p>Nos llena de orgullo  que ni\u00f1as y ni\u00f1os de nuestro municipio levanten la voz  en espacios tan importantes, representando con dignidad a Santa Catarina y dando visibilidad a la riqueza cultural de la etnia Xi\u2019iuy .<\/p>\n\n\n\n<p>\u00c1lex Iv\u00e1n es ejemplo de que nuestras nuevas generaciones tienen el talento, la conciencia y el compromiso para construir un mejor futuro .<\/p>\n\n\n\n<p> En sus ideas y participaci\u00f3n vemos la esperanza de nuestro municipio y de M\u00e9xico<\/p>\n","protected":false},"excerpt":{"rendered":"<p>El Gobierno Municipal de Santa Catarina, encabezado por Juan Carlos Ramos, expresa su m\u00e1s sincera felicitaci\u00f3n a \u00c1lex Iv\u00e1n Garc\u00eda Guti\u00e9rrez , alumno de la Escuela Primaria \u201cLic. Benito Ju\u00e1rez Garc\u00eda\u201d de la comunidad de Santa Mar\u00eda Acapulco, por su destacada participaci\u00f3n en el Parlamento &hellip; <\/p>\n","protected":false},"author":1,"featured_media":113339,"comment_status":"open","ping_status":"open","sticky":false,"template":"","format":"standard","meta":{"footnotes":""},"categories":[13,14,76,11,15,4,59],"tags":[],"class_list":["post-113338","post","type-post","status-publish","format-standard","has-post-thumbnail","hentry","category-agropecuaria","category-caneros","category-educacion","category-estado","category-ganaderos","category-inicio","category-santa-catarina"],"_links":{"self":[{"href":"https:\/\/amanecerhuasteco.com\/portal\/wp-json\/wp\/v2\/posts\/113338","targetHints":{"allow":["GET"]}}],"collection":[{"href":"https:\/\/amanecerhuasteco.com\/portal\/wp-json\/wp\/v2\/posts"}],"about":[{"href":"https:\/\/amanecerhuasteco.com\/portal\/wp-json\/wp\/v2\/types\/post"}],"author":[{"embeddable":true,"href":"https:\/\/amanecerhuasteco.com\/portal\/wp-json\/wp\/v2\/users\/1"}],"replies":[{"embeddable":true,"href":"https:\/\/amanecerhuasteco.com\/portal\/wp-json\/wp\/v2\/comments?post=113338"}],"version-history":[{"count":1,"href":"https:\/\/amanecerhuasteco.com\/portal\/wp-json\/wp\/v2\/posts\/113338\/revisions"}],"predecessor-version":[{"id":113340,"href":"https:\/\/amanecerhuasteco.com\/portal\/wp-json\/wp\/v2\/posts\/113338\/revisions\/113340"}],"wp:featuredmedia":[{"embeddable":true,"href":"https:\/\/amanecerhuasteco.com\/portal\/wp-json\/wp\/v2\/media\/113339"}],"wp:attachment":[{"href":"https:\/\/amanecerhuasteco.com\/portal\/wp-json\/wp\/v2\/media?parent=113338"}],"wp:term":[{"taxonomy":"category","embeddable":true,"href":"https:\/\/amanecerhuasteco.com\/portal\/wp-json\/wp\/v2\/categories?post=113338"},{"taxonomy":"post_tag","embeddable":true,"href":"https:\/\/amanecerhuasteco.com\/portal\/wp-json\/wp\/v2\/tags?post=113338"}],"curies":[{"name":"wp","href":"https:\/\/api.w.org\/{rel}","templated":true}]}}