{"id":113341,"date":"2026-04-24T11:30:02","date_gmt":"2026-04-24T17:30:02","guid":{"rendered":"https:\/\/amanecerhuasteco.com\/portal\/?p=113341"},"modified":"2026-04-30T11:31:47","modified_gmt":"2026-04-30T17:31:47","slug":"gobierno-municipal-de-santa-catarina-felicita","status":"publish","type":"post","link":"https:\/\/amanecerhuasteco.com\/portal\/gobierno-municipal-de-santa-catarina-felicita\/","title":{"rendered":"Gobierno Municipal de Santa Catarina felicita:"},"content":{"rendered":"\n<p>Por su destacada participaci\u00f3n y gran desempe\u00f1o, nuestro Presidente Municipal Juan Carlos Ramos y el Gobierno Municipal de Santa Catarina felicitan a los ni\u00f1os integrantes del equipo de f\u00fatbol <img decoding=\"async\" height=\"16\" width=\"16\" alt=\"\u26bd\ufe0f\" src=\"https:\/\/static.xx.fbcdn.net\/images\/emoji.php\/v9\/taf\/1\/16\/26bd.png\"> de la Escuela Primaria Ind\u00edgena Emiliano Zapata, de la comunidad de La Encantada, quienes obtuvieron el primer lugar <img decoding=\"async\" height=\"16\" width=\"16\" alt=\"\ud83e\udd47\" src=\"https:\/\/static.xx.fbcdn.net\/images\/emoji.php\/v9\/t94\/1\/16\/1f947.png\"> en la categor\u00eda varonil del torneo deportivo de la zona 101 de primarias de nuestro municipio.<\/p>\n\n\n\n<p>Reconocemos su esfuerzo, disciplina <img decoding=\"async\" height=\"16\" width=\"16\" alt=\"\ud83d\udcaa\" src=\"https:\/\/static.xx.fbcdn.net\/images\/emoji.php\/v9\/t6c\/1\/16\/1f4aa.png\"> y entusiasmo <img decoding=\"async\" height=\"16\" width=\"16\" alt=\"\ud83d\ude4c\" src=\"https:\/\/static.xx.fbcdn.net\/images\/emoji.php\/v9\/tfd\/1\/16\/1f64c.png\">, que hoy se reflejan en este importante logro. El deporte fortalece la sana convivencia <img decoding=\"async\" height=\"16\" width=\"16\" alt=\"\ud83e\udd1d\" src=\"https:\/\/static.xx.fbcdn.net\/images\/emoji.php\/v9\/t64\/1\/16\/1f91d.png\"> y motiva a nuestras ni\u00f1as y ni\u00f1os a seguir prepar\u00e1ndose y luchando por sus metas<\/p>\n","protected":false},"excerpt":{"rendered":"<p>Por su destacada participaci\u00f3n y gran desempe\u00f1o, nuestro Presidente Municipal Juan Carlos Ramos y el Gobierno Municipal de Santa Catarina felicitan a los ni\u00f1os integrantes del equipo de f\u00fatbol de la Escuela Primaria Ind\u00edgena Emiliano Zapata, de la comunidad de La Encantada, quienes obtuvieron el &hellip; <\/p>\n","protected":false},"author":1,"featured_media":113342,"comment_status":"open","ping_status":"open","sticky":false,"template":"","format":"standard","meta":{"footnotes":""},"categories":[13,28,29,76,11,15,4,59],"tags":[],"class_list":["post-113341","post","type-post","status-publish","format-standard","has-post-thumbnail","hentry","category-agropecuaria","category-cnc","category-cnpr","category-educacion","category-estado","category-ganaderos","category-inicio","category-santa-catarina"],"_links":{"self":[{"href":"https:\/\/amanecerhuasteco.com\/portal\/wp-json\/wp\/v2\/posts\/113341","targetHints":{"allow":["GET"]}}],"collection":[{"href":"https:\/\/amanecerhuasteco.com\/portal\/wp-json\/wp\/v2\/posts"}],"about":[{"href":"https:\/\/amanecerhuasteco.com\/portal\/wp-json\/wp\/v2\/types\/post"}],"author":[{"embeddable":true,"href":"https:\/\/amanecerhuasteco.com\/portal\/wp-json\/wp\/v2\/users\/1"}],"replies":[{"embeddable":true,"href":"https:\/\/amanecerhuasteco.com\/portal\/wp-json\/wp\/v2\/comments?post=113341"}],"version-history":[{"count":1,"href":"https:\/\/amanecerhuasteco.com\/portal\/wp-json\/wp\/v2\/posts\/113341\/revisions"}],"predecessor-version":[{"id":113343,"href":"https:\/\/amanecerhuasteco.com\/portal\/wp-json\/wp\/v2\/posts\/113341\/revisions\/113343"}],"wp:featuredmedia":[{"embeddable":true,"href":"https:\/\/amanecerhuasteco.com\/portal\/wp-json\/wp\/v2\/media\/113342"}],"wp:attachment":[{"href":"https:\/\/amanecerhuasteco.com\/portal\/wp-json\/wp\/v2\/media?parent=113341"}],"wp:term":[{"taxonomy":"category","embeddable":true,"href":"https:\/\/amanecerhuasteco.com\/portal\/wp-json\/wp\/v2\/categories?post=113341"},{"taxonomy":"post_tag","embeddable":true,"href":"https:\/\/amanecerhuasteco.com\/portal\/wp-json\/wp\/v2\/tags?post=113341"}],"curies":[{"name":"wp","href":"https:\/\/api.w.org\/{rel}","templated":true}]}}