{"id":113344,"date":"2026-04-24T11:33:36","date_gmt":"2026-04-24T17:33:36","guid":{"rendered":"https:\/\/amanecerhuasteco.com\/portal\/?p=113344"},"modified":"2026-04-30T11:35:36","modified_gmt":"2026-04-30T17:35:36","slug":"gobierno-de-santa-catarina-felicita-al-equipo-de-futbol-de-la-escuela-primaria-indigena-josefa-ortiz-de-dominguez","status":"publish","type":"post","link":"https:\/\/amanecerhuasteco.com\/portal\/gobierno-de-santa-catarina-felicita-al-equipo-de-futbol-de-la-escuela-primaria-indigena-josefa-ortiz-de-dominguez\/","title":{"rendered":"Gobierno de Santa Catarina felicita al equipo de futbol de la escuela primaria ind\u00edgena Josefa Ortiz de Dominguez"},"content":{"rendered":"\n<p>Nuestro Presidente Municipal Juan Carlos Ramos y el Gobierno Municipal de Santa Catarina felicitan a las ni\u00f1as integrantes del equipo de f\u00fatbol <img decoding=\"async\" height=\"16\" width=\"16\" alt=\"\u26bd\ufe0f\" src=\"https:\/\/static.xx.fbcdn.net\/images\/emoji.php\/v9\/taf\/1\/16\/26bd.png\"> de la Escuela Primaria Ind\u00edgena Josefa Ortiz de Dom\u00ednguez, de la comunidad de Lim\u00f3n de la Pe\u00f1a, por haber obtenido el primer lugar <img decoding=\"async\" height=\"16\" width=\"16\" alt=\"\ud83e\udd47\" src=\"https:\/\/static.xx.fbcdn.net\/images\/emoji.php\/v9\/t94\/1\/16\/1f947.png\"> en el torneo deportivo de la zona 101 de primarias de nuestro municipio.<\/p>\n\n\n\n<p>Nos llena de orgullo su dedicaci\u00f3n, esfuerzo <img decoding=\"async\" height=\"16\" width=\"16\" alt=\"\ud83d\udcaa\" src=\"https:\/\/static.xx.fbcdn.net\/images\/emoji.php\/v9\/t6c\/1\/16\/1f4aa.png\"> y talento <img decoding=\"async\" height=\"16\" width=\"16\" alt=\"\ud83c\udf1f\" src=\"https:\/\/static.xx.fbcdn.net\/images\/emoji.php\/v9\/te0\/1\/16\/1f31f.png\">. Este tipo de actividades fortalecen la sana convivencia <img decoding=\"async\" height=\"16\" width=\"16\" alt=\"\ud83e\udd1d\" src=\"https:\/\/static.xx.fbcdn.net\/images\/emoji.php\/v9\/t64\/1\/16\/1f91d.png\"> e impulsan a nuestras ni\u00f1as y ni\u00f1os a practicar el deporte <img decoding=\"async\" height=\"16\" width=\"16\" alt=\"\ud83c\udfc3\u200d\u2640\ufe0f\" src=\"https:\/\/static.xx.fbcdn.net\/images\/emoji.php\/v9\/ta9\/1\/16\/1f3c3_200d_2640.png\"> y construir un mejor futuro.<\/p>\n","protected":false},"excerpt":{"rendered":"<p>Nuestro Presidente Municipal Juan Carlos Ramos y el Gobierno Municipal de Santa Catarina felicitan a las ni\u00f1as integrantes del equipo de f\u00fatbol de la Escuela Primaria Ind\u00edgena Josefa Ortiz de Dom\u00ednguez, de la comunidad de Lim\u00f3n de la Pe\u00f1a, por haber obtenido el primer lugar &hellip; <\/p>\n","protected":false},"author":1,"featured_media":113345,"comment_status":"open","ping_status":"open","sticky":false,"template":"","format":"standard","meta":{"footnotes":""},"categories":[13,76,11,15,4,10],"tags":[],"class_list":["post-113344","post","type-post","status-publish","format-standard","has-post-thumbnail","hentry","category-agropecuaria","category-educacion","category-estado","category-ganaderos","category-inicio","category-municipios"],"_links":{"self":[{"href":"https:\/\/amanecerhuasteco.com\/portal\/wp-json\/wp\/v2\/posts\/113344","targetHints":{"allow":["GET"]}}],"collection":[{"href":"https:\/\/amanecerhuasteco.com\/portal\/wp-json\/wp\/v2\/posts"}],"about":[{"href":"https:\/\/amanecerhuasteco.com\/portal\/wp-json\/wp\/v2\/types\/post"}],"author":[{"embeddable":true,"href":"https:\/\/amanecerhuasteco.com\/portal\/wp-json\/wp\/v2\/users\/1"}],"replies":[{"embeddable":true,"href":"https:\/\/amanecerhuasteco.com\/portal\/wp-json\/wp\/v2\/comments?post=113344"}],"version-history":[{"count":1,"href":"https:\/\/amanecerhuasteco.com\/portal\/wp-json\/wp\/v2\/posts\/113344\/revisions"}],"predecessor-version":[{"id":113346,"href":"https:\/\/amanecerhuasteco.com\/portal\/wp-json\/wp\/v2\/posts\/113344\/revisions\/113346"}],"wp:featuredmedia":[{"embeddable":true,"href":"https:\/\/amanecerhuasteco.com\/portal\/wp-json\/wp\/v2\/media\/113345"}],"wp:attachment":[{"href":"https:\/\/amanecerhuasteco.com\/portal\/wp-json\/wp\/v2\/media?parent=113344"}],"wp:term":[{"taxonomy":"category","embeddable":true,"href":"https:\/\/amanecerhuasteco.com\/portal\/wp-json\/wp\/v2\/categories?post=113344"},{"taxonomy":"post_tag","embeddable":true,"href":"https:\/\/amanecerhuasteco.com\/portal\/wp-json\/wp\/v2\/tags?post=113344"}],"curies":[{"name":"wp","href":"https:\/\/api.w.org\/{rel}","templated":true}]}}